{"id":9876,"date":"2020-03-11T13:15:30","date_gmt":"2020-03-11T16:15:30","guid":{"rendered":"https:\/\/mitsp.org\/2020\/?p=9876"},"modified":"2020-03-12T08:27:44","modified_gmt":"2020-03-12T11:27:44","slug":"encontro-com-lisandro-rodruigues","status":"publish","type":"post","link":"https:\/\/mitsp.org\/2020\/encontro-com-lisandro-rodruigues\/","title":{"rendered":"Encontro com Lisandro Rodriguez"},"content":{"rendered":"<h6>RODAS DE CONVERSA<\/h6>\n<h3><strong>ENCONTRO COM LISANDRO RODRIGUEZ<\/strong><\/h3>\n<p><span style=\"color: #cb898a;\"><span style=\"font-weight: 400;\"><strong>MEDIA\u00c7\u00c3O<\/strong> Maria Fernanda Vomero<\/span><\/span><\/p>\n<p><img class=\"size-fusion-400 wp-image-9467 alignright\" src=\"https:\/\/mitsp.org\/2020\/wp-content\/uploads\/2020\/03\/Lisandro-Rodriguez_FotoNora-Lezano-400x267.jpg\" alt=\"\" width=\"400\" height=\"267\" srcset=\"https:\/\/mitsp.org\/2020\/wp-content\/uploads\/2020\/03\/Lisandro-Rodriguez_FotoNora-Lezano-200x133.jpg 200w, https:\/\/mitsp.org\/2020\/wp-content\/uploads\/2020\/03\/Lisandro-Rodriguez_FotoNora-Lezano-300x200.jpg 300w, https:\/\/mitsp.org\/2020\/wp-content\/uploads\/2020\/03\/Lisandro-Rodriguez_FotoNora-Lezano-400x267.jpg 400w, https:\/\/mitsp.org\/2020\/wp-content\/uploads\/2020\/03\/Lisandro-Rodriguez_FotoNora-Lezano-600x400.jpg 600w, https:\/\/mitsp.org\/2020\/wp-content\/uploads\/2020\/03\/Lisandro-Rodriguez_FotoNora-Lezano-768x512.jpg 768w, https:\/\/mitsp.org\/2020\/wp-content\/uploads\/2020\/03\/Lisandro-Rodriguez_FotoNora-Lezano.jpg 800w\" sizes=\"(max-width: 400px) 100vw, 400px\" \/><\/p>\n<p>Entrevista p\u00fablica com o encenador argentino, que est\u00e1 conduzindo a resid\u00eancia art\u00edstica Teatro Urgente: Encontro Agonizante na MITsp. A resid\u00eancia promove abertura e questionamento, troca e reflex\u00e3o, buscando a desconstru\u00e7\u00e3o constante dos princ\u00edpios naturalizados de representa\u00e7\u00e3o para que encenador e participantes encontrem uma linguagem c\u00eanica \u00fanica, po\u00e9tica e pessoal.<\/p>\n<p><strong>Atividade Gratuita e aberta ao p\u00fablico.<\/strong><\/p>\n<p><img class=\"alignnone size-full wp-image-6077\" src=\"https:\/\/mitsp.org\/2020\/wp-content\/uploads\/2020\/02\/divider-acoes-pedagogicas.jpg\" alt=\"\" width=\"300\" height=\"8\" srcset=\"https:\/\/mitsp.org\/2020\/wp-content\/uploads\/2020\/02\/divider-acoes-pedagogicas-200x5.jpg 200w, https:\/\/mitsp.org\/2020\/wp-content\/uploads\/2020\/02\/divider-acoes-pedagogicas.jpg 300w\" sizes=\"(max-width: 300px) 100vw, 300px\" \/><\/p>\n<h5><span style=\"color: #cb898a;\"><strong>QUANDO<\/strong><\/span><\/h5>\n<p>15 de mar\u00e7o \u00e0s 12h<\/p>\n<h5><span style=\"color: #cb898a;\"><strong>ONDE<\/strong><\/span><\/h5>\n<p><a href=\"https:\/\/goo.gl\/maps\/FnRLspqzchFnBYEM6\" target=\"_blank\" rel=\"noopener noreferrer\"><strong>Oficina Cultural Oswald de Andrade<\/strong><\/a><\/p>\n<blockquote><p>&gt;&gt;&gt; Tamb\u00e9m em 15 de mar\u00e7o, \u00e0s 16h30, haver\u00e1 apresenta\u00e7\u00e3o do experimento c\u00eanico resultante da resid\u00eancia art\u00edstica. Sala Tarsila do Amaral, Centro Cultural S\u00e3o Paulo<\/p><\/blockquote>\n<p>&nbsp;<\/p>\n<div class=\"fusion-widget-area fusion-widget-area-1 fusion-content-widget-area\"><style type=\"text\/css\">.fusion-widget-area-1 {padding:0px 0px 0px 0px;}.fusion-widget-area-1 .widget h4 {color:#333333;}.fusion-widget-area-1 .widget .heading h4 {color:#333333;}.fusion-widget-area-1 .widget h4 {font-size:20px;}.fusion-widget-area-1 .widget .heading h4 {font-size:20px;}<\/style><div id=\"text-3\" class=\"widget widget_text\">\t\t\t<div class=\"textwidget\"><p><div class=\"fusion-fullwidth fullwidth-box fusion-builder-row-116 fusion-parallax-fixed nonhundred-percent-fullwidth non-hundred-percent-height-scrolling\" style=\"background-color: rgba(255,255,255,0);background-image: url(&quot;https:\/\/mitsp.org\/2020\/wp-content\/uploads\/2020\/01\/footer-eixos1.png&quot;);background-position: center center;background-repeat: no-repeat;padding-top:130px;padding-right:0px;padding-bottom:130px;padding-left:0px;margin-bottom: 0px;margin-top: 0px;border-width: 0px 0px 0px 0px;border-color:#eae9e9;border-style:solid;-webkit-background-size:cover;-moz-background-size:cover;-o-background-size:cover;background-size:cover;background-attachment:fixed;\" ><div class=\"fusion-builder-row fusion-row\"><div class=\"fusion-layout-column fusion_builder_column fusion-builder-column-207 fusion_builder_column_1_1 1_1 fusion-one-full fusion-column-first fusion-column-last\" style=\"margin-top:0px;margin-bottom:20px;\"><div class=\"fusion-column-wrapper fusion-flex-column-wrapper-legacy\" style=\"background-position:left top;background-repeat:no-repeat;-webkit-background-size:cover;-moz-background-size:cover;-o-background-size:cover;background-size:cover;padding: 0px 0px 0px 0px;\"><div class=\"fusion-clearfix\"><\/div><\/div><\/div><\/div><\/div><div class=\"fusion-fullwidth fullwidth-box fusion-builder-row-117 hundred-percent-fullwidth non-hundred-percent-height-scrolling\" style=\"background-color: rgba(255,255,255,0);background-position: center center;background-repeat: no-repeat;padding-top:0px;padding-right:0px;padding-bottom:0px;padding-left:0px;margin-bottom: 0px;margin-top: 0px;border-width: 0px 0px 0px 0px;border-color:#eae9e9;border-style:solid;\" ><div class=\"fusion-builder-row fusion-row\"><div class=\"fusion-layout-column fusion_builder_column fusion-builder-column-208 fusion_builder_column_1_1 1_1 fusion-one-full fusion-column-first fusion-column-last\" style=\"margin-top:0px;margin-bottom:20px;\"><div class=\"fusion-column-wrapper fusion-flex-column-wrapper-legacy\" style=\"background-position:left top;background-repeat:no-repeat;-webkit-background-size:cover;-moz-background-size:cover;-o-background-size:cover;background-size:cover;border-bottom:12px solid #cb898a;padding: 0px 0px 0px 0px;\"><div class=\"fusion-clearfix\"><\/div><\/div><\/div><\/div><\/div><\/p>\n<\/div>\n\t\t<\/div><div class=\"fusion-additional-widget-content\"><\/div><\/div>\n","protected":false},"excerpt":{"rendered":"<p>RODAS DE CONVERSA ENCONTRO COM LISANDRO RODRIGUEZ MEDIA\u00c7\u00c3O Maria Fernanda Vomero Entrevista p\u00fablica com o [&hellip;]<\/p>\n","protected":false},"author":1,"featured_media":9467,"comment_status":"closed","ping_status":"open","sticky":false,"template":"","format":"standard","meta":{"_links_to":"","_links_to_target":""},"categories":[5,54],"tags":[],"yst_prominent_words":[],"acf":{"synopsis":"Entrevista p\u00fablica com o encenador argentino, que est\u00e1 conduzindo a resid\u00eancia art\u00edstica Teatro Urgente: Encontro Agonizante na MITsp. A resid\u00eancia promove abertura e questionamento, troca e reflex\u00e3o, buscando a desconstru\u00e7\u00e3o constante dos princ\u00edpios naturalizados de representa\u00e7\u00e3o para que encenador e participantes encontrem uma linguagem c\u00eanica \u00fanica, po\u00e9tica e pessoal.","age_restriction":"0","duration":"80","director":"MEDIA\u00c7\u00c3O Maria Fernanda Vomero","teaser_url":"","payment_type":"free","purchase_url":"","places":[{"place":6920,"region":"1","date":"2020-03-15 00:00:00"}],"activities":[6161],"payment_info":"","live":false},"_links":{"self":[{"href":"https:\/\/mitsp.org\/2020\/wp-json\/wp\/v2\/posts\/9876"}],"collection":[{"href":"https:\/\/mitsp.org\/2020\/wp-json\/wp\/v2\/posts"}],"about":[{"href":"https:\/\/mitsp.org\/2020\/wp-json\/wp\/v2\/types\/post"}],"author":[{"embeddable":true,"href":"https:\/\/mitsp.org\/2020\/wp-json\/wp\/v2\/users\/1"}],"replies":[{"embeddable":true,"href":"https:\/\/mitsp.org\/2020\/wp-json\/wp\/v2\/comments?post=9876"}],"version-history":[{"count":0,"href":"https:\/\/mitsp.org\/2020\/wp-json\/wp\/v2\/posts\/9876\/revisions"}],"wp:featuredmedia":[{"embeddable":true,"href":"https:\/\/mitsp.org\/2020\/wp-json\/wp\/v2\/media\/9467"}],"wp:attachment":[{"href":"https:\/\/mitsp.org\/2020\/wp-json\/wp\/v2\/media?parent=9876"}],"wp:term":[{"taxonomy":"category","embeddable":true,"href":"https:\/\/mitsp.org\/2020\/wp-json\/wp\/v2\/categories?post=9876"},{"taxonomy":"post_tag","embeddable":true,"href":"https:\/\/mitsp.org\/2020\/wp-json\/wp\/v2\/tags?post=9876"},{"taxonomy":"yst_prominent_words","embeddable":true,"href":"https:\/\/mitsp.org\/2020\/wp-json\/wp\/v2\/yst_prominent_words?post=9876"}],"curies":[{"name":"wp","href":"https:\/\/api.w.org\/{rel}","templated":true}]}}