{"id":9617,"date":"2020-03-07T12:40:31","date_gmt":"2020-03-07T15:40:31","guid":{"rendered":"https:\/\/mitsp.org\/2020\/?p=9617"},"modified":"2020-03-12T14:28:43","modified_gmt":"2020-03-12T17:28:43","slug":"casa-caiu-por-dodi-tavares-borges-leal","status":"publish","type":"post","link":"https:\/\/mitsp.org\/2020\/casa-caiu-por-dodi-tavares-borges-leal\/","title":{"rendered":"A casa caiu? <h6>por Dodi Tavares Borges Leal<\/h6>"},"content":{"rendered":"<h3>A casa caiu?<\/h3>\n<h6>por Dodi Tavares Borges Leal<\/h6>\n<p><img class=\"alignnone wp-image-9618 size-full\" src=\"https:\/\/mitsp.org\/2020\/wp-content\/uploads\/2020\/03\/16-Contes-Immoraux-Partie-1-Maison-M\u00e8re-\u00a9\ufe0fJean-Luc-Beaujault.jpg\" alt=\"Contos Imorais - Parte 1: Casa M\u00e3e \u00a9\ufe0fJean-Luc Beaujault\" width=\"800\" height=\"506\" srcset=\"https:\/\/mitsp.org\/2020\/wp-content\/uploads\/2020\/03\/16-Contes-Immoraux-Partie-1-Maison-M\u00e8re-\u00a9\ufe0fJean-Luc-Beaujault-200x127.jpg 200w, https:\/\/mitsp.org\/2020\/wp-content\/uploads\/2020\/03\/16-Contes-Immoraux-Partie-1-Maison-M\u00e8re-\u00a9\ufe0fJean-Luc-Beaujault-300x190.jpg 300w, https:\/\/mitsp.org\/2020\/wp-content\/uploads\/2020\/03\/16-Contes-Immoraux-Partie-1-Maison-M\u00e8re-\u00a9\ufe0fJean-Luc-Beaujault-320x202.jpg 320w, https:\/\/mitsp.org\/2020\/wp-content\/uploads\/2020\/03\/16-Contes-Immoraux-Partie-1-Maison-M\u00e8re-\u00a9\ufe0fJean-Luc-Beaujault-400x253.jpg 400w, https:\/\/mitsp.org\/2020\/wp-content\/uploads\/2020\/03\/16-Contes-Immoraux-Partie-1-Maison-M\u00e8re-\u00a9\ufe0fJean-Luc-Beaujault-600x380.jpg 600w, https:\/\/mitsp.org\/2020\/wp-content\/uploads\/2020\/03\/16-Contes-Immoraux-Partie-1-Maison-M\u00e8re-\u00a9\ufe0fJean-Luc-Beaujault-768x486.jpg 768w, https:\/\/mitsp.org\/2020\/wp-content\/uploads\/2020\/03\/16-Contes-Immoraux-Partie-1-Maison-M\u00e8re-\u00a9\ufe0fJean-Luc-Beaujault.jpg 800w\" sizes=\"(max-width: 800px) 100vw, 800px\" \/><\/p>\n<p>E se as institui\u00e7\u00f5es que d\u00e3o pilar \u00e0 sociedade estivessem \u00e0 beira de cair com um sopro? Na f\u00e1bula dos tr\u00eas porquinhos aprendemos, dentre outras coisas, que proteger-se do lobo mau depende da for\u00e7a das estruturas que erguem. Em <em><a href=\"https:\/\/mitsp.org\/2020\/contos-imorais-parte-1-casa-mae\/\">Contos Imorais &#8211; Parte 1: Casa M\u00e3e<\/a> (Contes Immoraux \u2013 Partie 1: Maison M\u00e8re)<\/em>, vemos que \u00e1gua mole em papel\u00e3o mais mole ainda tanto bate at\u00e9 que cai. E perguntamos, de que mat\u00e9ria f\u00edsica \u00e9 feita a democracia? Para preservar as institui\u00e7\u00f5es dos desgastes precisamos ergu\u00ea-la com que mat\u00e9ria?<\/p>\n<p>Uma casa sob encomenda do IKEA. Monte voc\u00ea mesmo! Ser\u00e1 que a mega-loja passou a vender tamb\u00e9m um kit Estado de direito democr\u00e1tico com instru\u00e7\u00f5es de instala\u00e7\u00e3o e de uso? Phia M\u00e9nard nos apresenta o (nosso) ch\u00e3o com uma s\u00e9rie de pe\u00e7as que acabam por tornar-se espetinho de palco. Placas voadoras. \u00c9 preciso dar ades\u00e3o \u00e0s jun\u00e7\u00f5es. Toda a mat\u00e9ria vem do ch\u00e3o. Fita adesiva pode colar peda\u00e7os de poder? A personagem arranca no dente. Peda\u00e7os de fita. Sua compuls\u00e3o, em certa pressa crescente, e a colagem de fita sobre fita nos indicam que \u00e9 preciso fixar bem. Ela parece que tentou com todas as suas for\u00e7as que a casa ficasse de p\u00e9.<\/p>\n<p>\u201cQual \u00e9 a figura que voc\u00ea leva para a cena?\u201d. Perguntou-se \u00e0 Phia M\u00e9nard ap\u00f3s a primeira apresenta\u00e7\u00e3o de <em>Casa M\u00e3e<\/em> no Sesc Pinheiros, pela MITsp 2020. Ela responde: \u201cFemme. Femme. Femme!\u201d Uma mulher. Aqui no Brasil h\u00e1 algumas d\u00e9cadas, antes das construtoras reinarem o mercado, quem constru\u00eda as casas eram os pedreiros. E Phia \u00e9 uma pedreira da cena, uma soldada com suas lan\u00e7as e armadura. \u00c0s vezes ela se enfia embaixo do ch\u00e3o de placas e desprega seus ligamentos construindo assim um teto. Ergue uma parede, depois outra, depois outra. A mulher maneja a destreza do equil\u00edbrio. O som de f\u00e1brica da paisagem logo adianta o tilintar met\u00e1lico-hidr\u00e1ulico e a profus\u00e3o de chuva que est\u00e1 por vir. Por ora, uma casa maluca, onde imagina-se viver em uma planitude diagonalizada.<\/p>\n<p>A estrutura da poss\u00edvel casa balan\u00e7ando nos d\u00e1 afli\u00e7\u00e3o enquanto p\u00fablico. Algo que n\u00f3s cidad\u00e3s\/\u00e3os sentimos quando as institui\u00e7\u00f5es democr\u00e1ticas est\u00e3o abaladas. E parece que s\u00f3 h\u00e1 uma pessoa que tem o c\u00e1lculo de salv\u00e1-la. Ou de v\u00ea-la ruir. \u00c9 uma grande guerreira travesti. Ela ousa at\u00e9 mesmo tirar um sarro com quem \u00e9 espectador\/a: fecha na nossa cara a quarta parede. Da casa e da cena. Onde ficam as conven\u00e7\u00f5es teatrais quando o cen\u00e1rio \u00e9 uma gangorra e quando a casa est\u00e1 de ponta cabe\u00e7a? Qual a for\u00e7a de constitui\u00e7\u00f5es democr\u00e1ticas quando as superf\u00edcies j\u00e1 n\u00e3o se mostram planas, nem verticais?<\/p>\n<p>L\u00e1 de dentro sai uma pessoa trans com uma serra el\u00e9trica. Ela rasga as paredes. A serra pode ser suas unhas. Eis que visualizamos o Parthenon. A casa do povo? Ber\u00e7o da democracia, ou avesso da democracia. Lembramos do texto Casa Vac\u00eda de Paul Preciado no qual ele correlaciona a pressa em mobiliar uma casa com a cisgeneridade naturalizada que precisa preencher os espa\u00e7os sem lidar com os vazios com as quais as transi\u00e7\u00f5es nos fazem viver. Construir a pr\u00f3pria casa, uma aven\u00e7\u00e3o da transgeneridade.<\/p>\n<p>A\u00ed vemos ela ao lado da casa constru\u00edda. Estamos a perceber o tempo que leva para os objetos se modificarem. O temporal cai e faz ruir impiedosamente as institui\u00e7\u00f5es democr\u00e1ticas erguidas. Acompanhamos as colunas desmancharem uma a uma. Os ladrilhos cedem. Grande fuma\u00e7a vem de cima enquanto as colunas se dobram. Parece que a casa vai cair mais r\u00e1pido, e juntar-se \u00e0s po\u00e7as d&#8217;\u00e1gua formadas no ch\u00e3o. E a travesti ao lado. \u00c9 preciso notar que ela tamb\u00e9m esteve em transi\u00e7\u00e3o o tempo todo. Uma gota trava.<\/p>\n<p>Enquanto a casa caiu, vemos a mulher trans se erguendo com uma for\u00e7a adquirida gota a gota. Ela agradece dobrando a coluna do seu corpo, enquanto as colunas da casa j\u00e1 est\u00e3o derrubadas. \u00c9 traviarcado que fala?<\/p>\n","protected":false},"excerpt":{"rendered":"<p>A casa caiu? por Dodi Tavares Borges Leal E se as institui\u00e7\u00f5es que d\u00e3o pilar [&hellip;]<\/p>\n","protected":false},"author":7,"featured_media":9618,"comment_status":"closed","ping_status":"open","sticky":false,"template":"","format":"standard","meta":{"_links_to":"","_links_to_target":""},"categories":[8],"tags":[99],"yst_prominent_words":[],"acf":{"synopsis":"","age_restriction":"0","duration":"","director":"","teaser_url":"","payment_type":"free","purchase_url":"","places":false,"activities":"","payment_info":"","live":false},"_links":{"self":[{"href":"https:\/\/mitsp.org\/2020\/wp-json\/wp\/v2\/posts\/9617"}],"collection":[{"href":"https:\/\/mitsp.org\/2020\/wp-json\/wp\/v2\/posts"}],"about":[{"href":"https:\/\/mitsp.org\/2020\/wp-json\/wp\/v2\/types\/post"}],"author":[{"embeddable":true,"href":"https:\/\/mitsp.org\/2020\/wp-json\/wp\/v2\/users\/7"}],"replies":[{"embeddable":true,"href":"https:\/\/mitsp.org\/2020\/wp-json\/wp\/v2\/comments?post=9617"}],"version-history":[{"count":0,"href":"https:\/\/mitsp.org\/2020\/wp-json\/wp\/v2\/posts\/9617\/revisions"}],"wp:featuredmedia":[{"embeddable":true,"href":"https:\/\/mitsp.org\/2020\/wp-json\/wp\/v2\/media\/9618"}],"wp:attachment":[{"href":"https:\/\/mitsp.org\/2020\/wp-json\/wp\/v2\/media?parent=9617"}],"wp:term":[{"taxonomy":"category","embeddable":true,"href":"https:\/\/mitsp.org\/2020\/wp-json\/wp\/v2\/categories?post=9617"},{"taxonomy":"post_tag","embeddable":true,"href":"https:\/\/mitsp.org\/2020\/wp-json\/wp\/v2\/tags?post=9617"},{"taxonomy":"yst_prominent_words","embeddable":true,"href":"https:\/\/mitsp.org\/2020\/wp-json\/wp\/v2\/yst_prominent_words?post=9617"}],"curies":[{"name":"wp","href":"https:\/\/api.w.org\/{rel}","templated":true}]}}