{"id":9348,"date":"2020-03-05T19:29:41","date_gmt":"2020-03-05T22:29:41","guid":{"rendered":"https:\/\/mitsp.org\/2020\/?p=9348"},"modified":"2020-03-06T08:42:48","modified_gmt":"2020-03-06T11:42:48","slug":"insurgencia-em-tempos-de-escassez","status":"publish","type":"post","link":"https:\/\/mitsp.org\/2020\/insurgencia-em-tempos-de-escassez\/","title":{"rendered":"Insurg\u00eancia em tempos de escassez por Guilherme Marques"},"content":{"rendered":"<h5><em>por Guilherme Marques,\u00a0 idealizador e diretor geral de produ\u00e7\u00e3o<\/em><\/h5>\n<p>Insurgir em tempos de escassez sempre foi o meu desafio. Sempre busquei no fazer art\u00edstico for\u00e7as para transformar a escassez em algo necess\u00e1rio que suscitasse a troca, o conhecimento e o di\u00e1logo. Ao longo da minha trajet\u00f3ria tive muitos projetos bem-sucedidos e outros nem tanto, por\u00e9m, sigo firme no meu prop\u00f3sito como cidad\u00e3o na busca e dignifica\u00e7\u00e3o das minhas escolhas art\u00edsticas e intelectuais. Por mais complexa\u00a0que seja a nossa profiss\u00e3o, num pa\u00eds onde o artista \u00e9 invisibilizado e marginalizado por uma grande parte da popula\u00e7\u00e3o, esse desafio torna a tarefa herc\u00falea! Resistimos ou morremos?! Na atual conjuntura pol\u00edtica do pa\u00eds, proponho-me a rever as minhas &#8220;convic\u00e7\u00f5es\u201d, \u201cverdades\u201d e \u201ccertezas\u201d diante de tanta desumaniza\u00e7\u00e3o e autoritarismo.<\/p>\n<p>Como gestor e produtor cultural trago a reflex\u00e3o e o debate sobre a fric\u00e7\u00e3o entre a idealiza\u00e7\u00e3o e a execu\u00e7\u00e3o dos projetos. Pois muitas vezes os impasses burocr\u00e1ticos e as respostas tardias dos recursos para realiza\u00e7\u00e3o dos festivais, al\u00e9m de onerar os custos, adoece a todos n\u00f3s. \u00c9 urgente e se faz necess\u00e1rio tanto o poder p\u00fablico quanto o privado repensarem os tempos e os modos de fazer produ\u00e7\u00e3o em nosso pa\u00eds. Um planejamento a m\u00e9dio e longo prazo impacta diretamente a redu\u00e7\u00e3o dos gastos e d\u00e1 uma maior visibilidade tanto para as a\u00e7\u00f5es art\u00edsticas como para as institui\u00e7\u00f5es apoiadoras. Sendo assim, ganhamos todos.<\/p>\n<p>Acredito que o \u00e2mbito cultural \u00e9 uma pot\u00eancia! J\u00e1 est\u00e1 mais que evidenciado, tamb\u00e9m por meio de estudos pr\u00e9vios, que este \u00e9 um dos setores que mais geram riqueza para o nosso pa\u00eds. Quer dizer, estamos falando de um mercado de trabalho que gera milh\u00f5es de empregos. \u00c9 urgente termos em nossas m\u00e3os os indicadores econ\u00f4micos da cultura para sabermos exatamente a pot\u00eancia e a riqueza gerada pelo setor. Por isso que na atual conjuntura fa\u00e7o um apelo para que todos n\u00f3s, artistas, nos organizemos em torno de um movimento nacional para fazer esse levantamento e definitivamente mostrar a for\u00e7a da nossa \u00e1rea!<\/p>\n<p>Tomando como exemplo a edi\u00e7\u00e3o da MITsp 2020, geramos algo em torno de 150 empregos diretos e 300 indiretos. Movimentamos a hotelaria, restaurantes, teatros, transporte p\u00fablico, pagamos impostos e, al\u00e9m disso, promovemos 63 a\u00e7\u00f5es reflexivas e pedag\u00f3gicas gratuitas, 12 espet\u00e1culos internacionais e 13 espet\u00e1culos nacionais. Com a Plataforma Brasil &#8211; Programa de Internacionaliza\u00e7\u00e3o das Artes C\u00eanicas Brasileiras, um dos quatro eixos da MITsp, criamos uma interlocu\u00e7\u00e3o direta com 68 programadores nacionais e internacionais visando a circula\u00e7\u00e3o dos artistas brasileiros nos festivais e mostras pelo mundo. Em apenas duas edi\u00e7\u00f5es da Plataforma tivemos a evid\u00eancia de espet\u00e1culos e artistas convidados para se apresentarem em v\u00e1rios festivais. O que mostra a pujan\u00e7a e o diferencial da nossa produ\u00e7\u00e3o art\u00edstica. Lamento que o poder p\u00fablico nas tr\u00eas esferas n\u00e3o tenha desenvolvido ainda pol\u00edticas p\u00fablicas voltadas para a internacionaliza\u00e7\u00e3o dos nossos artistas. Ser\u00e1 que n\u00e3o est\u00e1 na hora de termos uma bancada parlamentar que defenda as nossas causas?<\/p>\n<p>Para finalizar, quero reconhecer os nossos parceiros pela acolhida, seja econ\u00f4mica ou mesmo sediando a\u00e7\u00f5es em seus espa\u00e7os, pois seria imposs\u00edvel realizar a Mostra Internacional de Teatro de S\u00e3o Paulo sem os seus apoios. Desde sempre agrade\u00e7o ao Banco Ita\u00fa, Ita\u00fa Cultural, Secretaria Municipal de Cultura, Secretaria Estadual de Cultura e Economia Criativa, Sesc S\u00e3o Paulo, Sesi-SP, Sabesp, Porto Seguro, Ve\u00f3lia, Instituto Franc\u00eas de Paris, Consulado da Fran\u00e7a em S\u00e3o Paulo, Goethe-Institut e Consulado da Alemanha em S\u00e3o Paulo, Pro Helvetia, British Council, Cultura Inglesa, Instituto Italiano, Instituto Cam\u00f5es e Consulado de Portugal em S\u00e3o Paulo.\u00a0Muito obrigado por acreditarem e incentivarem esta Mostra em tempos t\u00e3o sombrios!<\/p>\n","protected":false},"excerpt":{"rendered":"<p>por Guilherme Marques,\u00a0 idealizador e diretor geral de produ\u00e7\u00e3o Insurgir em tempos de escassez sempre [&hellip;]<\/p>\n","protected":false},"author":1,"featured_media":6197,"comment_status":"closed","ping_status":"open","sticky":false,"template":"","format":"standard","meta":{"_links_to":"","_links_to_target":""},"categories":[40],"tags":[],"yst_prominent_words":[],"acf":{"synopsis":"","age_restriction":"0","duration":"","director":"","teaser_url":"","payment_type":"free","purchase_url":"","places":false,"activities":"","payment_info":"","live":false},"_links":{"self":[{"href":"https:\/\/mitsp.org\/2020\/wp-json\/wp\/v2\/posts\/9348"}],"collection":[{"href":"https:\/\/mitsp.org\/2020\/wp-json\/wp\/v2\/posts"}],"about":[{"href":"https:\/\/mitsp.org\/2020\/wp-json\/wp\/v2\/types\/post"}],"author":[{"embeddable":true,"href":"https:\/\/mitsp.org\/2020\/wp-json\/wp\/v2\/users\/1"}],"replies":[{"embeddable":true,"href":"https:\/\/mitsp.org\/2020\/wp-json\/wp\/v2\/comments?post=9348"}],"version-history":[{"count":0,"href":"https:\/\/mitsp.org\/2020\/wp-json\/wp\/v2\/posts\/9348\/revisions"}],"wp:featuredmedia":[{"embeddable":true,"href":"https:\/\/mitsp.org\/2020\/wp-json\/wp\/v2\/media\/6197"}],"wp:attachment":[{"href":"https:\/\/mitsp.org\/2020\/wp-json\/wp\/v2\/media?parent=9348"}],"wp:term":[{"taxonomy":"category","embeddable":true,"href":"https:\/\/mitsp.org\/2020\/wp-json\/wp\/v2\/categories?post=9348"},{"taxonomy":"post_tag","embeddable":true,"href":"https:\/\/mitsp.org\/2020\/wp-json\/wp\/v2\/tags?post=9348"},{"taxonomy":"yst_prominent_words","embeddable":true,"href":"https:\/\/mitsp.org\/2020\/wp-json\/wp\/v2\/yst_prominent_words?post=9348"}],"curies":[{"name":"wp","href":"https:\/\/api.w.org\/{rel}","templated":true}]}}