{"id":9283,"date":"2020-03-05T15:02:12","date_gmt":"2020-03-05T18:02:12","guid":{"rendered":"https:\/\/mitsp.org\/2020\/?p=9283"},"modified":"2020-03-05T15:02:12","modified_gmt":"2020-03-05T18:02:12","slug":"tribute-to-francisco-medeiros","status":"publish","type":"post","link":"https:\/\/mitsp.org\/2020\/en\/tribute-to-francisco-medeiros\/","title":{"rendered":"Tribute To Francisco Medeiros"},"content":{"rendered":"<h6>Special<\/h6>\n<p><img class=\"size-fusion-400 wp-image-7994 alignright\" src=\"https:\/\/mitsp.org\/2020\/wp-content\/uploads\/2020\/02\/especial-Christine-Greiner-Lucienne-Gedes-2-400x266.jpg\" alt=\"Christine Greiner e Lucienne Gedes\" width=\"400\" height=\"266\" srcset=\"https:\/\/mitsp.org\/2020\/wp-content\/uploads\/2020\/02\/especial-Christine-Greiner-Lucienne-Gedes-2-200x133.jpg 200w, https:\/\/mitsp.org\/2020\/wp-content\/uploads\/2020\/02\/especial-Christine-Greiner-Lucienne-Gedes-2-300x200.jpg 300w, https:\/\/mitsp.org\/2020\/wp-content\/uploads\/2020\/02\/especial-Christine-Greiner-Lucienne-Gedes-2-400x266.jpg 400w, https:\/\/mitsp.org\/2020\/wp-content\/uploads\/2020\/02\/especial-Christine-Greiner-Lucienne-Gedes-2-600x400.jpg 600w, https:\/\/mitsp.org\/2020\/wp-content\/uploads\/2020\/02\/especial-Christine-Greiner-Lucienne-Gedes-2-768x511.jpg 768w, https:\/\/mitsp.org\/2020\/wp-content\/uploads\/2020\/02\/especial-Christine-Greiner-Lucienne-Gedes-2-800x533.jpg 800w, https:\/\/mitsp.org\/2020\/wp-content\/uploads\/2020\/02\/especial-Christine-Greiner-Lucienne-Gedes-2.jpg 1000w\" sizes=\"(max-width: 400px) 100vw, 400px\" \/><\/p>\n<h3>TRIBUTE TO FRANCISCO MEDEIROS<\/h3>\n<p>A tribute to theatre director Francisco Medeiros, who died in October 2019, happens at this meeting. Fragments of plays highlighting his 40-year trajectory will be screened, as well as readings and live performances by friends, actors, playwrights and directors.<\/p>\n<p><strong>ORGANIZATION:<\/strong> Christine Greiner, Pl\u00ednio Soares, Jos\u00e9 Rubens Siqueira and Lucienne Guedes Fahrer<\/p>\n<p><strong>GUESTS:<\/strong> Ary Fran\u00e7a, Aimar Labaki, Bel Kowarick, Dinah Feldman, Dr. Morris, Elias Andreato, Eloisa Elena, Gabriela Rabelo, Jos\u00e9 Rubens Siqueira, Luciano Gatti, Lucienne Guedes Fahrer, Marcello Airoldi, M\u00e1rcia Abujamra, Marcos Damigo, Marichilene Artisevskis, Pl\u00ednio Soares, T\u00e2nia Bondezan e Tereza Menezes<\/p>\n<h4><img class=\"alignnone size-full wp-image-7991\" src=\"https:\/\/mitsp.org\/2020\/wp-content\/uploads\/2020\/02\/divider-especiais.jpg\" alt=\"\" width=\"300\" height=\"8\" srcset=\"https:\/\/mitsp.org\/2020\/wp-content\/uploads\/2020\/02\/divider-especiais-200x5.jpg 200w, https:\/\/mitsp.org\/2020\/wp-content\/uploads\/2020\/02\/divider-especiais.jpg 300w\" sizes=\"(max-width: 300px) 100vw, 300px\" \/><\/h4>\n<h4><span style=\"color: #9e1f27;\">WHEN<\/span><\/h4>\n<p>March 9th, from 1:30pm to 3:30pm.<\/p>\n<h4><span style=\"color: #9e1f27;\">WHERE<\/span><\/h4>\n<p><strong><a href=\"https:\/\/goo.gl\/maps\/URYmKCGKeXhegXSm9\" target=\"_blank\" rel=\"noopener noreferrer\">Ita\u00fa Cultural, Sala Multiuso<\/a><\/strong><\/p>\n<div class=\"fusion-widget-area fusion-widget-area-1 fusion-content-widget-area\"><style type=\"text\/css\">.fusion-widget-area-1 {padding:0px 0px 0px 0px;}.fusion-widget-area-1 .widget h4 {color:#333333;}.fusion-widget-area-1 .widget .heading h4 {color:#333333;}.fusion-widget-area-1 .widget h4 {font-size:20px;}.fusion-widget-area-1 .widget .heading h4 {font-size:20px;}<\/style><div id=\"text-7\" class=\"widget widget_text\" style=\"border-style: solid;border-color:transparent;border-width:0px;\">\t\t\t<div class=\"textwidget\"><p><div class=\"fusion-fullwidth fullwidth-box fusion-builder-row-1 fusion-parallax-fixed nonhundred-percent-fullwidth non-hundred-percent-height-scrolling\" style=\"background-color: rgba(255,255,255,0);background-image: url(&quot;https:\/\/mitsp.org\/2020\/wp-content\/uploads\/2020\/01\/footer-eixos4.png&quot;);background-position: center center;background-repeat: no-repeat;padding-top:130px;padding-right:30px;padding-bottom:130px;padding-left:30px;margin-bottom: 0px;margin-top: 0px;border-width: 0px 0px 0px 0px;border-color:#eae9e9;border-style:solid;-webkit-background-size:cover;-moz-background-size:cover;-o-background-size:cover;background-size:cover;background-attachment:fixed;\" ><\/div><div class=\"fusion-fullwidth fullwidth-box fusion-builder-row-2 hundred-percent-fullwidth non-hundred-percent-height-scrolling\" style=\"background-color: rgba(255,255,255,0);background-position: center center;background-repeat: no-repeat;padding-top:0px;padding-right:0px;padding-bottom:0px;padding-left:0px;margin-bottom: 0px;margin-top: 0px;border-width: 0px 0px 0px 0px;border-color:#eae9e9;border-style:solid;\" ><div class=\"fusion-builder-row fusion-row\"><div class=\"fusion-layout-column fusion_builder_column fusion-builder-column-0 fusion_builder_column_1_1 1_1 fusion-one-full fusion-column-first fusion-column-last\" style=\"margin-top:0px;margin-bottom:20px;\"><div class=\"fusion-column-wrapper fusion-flex-column-wrapper-legacy\" style=\"background-position:left top;background-repeat:no-repeat;-webkit-background-size:cover;-moz-background-size:cover;-o-background-size:cover;background-size:cover;border-bottom:12px solid #9e1f27;padding: 0px 0px 0px 0px;\"><div class=\"fusion-clearfix\"><\/div><\/div><\/div><\/div><\/div><\/p>\n<\/div>\n\t\t<\/div><div class=\"fusion-additional-widget-content\"><\/div><\/div>\n","protected":false},"excerpt":{"rendered":"<p>Christine Greiner, Pl\u00ednio Soares, Jos\u00e9 Rubens Siqueira e Lucienne Guedes Fahrer<\/p>\n","protected":false},"author":6,"featured_media":7995,"comment_status":"closed","ping_status":"closed","sticky":false,"template":"","format":"standard","meta":{"_links_to":"","_links_to_target":""},"categories":[137],"tags":[],"yst_prominent_words":[],"acf":{"synopsis":"","age_restriction":"0","duration":"","director":"","teaser_url":"","payment_type":"free","purchase_url":"","places":false,"activities":"","payment_info":"","live":false},"_links":{"self":[{"href":"https:\/\/mitsp.org\/2020\/wp-json\/wp\/v2\/posts\/9283"}],"collection":[{"href":"https:\/\/mitsp.org\/2020\/wp-json\/wp\/v2\/posts"}],"about":[{"href":"https:\/\/mitsp.org\/2020\/wp-json\/wp\/v2\/types\/post"}],"author":[{"embeddable":true,"href":"https:\/\/mitsp.org\/2020\/wp-json\/wp\/v2\/users\/6"}],"replies":[{"embeddable":true,"href":"https:\/\/mitsp.org\/2020\/wp-json\/wp\/v2\/comments?post=9283"}],"version-history":[{"count":0,"href":"https:\/\/mitsp.org\/2020\/wp-json\/wp\/v2\/posts\/9283\/revisions"}],"wp:featuredmedia":[{"embeddable":true,"href":"https:\/\/mitsp.org\/2020\/wp-json\/wp\/v2\/media\/7995"}],"wp:attachment":[{"href":"https:\/\/mitsp.org\/2020\/wp-json\/wp\/v2\/media?parent=9283"}],"wp:term":[{"taxonomy":"category","embeddable":true,"href":"https:\/\/mitsp.org\/2020\/wp-json\/wp\/v2\/categories?post=9283"},{"taxonomy":"post_tag","embeddable":true,"href":"https:\/\/mitsp.org\/2020\/wp-json\/wp\/v2\/tags?post=9283"},{"taxonomy":"yst_prominent_words","embeddable":true,"href":"https:\/\/mitsp.org\/2020\/wp-json\/wp\/v2\/yst_prominent_words?post=9283"}],"curies":[{"name":"wp","href":"https:\/\/api.w.org\/{rel}","templated":true}]}}