{"id":9278,"date":"2020-03-05T14:58:10","date_gmt":"2020-03-05T17:58:10","guid":{"rendered":"https:\/\/mitsp.org\/2020\/?p=9278"},"modified":"2020-03-06T10:38:09","modified_gmt":"2020-03-06T13:38:09","slug":"anticolonial-perspective-meetings","status":"publish","type":"post","link":"https:\/\/mitsp.org\/2020\/en\/anticolonial-perspective-meetings\/","title":{"rendered":"Anticolonial Perspective Meetings"},"content":{"rendered":"<h6>Anticolonial Perspectives Seminar<\/h6>\n<h3>ANTICOLONIAL PERSPECTIVE MEETINGS<\/h3>\n<p><img class=\"size-fusion-400 wp-image-8027 alignright\" src=\"https:\/\/mitsp.org\/2020\/wp-content\/uploads\/2020\/02\/especial-Paulo-Arantes-Ailton-Krenak-400x266.jpg\" alt=\"Paulo Arantes e Ailton Krenak\" width=\"400\" height=\"266\" srcset=\"https:\/\/mitsp.org\/2020\/wp-content\/uploads\/2020\/02\/especial-Paulo-Arantes-Ailton-Krenak-200x133.jpg 200w, https:\/\/mitsp.org\/2020\/wp-content\/uploads\/2020\/02\/especial-Paulo-Arantes-Ailton-Krenak-300x200.jpg 300w, https:\/\/mitsp.org\/2020\/wp-content\/uploads\/2020\/02\/especial-Paulo-Arantes-Ailton-Krenak-400x266.jpg 400w, https:\/\/mitsp.org\/2020\/wp-content\/uploads\/2020\/02\/especial-Paulo-Arantes-Ailton-Krenak-600x400.jpg 600w, https:\/\/mitsp.org\/2020\/wp-content\/uploads\/2020\/02\/especial-Paulo-Arantes-Ailton-Krenak-768x511.jpg 768w, https:\/\/mitsp.org\/2020\/wp-content\/uploads\/2020\/02\/especial-Paulo-Arantes-Ailton-Krenak-800x533.jpg 800w, https:\/\/mitsp.org\/2020\/wp-content\/uploads\/2020\/02\/especial-Paulo-Arantes-Ailton-Krenak.jpg 1000w\" sizes=\"(max-width: 400px) 100vw, 400px\" \/><\/p>\n<p>The debates bring together researchers, artists and activists who work in different areas and cultural contexts to answer the question: \u201cWhat can we still imagine together?\u201d<\/p>\n<h4>PANEL 1 ABOUT TIME<\/h4>\n<p><strong>WITH<\/strong> Ailton Krenak and Paulo Arantes<\/p>\n<h4><span style=\"color: #9e1f27;\">WHEN<\/span><\/h4>\n<p>March 6th, Friday, from 10am to 1pm.<\/p>\n<h4><span style=\"color: #9e1f27;\">WHERE<\/span><\/h4>\n<p><a href=\"https:\/\/g.page\/sescavpaulista?share\" target=\"_blank\" rel=\"noopener noreferrer\"><b>Sesc Avenida Paulista &#8211; T\u00e9rreo<\/b><\/a><\/p>\n<p><img class=\"alignnone size-full wp-image-7991\" src=\"https:\/\/mitsp.org\/2020\/wp-content\/uploads\/2020\/02\/divider-especiais.jpg\" alt=\"\" width=\"300\" height=\"8\" srcset=\"https:\/\/mitsp.org\/2020\/wp-content\/uploads\/2020\/02\/divider-especiais-200x5.jpg 200w, https:\/\/mitsp.org\/2020\/wp-content\/uploads\/2020\/02\/divider-especiais.jpg 300w\" sizes=\"(max-width: 300px) 100vw, 300px\" \/><\/p>\n<p>&nbsp;<\/p>\n<p><img class=\"size-fusion-400 wp-image-8031 alignright\" src=\"https:\/\/mitsp.org\/2020\/wp-content\/uploads\/2020\/02\/especiais-Eleonora-Fabiao-Grace-Passo-Paula-Gonzales-400x266.jpg\" alt=\"Eleonora Fabi\u00e3o Grace Passo e Paula Gonzales\" width=\"400\" height=\"266\" srcset=\"https:\/\/mitsp.org\/2020\/wp-content\/uploads\/2020\/02\/especiais-Eleonora-Fabiao-Grace-Passo-Paula-Gonzales-200x133.jpg 200w, https:\/\/mitsp.org\/2020\/wp-content\/uploads\/2020\/02\/especiais-Eleonora-Fabiao-Grace-Passo-Paula-Gonzales-300x200.jpg 300w, https:\/\/mitsp.org\/2020\/wp-content\/uploads\/2020\/02\/especiais-Eleonora-Fabiao-Grace-Passo-Paula-Gonzales-400x266.jpg 400w, https:\/\/mitsp.org\/2020\/wp-content\/uploads\/2020\/02\/especiais-Eleonora-Fabiao-Grace-Passo-Paula-Gonzales-600x400.jpg 600w, https:\/\/mitsp.org\/2020\/wp-content\/uploads\/2020\/02\/especiais-Eleonora-Fabiao-Grace-Passo-Paula-Gonzales-768x511.jpg 768w, https:\/\/mitsp.org\/2020\/wp-content\/uploads\/2020\/02\/especiais-Eleonora-Fabiao-Grace-Passo-Paula-Gonzales-800x533.jpg 800w, https:\/\/mitsp.org\/2020\/wp-content\/uploads\/2020\/02\/especiais-Eleonora-Fabiao-Grace-Passo-Paula-Gonzales.jpg 1000w\" sizes=\"(max-width: 400px) 100vw, 400px\" \/><\/p>\n<h4>PANEL 2 ABOUT ACTIONS<\/h4>\n<p><strong>WITH <\/strong>Grace Pass\u00f4, Paula Gonz\u00e1lez Seguel and Eleonora Fabi\u00e3o<\/p>\n<h4><span style=\"color: #9e1f27;\">WHEN<\/span><\/h4>\n<p>March 6th, Friday, from 2pm to 5pm.<\/p>\n<h4><span style=\"color: #9e1f27;\">WHERE<\/span><\/h4>\n<p><a href=\"https:\/\/g.page\/sescavpaulista?share\" target=\"_blank\" rel=\"noopener noreferrer\"><b>Sesc Avenida Paulista &#8211; T\u00e9rreo<\/b><\/a><\/p>\n<p><img class=\"alignnone size-full wp-image-7991\" src=\"https:\/\/mitsp.org\/2020\/wp-content\/uploads\/2020\/02\/divider-especiais.jpg\" alt=\"\" width=\"300\" height=\"8\" srcset=\"https:\/\/mitsp.org\/2020\/wp-content\/uploads\/2020\/02\/divider-especiais-200x5.jpg 200w, https:\/\/mitsp.org\/2020\/wp-content\/uploads\/2020\/02\/divider-especiais.jpg 300w\" sizes=\"(max-width: 300px) 100vw, 300px\" \/><\/p>\n<p>&nbsp;<\/p>\n<h4><img class=\"size-fusion-400 wp-image-8908 alignright\" src=\"https:\/\/mitsp.org\/2020\/wp-content\/uploads\/2020\/02\/Luiz-Felipe-Alencastro-400x266.jpg\" alt=\"\" width=\"400\" height=\"266\" srcset=\"https:\/\/mitsp.org\/2020\/wp-content\/uploads\/2020\/02\/Luiz-Felipe-Alencastro-200x133.jpg 200w, https:\/\/mitsp.org\/2020\/wp-content\/uploads\/2020\/02\/Luiz-Felipe-Alencastro-300x200.jpg 300w, https:\/\/mitsp.org\/2020\/wp-content\/uploads\/2020\/02\/Luiz-Felipe-Alencastro-400x266.jpg 400w, https:\/\/mitsp.org\/2020\/wp-content\/uploads\/2020\/02\/Luiz-Felipe-Alencastro-600x400.jpg 600w, https:\/\/mitsp.org\/2020\/wp-content\/uploads\/2020\/02\/Luiz-Felipe-Alencastro-768x511.jpg 768w, https:\/\/mitsp.org\/2020\/wp-content\/uploads\/2020\/02\/Luiz-Felipe-Alencastro-800x533.jpg 800w, https:\/\/mitsp.org\/2020\/wp-content\/uploads\/2020\/02\/Luiz-Felipe-Alencastro.jpg 1000w\" sizes=\"(max-width: 400px) 100vw, 400px\" \/><\/h4>\n<h4>PANEL 3 PAST: CONTINUITY AND RUPTURE<\/h4>\n<p><strong>WITH <\/strong>Peter P\u00e1l Pelbart and Luiz Felipe de Alencastro<\/p>\n<h4><span style=\"color: #9e1f27;\">WHEN<\/span><\/h4>\n<p>March 7th, Saturday, from 10am to 1pm.<\/p>\n<h4><span style=\"color: #9e1f27;\">WHERE<\/span><\/h4>\n<p><a href=\"https:\/\/g.page\/sescavpaulista?share\" target=\"_blank\" rel=\"noopener noreferrer\"><b>Sesc Avenida Paulista &#8211; \u00a0Arte II (13\u00ba andar)<\/b><\/a><\/p>\n<p><img class=\"alignnone size-full wp-image-7991\" src=\"https:\/\/mitsp.org\/2020\/wp-content\/uploads\/2020\/02\/divider-especiais.jpg\" alt=\"\" width=\"300\" height=\"8\" srcset=\"https:\/\/mitsp.org\/2020\/wp-content\/uploads\/2020\/02\/divider-especiais-200x5.jpg 200w, https:\/\/mitsp.org\/2020\/wp-content\/uploads\/2020\/02\/divider-especiais.jpg 300w\" sizes=\"(max-width: 300px) 100vw, 300px\" \/><\/p>\n<p><img class=\"size-fusion-400 wp-image-8902 alignright\" src=\"https:\/\/mitsp.org\/2020\/wp-content\/uploads\/2020\/02\/especiais-Jean-Tible-Ana-Kiffer-400x266.jpg\" alt=\"Jean Tible e Ana Kiffer\" width=\"400\" height=\"266\" srcset=\"https:\/\/mitsp.org\/2020\/wp-content\/uploads\/2020\/02\/especiais-Jean-Tible-Ana-Kiffer-200x133.jpg 200w, https:\/\/mitsp.org\/2020\/wp-content\/uploads\/2020\/02\/especiais-Jean-Tible-Ana-Kiffer-300x200.jpg 300w, https:\/\/mitsp.org\/2020\/wp-content\/uploads\/2020\/02\/especiais-Jean-Tible-Ana-Kiffer-400x266.jpg 400w, https:\/\/mitsp.org\/2020\/wp-content\/uploads\/2020\/02\/especiais-Jean-Tible-Ana-Kiffer-600x400.jpg 600w, https:\/\/mitsp.org\/2020\/wp-content\/uploads\/2020\/02\/especiais-Jean-Tible-Ana-Kiffer-768x511.jpg 768w, https:\/\/mitsp.org\/2020\/wp-content\/uploads\/2020\/02\/especiais-Jean-Tible-Ana-Kiffer-800x533.jpg 800w, https:\/\/mitsp.org\/2020\/wp-content\/uploads\/2020\/02\/especiais-Jean-Tible-Ana-Kiffer.jpg 1000w\" sizes=\"(max-width: 400px) 100vw, 400px\" \/><\/p>\n<h4>PANEL 4 ABOUT THE ORDINARY<\/h4>\n<p><strong>WITH<\/strong> Jean Tible and Ana Kiffer<\/p>\n<h4><span style=\"color: #9e1f27;\">WHEN<\/span><\/h4>\n<p>March 7th, Saturday, from 2pm to 5pm.<\/p>\n<h4><span style=\"color: #9e1f27;\">WHERE<\/span><\/h4>\n<p><a href=\"https:\/\/g.page\/sescavpaulista?share\" target=\"_blank\" rel=\"noopener noreferrer\"><b>Sesc Avenida Paulista &#8211; <\/b><\/a><b><a href=\"https:\/\/g.page\/sescavpaulista?share\" target=\"_blank\" rel=\"noopener noreferrer\">Arte II (13\u00ba andar)<\/a><\/b><\/p>\n<p>&nbsp;<\/p>\n<div class=\"fusion-widget-area fusion-widget-area-1 fusion-content-widget-area\"><style type=\"text\/css\">.fusion-widget-area-1 {padding:0px 0px 0px 0px;}.fusion-widget-area-1 .widget h4 {color:#333333;}.fusion-widget-area-1 .widget .heading h4 {color:#333333;}.fusion-widget-area-1 .widget h4 {font-size:20px;}.fusion-widget-area-1 .widget .heading h4 {font-size:20px;}<\/style><div id=\"text-7\" class=\"widget widget_text\" style=\"border-style: solid;border-color:transparent;border-width:0px;\">\t\t\t<div class=\"textwidget\"><p><div class=\"fusion-fullwidth fullwidth-box fusion-builder-row-1 fusion-parallax-fixed nonhundred-percent-fullwidth non-hundred-percent-height-scrolling\" style=\"background-color: rgba(255,255,255,0);background-image: url(&quot;https:\/\/mitsp.org\/2020\/wp-content\/uploads\/2020\/01\/footer-eixos4.png&quot;);background-position: center center;background-repeat: no-repeat;padding-top:130px;padding-right:30px;padding-bottom:130px;padding-left:30px;margin-bottom: 0px;margin-top: 0px;border-width: 0px 0px 0px 0px;border-color:#eae9e9;border-style:solid;-webkit-background-size:cover;-moz-background-size:cover;-o-background-size:cover;background-size:cover;background-attachment:fixed;\" ><\/div><div class=\"fusion-fullwidth fullwidth-box fusion-builder-row-2 hundred-percent-fullwidth non-hundred-percent-height-scrolling\" style=\"background-color: rgba(255,255,255,0);background-position: center center;background-repeat: no-repeat;padding-top:0px;padding-right:0px;padding-bottom:0px;padding-left:0px;margin-bottom: 0px;margin-top: 0px;border-width: 0px 0px 0px 0px;border-color:#eae9e9;border-style:solid;\" ><div class=\"fusion-builder-row fusion-row\"><div class=\"fusion-layout-column fusion_builder_column fusion-builder-column-0 fusion_builder_column_1_1 1_1 fusion-one-full fusion-column-first fusion-column-last\" style=\"margin-top:0px;margin-bottom:20px;\"><div class=\"fusion-column-wrapper fusion-flex-column-wrapper-legacy\" style=\"background-position:left top;background-repeat:no-repeat;-webkit-background-size:cover;-moz-background-size:cover;-o-background-size:cover;background-size:cover;border-bottom:12px solid #9e1f27;padding: 0px 0px 0px 0px;\"><div class=\"fusion-clearfix\"><\/div><\/div><\/div><\/div><\/div><\/p>\n<\/div>\n\t\t<\/div><div class=\"fusion-additional-widget-content\"><\/div><\/div>\n","protected":false},"excerpt":{"rendered":"<p>Anticolonial Perspectives Seminar ANTICOLONIAL PERSPECTIVE MEETINGS The debates bring together researchers, artists and activists who [&hellip;]<\/p>\n","protected":false},"author":6,"featured_media":8041,"comment_status":"closed","ping_status":"closed","sticky":false,"template":"","format":"standard","meta":{"_links_to":"","_links_to_target":""},"categories":[152],"tags":[161],"yst_prominent_words":[],"acf":{"synopsis":"","age_restriction":"0","duration":"","director":"","teaser_url":"","payment_type":"free","purchase_url":"","places":false,"activities":"","payment_info":"","live":false},"_links":{"self":[{"href":"https:\/\/mitsp.org\/2020\/wp-json\/wp\/v2\/posts\/9278"}],"collection":[{"href":"https:\/\/mitsp.org\/2020\/wp-json\/wp\/v2\/posts"}],"about":[{"href":"https:\/\/mitsp.org\/2020\/wp-json\/wp\/v2\/types\/post"}],"author":[{"embeddable":true,"href":"https:\/\/mitsp.org\/2020\/wp-json\/wp\/v2\/users\/6"}],"replies":[{"embeddable":true,"href":"https:\/\/mitsp.org\/2020\/wp-json\/wp\/v2\/comments?post=9278"}],"version-history":[{"count":0,"href":"https:\/\/mitsp.org\/2020\/wp-json\/wp\/v2\/posts\/9278\/revisions"}],"wp:featuredmedia":[{"embeddable":true,"href":"https:\/\/mitsp.org\/2020\/wp-json\/wp\/v2\/media\/8041"}],"wp:attachment":[{"href":"https:\/\/mitsp.org\/2020\/wp-json\/wp\/v2\/media?parent=9278"}],"wp:term":[{"taxonomy":"category","embeddable":true,"href":"https:\/\/mitsp.org\/2020\/wp-json\/wp\/v2\/categories?post=9278"},{"taxonomy":"post_tag","embeddable":true,"href":"https:\/\/mitsp.org\/2020\/wp-json\/wp\/v2\/tags?post=9278"},{"taxonomy":"yst_prominent_words","embeddable":true,"href":"https:\/\/mitsp.org\/2020\/wp-json\/wp\/v2\/yst_prominent_words?post=9278"}],"curies":[{"name":"wp","href":"https:\/\/api.w.org\/{rel}","templated":true}]}}