{"id":8997,"date":"2020-03-06T08:41:18","date_gmt":"2020-03-06T11:41:18","guid":{"rendered":"https:\/\/mitsp.org\/2020\/?p=8997"},"modified":"2020-03-06T09:41:59","modified_gmt":"2020-03-06T12:41:59","slug":"revista-cartografias","status":"publish","type":"post","link":"https:\/\/mitsp.org\/2020\/en\/revista-cartografias\/","title":{"rendered":"Revista Cartografias"},"content":{"rendered":"<h2><span style=\"color: #000000;\"><img class=\"size-fusion-400 wp-image-2833 alignright\" src=\"https:\/\/mitsp.org\/2020\/wp-content\/uploads\/2019\/02\/revista-cartografias-foto-Guto-Muniz-400x266.jpg\" alt=\"Revista Cartografias cr\u00e9dito Guto Muniz\" width=\"400\" height=\"266\" srcset=\"https:\/\/mitsp.org\/2020\/wp-content\/uploads\/2019\/02\/revista-cartografias-foto-Guto-Muniz-200x133.jpg 200w, https:\/\/mitsp.org\/2020\/wp-content\/uploads\/2019\/02\/revista-cartografias-foto-Guto-Muniz-300x200.jpg 300w, https:\/\/mitsp.org\/2020\/wp-content\/uploads\/2019\/02\/revista-cartografias-foto-Guto-Muniz-400x266.jpg 400w, https:\/\/mitsp.org\/2020\/wp-content\/uploads\/2019\/02\/revista-cartografias-foto-Guto-Muniz-600x399.jpg 600w, https:\/\/mitsp.org\/2020\/wp-content\/uploads\/2019\/02\/revista-cartografias-foto-Guto-Muniz-768x511.jpg 768w, https:\/\/mitsp.org\/2020\/wp-content\/uploads\/2019\/02\/revista-cartografias-foto-Guto-Muniz-800x532.jpg 800w, https:\/\/mitsp.org\/2020\/wp-content\/uploads\/2019\/02\/revista-cartografias-foto-Guto-Muniz.jpg 900w\" sizes=\"(max-width: 400px) 100vw, 400px\" \/>REVISTA CARTOGRAFIAS<\/span><\/h2>\n<p><strong>CURATORS:<\/strong> Daniele Avila Small, Luciana Eastwood Romagnolli and Silvia Fernandes<\/p>\n<p><b>INTERVIEWS:<\/b><span style=\"font-weight: 400;\"> with Artists in Focus, Researcher in Focus and Educator in Focus of the 7th MITsp, made by Cl\u00f3vis Domingos, Daniele Avila Small, Francis Wilker, Maria Fernanda Vomero, Maria Jo\u00e3o Brilhante, Luciana Eastwood Romagnolli and S\u00edlvia Fernandes.<\/span><\/p>\n<p><b>ARTICLES: <\/b>written by researchers from postgraduate programs at Brazilian universities or other educational and research institutions, as well as by critics and artists participating in the Critical Practice Residency on the shows, residencies and other projects presented at MITsp.<\/p>\n<p><b>EDUCATIONAL ACTIVITIES :<\/b><span style=\"font-weight: 400;\"> Texts by Dodi Leal, Maria Fernanda Vomero, Ana Harcha and Paola Lopes Zamariola.<\/span><\/p>\n<p><span style=\"font-weight: 400;\"><strong>DOSSIER INTERNATIONALIZATION OF BRAZILIAN PERFORMING ARTS:<\/strong> Texts by Christine Greiner, L\u00facia Maciel, Maria Lucia Pupo and interview with Christiane Jatahy.<\/span><\/p>\n<div class=\"fusion-widget-area fusion-widget-area-1 fusion-content-widget-area\"><style type=\"text\/css\">.fusion-widget-area-1 {padding:0px 0px 0px 0px;}.fusion-widget-area-1 .widget h4 {color:#333333;}.fusion-widget-area-1 .widget .heading h4 {color:#333333;}.fusion-widget-area-1 .widget h4 {font-size:20px;}.fusion-widget-area-1 .widget .heading h4 {font-size:20px;}<\/style><div id=\"text-6\" class=\"widget widget_text\">\t\t\t<div class=\"textwidget\"><p><div class=\"fusion-fullwidth fullwidth-box fusion-builder-row-118 fusion-parallax-fixed nonhundred-percent-fullwidth non-hundred-percent-height-scrolling\" style=\"background-color: rgba(255,255,255,0);background-image: url(&quot;https:\/\/mitsp.org\/2020\/wp-content\/uploads\/2020\/01\/footer-eixos4.png&quot;);background-position: center center;background-repeat: no-repeat;padding-top:130px;padding-right:0px;padding-bottom:130px;padding-left:0px;margin-bottom: 0px;margin-top: 0px;border-width: 0px 0px 0px 0px;border-color:#eae9e9;border-style:solid;-webkit-background-size:cover;-moz-background-size:cover;-o-background-size:cover;background-size:cover;background-attachment:fixed;\" ><\/div><div class=\"fusion-fullwidth fullwidth-box fusion-builder-row-119 hundred-percent-fullwidth non-hundred-percent-height-scrolling\" style=\"background-color: rgba(255,255,255,0);background-position: center center;background-repeat: no-repeat;padding-top:0px;padding-right:0px;padding-bottom:0px;padding-left:0px;margin-bottom: 0px;margin-top: 0px;border-width: 0px 0px 0px 0px;border-color:#eae9e9;border-style:solid;\" ><div class=\"fusion-builder-row fusion-row\"><div class=\"fusion-layout-column fusion_builder_column fusion-builder-column-209 fusion_builder_column_1_1 1_1 fusion-one-full fusion-column-first fusion-column-last\" style=\"margin-top:0px;margin-bottom:20px;\"><div class=\"fusion-column-wrapper fusion-flex-column-wrapper-legacy\" style=\"background-position:left top;background-repeat:no-repeat;-webkit-background-size:cover;-moz-background-size:cover;-o-background-size:cover;background-size:cover;border-bottom:12px solid #e38f27;padding: 0px 0px 0px 0px;\"><div class=\"fusion-clearfix\"><\/div><\/div><\/div><\/div><\/div><\/p>\n<\/div>\n\t\t<\/div><div class=\"fusion-additional-widget-content\"><\/div><\/div>\n","protected":false},"excerpt":{"rendered":"<p>REVISTA CARTOGRAFIAS CURATORS: Daniele Avila Small, Luciana Eastwood Romagnolli and Silvia Fernandes INTERVIEWS: with Artists [&hellip;]<\/p>\n","protected":false},"author":6,"featured_media":9461,"comment_status":"closed","ping_status":"closed","sticky":false,"template":"","format":"standard","meta":{"_links_to":"","_links_to_target":""},"categories":[150,148],"tags":[],"yst_prominent_words":[],"acf":{"synopsis":"","age_restriction":"0","duration":"","director":"","teaser_url":"","payment_type":"free","purchase_url":"","places":false,"activities":"","payment_info":"","live":false},"_links":{"self":[{"href":"https:\/\/mitsp.org\/2020\/wp-json\/wp\/v2\/posts\/8997"}],"collection":[{"href":"https:\/\/mitsp.org\/2020\/wp-json\/wp\/v2\/posts"}],"about":[{"href":"https:\/\/mitsp.org\/2020\/wp-json\/wp\/v2\/types\/post"}],"author":[{"embeddable":true,"href":"https:\/\/mitsp.org\/2020\/wp-json\/wp\/v2\/users\/6"}],"replies":[{"embeddable":true,"href":"https:\/\/mitsp.org\/2020\/wp-json\/wp\/v2\/comments?post=8997"}],"version-history":[{"count":0,"href":"https:\/\/mitsp.org\/2020\/wp-json\/wp\/v2\/posts\/8997\/revisions"}],"wp:featuredmedia":[{"embeddable":true,"href":"https:\/\/mitsp.org\/2020\/wp-json\/wp\/v2\/media\/9461"}],"wp:attachment":[{"href":"https:\/\/mitsp.org\/2020\/wp-json\/wp\/v2\/media?parent=8997"}],"wp:term":[{"taxonomy":"category","embeddable":true,"href":"https:\/\/mitsp.org\/2020\/wp-json\/wp\/v2\/categories?post=8997"},{"taxonomy":"post_tag","embeddable":true,"href":"https:\/\/mitsp.org\/2020\/wp-json\/wp\/v2\/tags?post=8997"},{"taxonomy":"yst_prominent_words","embeddable":true,"href":"https:\/\/mitsp.org\/2020\/wp-json\/wp\/v2\/yst_prominent_words?post=8997"}],"curies":[{"name":"wp","href":"https:\/\/api.w.org\/{rel}","templated":true}]}}