{"id":8995,"date":"2020-03-02T16:58:30","date_gmt":"2020-03-02T19:58:30","guid":{"rendered":"https:\/\/mitsp.org\/2020\/?p=8995"},"modified":"2020-03-06T09:39:59","modified_gmt":"2020-03-06T12:39:59","slug":"book-launches","status":"publish","type":"post","link":"https:\/\/mitsp.org\/2020\/en\/book-launches\/","title":{"rendered":"Book Launches"},"content":{"rendered":"<h3>\u00a0BOOK LAUNCHES<\/h3>\n<h3><b><img class=\"size-fusion-400 wp-image-7182 alignright\" src=\"https:\/\/mitsp.org\/2020\/wp-content\/uploads\/2020\/02\/lancamento-livros-mitsp2020-400x266.jpg\" alt=\"Lan\u00e7amento de Livros\" width=\"400\" height=\"266\" srcset=\"https:\/\/mitsp.org\/2020\/wp-content\/uploads\/2020\/02\/lancamento-livros-mitsp2020-200x133.jpg 200w, https:\/\/mitsp.org\/2020\/wp-content\/uploads\/2020\/02\/lancamento-livros-mitsp2020-300x200.jpg 300w, https:\/\/mitsp.org\/2020\/wp-content\/uploads\/2020\/02\/lancamento-livros-mitsp2020-400x266.jpg 400w, https:\/\/mitsp.org\/2020\/wp-content\/uploads\/2020\/02\/lancamento-livros-mitsp2020-600x400.jpg 600w, https:\/\/mitsp.org\/2020\/wp-content\/uploads\/2020\/02\/lancamento-livros-mitsp2020-768x511.jpg 768w, https:\/\/mitsp.org\/2020\/wp-content\/uploads\/2020\/02\/lancamento-livros-mitsp2020-800x533.jpg 800w, https:\/\/mitsp.org\/2020\/wp-content\/uploads\/2020\/02\/lancamento-livros-mitsp2020.jpg 1000w\" sizes=\"(max-width: 400px) 100vw, 400px\" \/><\/b><\/h3>\n<p>Talk with the authors and \/ or organizers of the following publications:<\/p>\n<h4><span style=\"color: #e38f27;\"><b>AGENTES INVIS\u00cdVEIS E MODOS DE PRODU\u00c7\u00c3O NOS PRIMEIROS ANOS DO WORKCENTER OF JERZY GROTOWSKI<\/b><\/span><\/h4>\n<p><strong>Editora Javali<\/strong>\u00a0| Daniele Sampaio<\/p>\n<h4><span style=\"color: #e38f27;\"><b>ANATOMIA DE UMA DECIS\u00c3O<\/b><\/span><\/h4>\n<p>Jo\u00e3o Fiadeiro<\/p>\n<h4><span style=\"color: #e38f27;\"><b>AS ARTES DO COVER &#8211; PERFORMANCE PARA AL\u00c9M DA C\u00d3PIA E DO ORIGINAL<\/b><\/span><\/h4>\n<p><span style=\"font-weight: 400;\"><strong>Editora Circuito and POP LAB &#8211; Studies in Pop Philosophy <\/strong>\u00a0| Henrique Saidel<\/span><\/p>\n<h4><span style=\"color: #e38f27;\"><b>FOR\u00c7AS DE UM CORPO VAZADO<\/b><\/span><\/h4>\n<p><strong>Editora 7Letras and PUC-Rio<\/strong> | Ana Kfouri<\/p>\n<h4><span style=\"color: #e38f27;\"><b>COLE\u00c7\u00c3O DRAMATURGIA FRANCESA<\/b><\/span><\/h4>\n<p><strong>Editora Cobog\u00f3<\/strong> | V\u00e1rios autores<\/p>\n<h4><span style=\"color: #e38f27;\"><b>MATO CHEIO<\/b><\/span><\/h4>\n<p><strong>Editora Cobog\u00f3<\/strong> | Jhonny Salaberg<\/p>\n<h4><span style=\"color: #e38f27;\"><b>OVELHA DOLLY E ZOOL\u00d3GICO A C\u00c9U ABERTO<\/b><\/span><\/h4>\n<p><span style=\"font-weight: 400;\"><strong>Editora Javali<\/strong> | Fernando Carvalho<\/span><\/p>\n<h4><span style=\"color: #e38f27;\"><b>PLANEJAMENTO ESTRAT\u00c9GICO DE PROJETOS E PROGRAMAS CULTURAIS<\/b><\/span><\/h4>\n<p><strong>Editora Senac<\/strong> | Maria Helena Cunha<\/p>\n<h4><span style=\"color: #e38f27;\"><b>TEATRA DA OPRIMIDA: \u00daLTIMAS FRONTEIRAS C\u00caNICAS DA PR\u00c9-TRANSI\u00c7\u00c3O DE G\u00caNERO<\/b><\/span><\/h4>\n<p><strong>Editora da UFSB<\/strong> | Dodi Leal<\/p>\n<h4><span style=\"color: #e38f27;\"><b>O TEATRO NEGRO DE CIDINHA DA SILVA<\/b><\/span><\/h4>\n<p><span style=\"font-weight: 400;\"><strong>Editora Quanz\u00e1<\/strong> | Cidinha da Silva<\/span><\/p>\n<p><img class=\"alignnone wp-image-6103\" src=\"https:\/\/mitsp.org\/2020\/wp-content\/uploads\/2020\/02\/divider-olhares-criticos.jpg\" alt=\"\" width=\"300\" height=\"8\" srcset=\"https:\/\/mitsp.org\/2020\/wp-content\/uploads\/2020\/02\/divider-olhares-criticos-200x5.jpg 200w, https:\/\/mitsp.org\/2020\/wp-content\/uploads\/2020\/02\/divider-olhares-criticos.jpg 300w\" sizes=\"(max-width: 300px) 100vw, 300px\" \/><\/p>\n<h4><span style=\"color: #e38f27;\">When<\/span><\/h4>\n<p>March 8th, Sun, from 10:30am to 12:30pm.<\/p>\n<h4><span style=\"color: #e38f27;\">Where<\/span><\/h4>\n<p><a href=\"https:\/\/goo.gl\/maps\/URYmKCGKeXhegXSm9\" target=\"_blank\" rel=\"noopener noreferrer\"><strong>Ita\u00fa Cultural &#8211; Sala Vermelha e Foyer da Sala Vermelha<\/strong><\/a><\/p>\n<div class=\"fusion-widget-area fusion-widget-area-1 fusion-content-widget-area\"><style type=\"text\/css\">.fusion-widget-area-1 {padding:0px 0px 0px 0px;}.fusion-widget-area-1 .widget h4 {color:#333333;}.fusion-widget-area-1 .widget .heading h4 {color:#333333;}.fusion-widget-area-1 .widget h4 {font-size:20px;}.fusion-widget-area-1 .widget .heading h4 {font-size:20px;}<\/style><div id=\"text-6\" class=\"widget widget_text\">\t\t\t<div class=\"textwidget\"><p><div class=\"fusion-fullwidth fullwidth-box fusion-builder-row-118 fusion-parallax-fixed nonhundred-percent-fullwidth non-hundred-percent-height-scrolling\" style=\"background-color: rgba(255,255,255,0);background-image: url(&quot;https:\/\/mitsp.org\/2020\/wp-content\/uploads\/2020\/01\/footer-eixos4.png&quot;);background-position: center center;background-repeat: no-repeat;padding-top:130px;padding-right:0px;padding-bottom:130px;padding-left:0px;margin-bottom: 0px;margin-top: 0px;border-width: 0px 0px 0px 0px;border-color:#eae9e9;border-style:solid;-webkit-background-size:cover;-moz-background-size:cover;-o-background-size:cover;background-size:cover;background-attachment:fixed;\" ><\/div><div class=\"fusion-fullwidth fullwidth-box fusion-builder-row-119 hundred-percent-fullwidth non-hundred-percent-height-scrolling\" style=\"background-color: rgba(255,255,255,0);background-position: center center;background-repeat: no-repeat;padding-top:0px;padding-right:0px;padding-bottom:0px;padding-left:0px;margin-bottom: 0px;margin-top: 0px;border-width: 0px 0px 0px 0px;border-color:#eae9e9;border-style:solid;\" ><div class=\"fusion-builder-row fusion-row\"><div class=\"fusion-layout-column fusion_builder_column fusion-builder-column-209 fusion_builder_column_1_1 1_1 fusion-one-full fusion-column-first fusion-column-last\" style=\"margin-top:0px;margin-bottom:20px;\"><div class=\"fusion-column-wrapper fusion-flex-column-wrapper-legacy\" style=\"background-position:left top;background-repeat:no-repeat;-webkit-background-size:cover;-moz-background-size:cover;-o-background-size:cover;background-size:cover;border-bottom:12px solid #e38f27;padding: 0px 0px 0px 0px;\"><div class=\"fusion-clearfix\"><\/div><\/div><\/div><\/div><\/div><\/p>\n<\/div>\n\t\t<\/div><div class=\"fusion-additional-widget-content\"><\/div><\/div>\n","protected":false},"excerpt":{"rendered":"<p>\u00a0BOOK LAUNCHES Talk with the authors and \/ or organizers of the following publications: AGENTES [&hellip;]<\/p>\n","protected":false},"author":6,"featured_media":9452,"comment_status":"closed","ping_status":"closed","sticky":false,"template":"","format":"standard","meta":{"_links_to":"","_links_to_target":""},"categories":[150,147],"tags":[],"yst_prominent_words":[],"acf":{"synopsis":"","age_restriction":"0","duration":"","director":"","teaser_url":"","payment_type":"free","purchase_url":"","places":false,"activities":"","payment_info":"","live":false},"_links":{"self":[{"href":"https:\/\/mitsp.org\/2020\/wp-json\/wp\/v2\/posts\/8995"}],"collection":[{"href":"https:\/\/mitsp.org\/2020\/wp-json\/wp\/v2\/posts"}],"about":[{"href":"https:\/\/mitsp.org\/2020\/wp-json\/wp\/v2\/types\/post"}],"author":[{"embeddable":true,"href":"https:\/\/mitsp.org\/2020\/wp-json\/wp\/v2\/users\/6"}],"replies":[{"embeddable":true,"href":"https:\/\/mitsp.org\/2020\/wp-json\/wp\/v2\/comments?post=8995"}],"version-history":[{"count":0,"href":"https:\/\/mitsp.org\/2020\/wp-json\/wp\/v2\/posts\/8995\/revisions"}],"wp:featuredmedia":[{"embeddable":true,"href":"https:\/\/mitsp.org\/2020\/wp-json\/wp\/v2\/media\/9452"}],"wp:attachment":[{"href":"https:\/\/mitsp.org\/2020\/wp-json\/wp\/v2\/media?parent=8995"}],"wp:term":[{"taxonomy":"category","embeddable":true,"href":"https:\/\/mitsp.org\/2020\/wp-json\/wp\/v2\/categories?post=8995"},{"taxonomy":"post_tag","embeddable":true,"href":"https:\/\/mitsp.org\/2020\/wp-json\/wp\/v2\/tags?post=8995"},{"taxonomy":"yst_prominent_words","embeddable":true,"href":"https:\/\/mitsp.org\/2020\/wp-json\/wp\/v2\/yst_prominent_words?post=8995"}],"curies":[{"name":"wp","href":"https:\/\/api.w.org\/{rel}","templated":true}]}}