{"id":8024,"date":"2020-02-19T07:09:47","date_gmt":"2020-02-19T10:09:47","guid":{"rendered":"https:\/\/mitsp.org\/2020\/?p=8024"},"modified":"2020-03-05T12:07:38","modified_gmt":"2020-03-05T15:07:38","slug":"encontro-perspectivas-anticoloniais","status":"publish","type":"post","link":"https:\/\/mitsp.org\/2020\/encontro-perspectivas-anticoloniais\/","title":{"rendered":"Encontro Perspectivas Anticoloniais"},"content":{"rendered":"<h6><strong>Semin\u00e1rio Perspectivas Anticoloniais<\/strong><\/h6>\n<h3>ENCONTRO PERSPECTIVAS ANTICOLONIAIS<\/h3>\n<p><img class=\"size-fusion-400 wp-image-8027 alignright\" src=\"https:\/\/mitsp.org\/2020\/wp-content\/uploads\/2020\/02\/especial-Paulo-Arantes-Ailton-Krenak-400x266.jpg\" alt=\"Paulo Arantes e Ailton Krenak\" width=\"400\" height=\"266\" srcset=\"https:\/\/mitsp.org\/2020\/wp-content\/uploads\/2020\/02\/especial-Paulo-Arantes-Ailton-Krenak-200x133.jpg 200w, https:\/\/mitsp.org\/2020\/wp-content\/uploads\/2020\/02\/especial-Paulo-Arantes-Ailton-Krenak-300x200.jpg 300w, https:\/\/mitsp.org\/2020\/wp-content\/uploads\/2020\/02\/especial-Paulo-Arantes-Ailton-Krenak-400x266.jpg 400w, https:\/\/mitsp.org\/2020\/wp-content\/uploads\/2020\/02\/especial-Paulo-Arantes-Ailton-Krenak-600x400.jpg 600w, https:\/\/mitsp.org\/2020\/wp-content\/uploads\/2020\/02\/especial-Paulo-Arantes-Ailton-Krenak-768x511.jpg 768w, https:\/\/mitsp.org\/2020\/wp-content\/uploads\/2020\/02\/especial-Paulo-Arantes-Ailton-Krenak-800x533.jpg 800w, https:\/\/mitsp.org\/2020\/wp-content\/uploads\/2020\/02\/especial-Paulo-Arantes-Ailton-Krenak.jpg 1000w\" sizes=\"(max-width: 400px) 100vw, 400px\" \/><\/p>\n<p>Partindo da pergunta, \u201cO que ainda podemos imaginar juntos?\u201d, os debates re\u00fanem pesquisadores, artistas e ativistas que atuam em \u00e1reas e contextos culturais distintos.<\/p>\n<p><em>Atividade gratuita e aberta ao p\u00fablico.<\/em><\/p>\n<h4>Mesa 1: Do Tempo<\/h4>\n<p><strong>COM<\/strong> Ailton Krenak e Paulo Arantes<\/p>\n<h4><span style=\"color: #9e1f27;\">Quando<\/span><\/h4>\n<p><span style=\"font-weight: 400;\">6 de mar\u00e7o, sexta-feira, das 10h \u00e0s 13h<\/span><\/p>\n<h4><span style=\"color: #9e1f27;\">Onde<\/span><\/h4>\n<p><a href=\"https:\/\/g.page\/sescavpaulista?share\" target=\"_blank\" rel=\"noopener noreferrer\"><b>Sesc Avenida Paulista &#8211; T\u00e9rreo<\/b><\/a><\/p>\n<p><img class=\"alignnone size-full wp-image-7991\" src=\"https:\/\/mitsp.org\/2020\/wp-content\/uploads\/2020\/02\/divider-especiais.jpg\" alt=\"\" width=\"300\" height=\"8\" srcset=\"https:\/\/mitsp.org\/2020\/wp-content\/uploads\/2020\/02\/divider-especiais-200x5.jpg 200w, https:\/\/mitsp.org\/2020\/wp-content\/uploads\/2020\/02\/divider-especiais.jpg 300w\" sizes=\"(max-width: 300px) 100vw, 300px\" \/><\/p>\n<p>&nbsp;<\/p>\n<p><img class=\"size-fusion-400 wp-image-8031 alignright\" src=\"https:\/\/mitsp.org\/2020\/wp-content\/uploads\/2020\/02\/especiais-Eleonora-Fabiao-Grace-Passo-Paula-Gonzales-400x266.jpg\" alt=\"Eleonora Fabi\u00e3o Grace Passo e Paula Gonzales\" width=\"400\" height=\"266\" srcset=\"https:\/\/mitsp.org\/2020\/wp-content\/uploads\/2020\/02\/especiais-Eleonora-Fabiao-Grace-Passo-Paula-Gonzales-200x133.jpg 200w, https:\/\/mitsp.org\/2020\/wp-content\/uploads\/2020\/02\/especiais-Eleonora-Fabiao-Grace-Passo-Paula-Gonzales-300x200.jpg 300w, https:\/\/mitsp.org\/2020\/wp-content\/uploads\/2020\/02\/especiais-Eleonora-Fabiao-Grace-Passo-Paula-Gonzales-400x266.jpg 400w, https:\/\/mitsp.org\/2020\/wp-content\/uploads\/2020\/02\/especiais-Eleonora-Fabiao-Grace-Passo-Paula-Gonzales-600x400.jpg 600w, https:\/\/mitsp.org\/2020\/wp-content\/uploads\/2020\/02\/especiais-Eleonora-Fabiao-Grace-Passo-Paula-Gonzales-768x511.jpg 768w, https:\/\/mitsp.org\/2020\/wp-content\/uploads\/2020\/02\/especiais-Eleonora-Fabiao-Grace-Passo-Paula-Gonzales-800x533.jpg 800w, https:\/\/mitsp.org\/2020\/wp-content\/uploads\/2020\/02\/especiais-Eleonora-Fabiao-Grace-Passo-Paula-Gonzales.jpg 1000w\" sizes=\"(max-width: 400px) 100vw, 400px\" \/><\/p>\n<h4>Mesa 2: Das A\u00e7\u00f5es<\/h4>\n<p><strong>COM <\/strong>Grace Pass\u00f4, Paula Gonz\u00e1lez Seguel e Eleonora Fabi\u00e3o<\/p>\n<h4><span style=\"color: #9e1f27;\">Quando<\/span><\/h4>\n<p>6 de mar\u00e7o, sexta, das 14h \u00e0s 17h<\/p>\n<h4><span style=\"color: #9e1f27;\">Onde<\/span><\/h4>\n<p><a href=\"https:\/\/g.page\/sescavpaulista?share\" target=\"_blank\" rel=\"noopener noreferrer\"><b>Sesc Avenida Paulista &#8211; T\u00e9rreo<\/b><\/a><\/p>\n<p><img class=\"alignnone size-full wp-image-7991\" src=\"https:\/\/mitsp.org\/2020\/wp-content\/uploads\/2020\/02\/divider-especiais.jpg\" alt=\"\" width=\"300\" height=\"8\" srcset=\"https:\/\/mitsp.org\/2020\/wp-content\/uploads\/2020\/02\/divider-especiais-200x5.jpg 200w, https:\/\/mitsp.org\/2020\/wp-content\/uploads\/2020\/02\/divider-especiais.jpg 300w\" sizes=\"(max-width: 300px) 100vw, 300px\" \/><\/p>\n<p>&nbsp;<\/p>\n<h4><img class=\"size-fusion-400 wp-image-8908 alignright\" src=\"https:\/\/mitsp.org\/2020\/wp-content\/uploads\/2020\/02\/Luiz-Felipe-Alencastro-400x266.jpg\" alt=\"\" width=\"400\" height=\"266\" srcset=\"https:\/\/mitsp.org\/2020\/wp-content\/uploads\/2020\/02\/Luiz-Felipe-Alencastro-200x133.jpg 200w, https:\/\/mitsp.org\/2020\/wp-content\/uploads\/2020\/02\/Luiz-Felipe-Alencastro-300x200.jpg 300w, https:\/\/mitsp.org\/2020\/wp-content\/uploads\/2020\/02\/Luiz-Felipe-Alencastro-400x266.jpg 400w, https:\/\/mitsp.org\/2020\/wp-content\/uploads\/2020\/02\/Luiz-Felipe-Alencastro-600x400.jpg 600w, https:\/\/mitsp.org\/2020\/wp-content\/uploads\/2020\/02\/Luiz-Felipe-Alencastro-768x511.jpg 768w, https:\/\/mitsp.org\/2020\/wp-content\/uploads\/2020\/02\/Luiz-Felipe-Alencastro-800x533.jpg 800w, https:\/\/mitsp.org\/2020\/wp-content\/uploads\/2020\/02\/Luiz-Felipe-Alencastro.jpg 1000w\" sizes=\"(max-width: 400px) 100vw, 400px\" \/>Mesa 3: Passado: Perman\u00eancia e Ruptura<\/h4>\n<p><strong>COM <\/strong>Peter P\u00e1l Pelbart e Luiz Felipe de Alencastro<\/p>\n<h4><span style=\"color: #9e1f27;\">Quando<\/span><\/h4>\n<p>7 de mar\u00e7o, s\u00e1bado, das 10h \u00e0s 13h<\/p>\n<h4><span style=\"color: #9e1f27;\">Onde<\/span><\/h4>\n<p><a href=\"https:\/\/g.page\/sescavpaulista?share\" target=\"_blank\" rel=\"noopener noreferrer\"><b>Sesc Avenida Paulista &#8211; \u00a0Arte II (13\u00ba andar)<\/b><\/a><\/p>\n<p><img class=\"alignnone size-full wp-image-7991\" src=\"https:\/\/mitsp.org\/2020\/wp-content\/uploads\/2020\/02\/divider-especiais.jpg\" alt=\"\" width=\"300\" height=\"8\" srcset=\"https:\/\/mitsp.org\/2020\/wp-content\/uploads\/2020\/02\/divider-especiais-200x5.jpg 200w, https:\/\/mitsp.org\/2020\/wp-content\/uploads\/2020\/02\/divider-especiais.jpg 300w\" sizes=\"(max-width: 300px) 100vw, 300px\" \/><\/p>\n<p><img class=\"size-fusion-400 wp-image-8902 alignright\" src=\"https:\/\/mitsp.org\/2020\/wp-content\/uploads\/2020\/02\/especiais-Jean-Tible-Ana-Kiffer-400x266.jpg\" alt=\"Jean Tible e Ana Kiffer\" width=\"400\" height=\"266\" srcset=\"https:\/\/mitsp.org\/2020\/wp-content\/uploads\/2020\/02\/especiais-Jean-Tible-Ana-Kiffer-200x133.jpg 200w, https:\/\/mitsp.org\/2020\/wp-content\/uploads\/2020\/02\/especiais-Jean-Tible-Ana-Kiffer-300x200.jpg 300w, https:\/\/mitsp.org\/2020\/wp-content\/uploads\/2020\/02\/especiais-Jean-Tible-Ana-Kiffer-400x266.jpg 400w, https:\/\/mitsp.org\/2020\/wp-content\/uploads\/2020\/02\/especiais-Jean-Tible-Ana-Kiffer-600x400.jpg 600w, https:\/\/mitsp.org\/2020\/wp-content\/uploads\/2020\/02\/especiais-Jean-Tible-Ana-Kiffer-768x511.jpg 768w, https:\/\/mitsp.org\/2020\/wp-content\/uploads\/2020\/02\/especiais-Jean-Tible-Ana-Kiffer-800x533.jpg 800w, https:\/\/mitsp.org\/2020\/wp-content\/uploads\/2020\/02\/especiais-Jean-Tible-Ana-Kiffer.jpg 1000w\" sizes=\"(max-width: 400px) 100vw, 400px\" \/><\/p>\n<h4>Mesa 4: Do comum<\/h4>\n<p><strong>COM<\/strong> Jean Tible e Ana Kiffer<\/p>\n<h4><span style=\"color: #9e1f27;\">Quando<\/span><\/h4>\n<p>7 de mar\u00e7o, s\u00e1bado, das 14h \u00e0s 17h<\/p>\n<h4><span style=\"color: #9e1f27;\">Onde<\/span><\/h4>\n<p><a href=\"https:\/\/g.page\/sescavpaulista?share\" target=\"_blank\" rel=\"noopener noreferrer\"><b>Sesc Avenida Paulista &#8211; <\/b><\/a><b><a href=\"https:\/\/g.page\/sescavpaulista?share\" target=\"_blank\" rel=\"noopener noreferrer\">Arte II (13\u00ba andar)<\/a><\/b><\/p>\n<p>&nbsp;<\/p>\n<div class=\"fusion-widget-area fusion-widget-area-1 fusion-content-widget-area\"><style type=\"text\/css\">.fusion-widget-area-1 {padding:0px 0px 0px 0px;}.fusion-widget-area-1 .widget h4 {color:#333333;}.fusion-widget-area-1 .widget .heading h4 {color:#333333;}.fusion-widget-area-1 .widget h4 {font-size:20px;}.fusion-widget-area-1 .widget .heading h4 {font-size:20px;}<\/style><div id=\"text-7\" class=\"widget widget_text\" style=\"border-style: solid;border-color:transparent;border-width:0px;\">\t\t\t<div class=\"textwidget\"><p><div class=\"fusion-fullwidth fullwidth-box fusion-builder-row-1 fusion-parallax-fixed nonhundred-percent-fullwidth non-hundred-percent-height-scrolling\" style=\"background-color: rgba(255,255,255,0);background-image: url(&quot;https:\/\/mitsp.org\/2020\/wp-content\/uploads\/2020\/01\/footer-eixos4.png&quot;);background-position: center center;background-repeat: no-repeat;padding-top:130px;padding-right:30px;padding-bottom:130px;padding-left:30px;margin-bottom: 0px;margin-top: 0px;border-width: 0px 0px 0px 0px;border-color:#eae9e9;border-style:solid;-webkit-background-size:cover;-moz-background-size:cover;-o-background-size:cover;background-size:cover;background-attachment:fixed;\" ><\/div><div class=\"fusion-fullwidth fullwidth-box fusion-builder-row-2 hundred-percent-fullwidth non-hundred-percent-height-scrolling\" style=\"background-color: rgba(255,255,255,0);background-position: center center;background-repeat: no-repeat;padding-top:0px;padding-right:0px;padding-bottom:0px;padding-left:0px;margin-bottom: 0px;margin-top: 0px;border-width: 0px 0px 0px 0px;border-color:#eae9e9;border-style:solid;\" ><div class=\"fusion-builder-row fusion-row\"><div class=\"fusion-layout-column fusion_builder_column fusion-builder-column-0 fusion_builder_column_1_1 1_1 fusion-one-full fusion-column-first fusion-column-last\" style=\"margin-top:0px;margin-bottom:20px;\"><div class=\"fusion-column-wrapper fusion-flex-column-wrapper-legacy\" style=\"background-position:left top;background-repeat:no-repeat;-webkit-background-size:cover;-moz-background-size:cover;-o-background-size:cover;background-size:cover;border-bottom:12px solid #9e1f27;padding: 0px 0px 0px 0px;\"><div class=\"fusion-clearfix\"><\/div><\/div><\/div><\/div><\/div><\/p>\n<\/div>\n\t\t<\/div><div class=\"fusion-additional-widget-content\"><\/div><\/div>\n","protected":false},"excerpt":{"rendered":"<p>Semin\u00e1rio Perspectivas Anticoloniais ENCONTRO PERSPECTIVAS ANTICOLONIAIS Partindo da pergunta, \u201cO que ainda podemos imaginar juntos?\u201d, [&hellip;]<\/p>\n","protected":false},"author":1,"featured_media":8040,"comment_status":"closed","ping_status":"open","sticky":false,"template":"","format":"standard","meta":{"_links_to":"","_links_to_target":""},"categories":[135],"tags":[139],"yst_prominent_words":[],"acf":{"synopsis":"","age_restriction":"0","duration":"180","director":"","teaser_url":"","payment_type":"free","purchase_url":"","places":[{"place":7330,"region":"1","date":"2020-03-06 10:00:00"},{"place":7330,"region":"1","date":"2020-03-06 14:00:00"},{"place":7330,"region":"1","date":"2020-03-07 10:00:00"},{"place":7330,"region":"1","date":"2020-03-07 14:00:00"}],"activities":"","payment_info":"","live":false},"_links":{"self":[{"href":"https:\/\/mitsp.org\/2020\/wp-json\/wp\/v2\/posts\/8024"}],"collection":[{"href":"https:\/\/mitsp.org\/2020\/wp-json\/wp\/v2\/posts"}],"about":[{"href":"https:\/\/mitsp.org\/2020\/wp-json\/wp\/v2\/types\/post"}],"author":[{"embeddable":true,"href":"https:\/\/mitsp.org\/2020\/wp-json\/wp\/v2\/users\/1"}],"replies":[{"embeddable":true,"href":"https:\/\/mitsp.org\/2020\/wp-json\/wp\/v2\/comments?post=8024"}],"version-history":[{"count":0,"href":"https:\/\/mitsp.org\/2020\/wp-json\/wp\/v2\/posts\/8024\/revisions"}],"wp:featuredmedia":[{"embeddable":true,"href":"https:\/\/mitsp.org\/2020\/wp-json\/wp\/v2\/media\/8040"}],"wp:attachment":[{"href":"https:\/\/mitsp.org\/2020\/wp-json\/wp\/v2\/media?parent=8024"}],"wp:term":[{"taxonomy":"category","embeddable":true,"href":"https:\/\/mitsp.org\/2020\/wp-json\/wp\/v2\/categories?post=8024"},{"taxonomy":"post_tag","embeddable":true,"href":"https:\/\/mitsp.org\/2020\/wp-json\/wp\/v2\/tags?post=8024"},{"taxonomy":"yst_prominent_words","embeddable":true,"href":"https:\/\/mitsp.org\/2020\/wp-json\/wp\/v2\/yst_prominent_words?post=8024"}],"curies":[{"name":"wp","href":"https:\/\/api.w.org\/{rel}","templated":true}]}}