{"id":8004,"date":"2020-02-19T06:42:10","date_gmt":"2020-02-19T09:42:10","guid":{"rendered":"https:\/\/mitsp.org\/2020\/?p=8004"},"modified":"2020-03-05T14:53:57","modified_gmt":"2020-03-05T17:53:57","slug":"ensaios-anticoloniais-estudos-compartilhados","status":"publish","type":"post","link":"https:\/\/mitsp.org\/2020\/ensaios-anticoloniais-estudos-compartilhados\/","title":{"rendered":"Ensaios Anticoloniais: Estudos Compartilhados"},"content":{"rendered":"<h6><strong>Semin\u00e1rio Perspectivas Anticoloniais<\/strong><\/h6>\n<h3>ENSAIOS ANTICOLONIAIS: ESTUDOS COMPARTILHADOS<\/h3>\n<p><span style=\"font-weight: 400;\"><img class=\"size-fusion-400 wp-image-8009 alignright\" src=\"https:\/\/mitsp.org\/2020\/wp-content\/uploads\/2020\/02\/especiais-Adreia-Duarte-Jose-Fernando-Peixoto-Christine-Greiner-1-400x266.jpg\" alt=\"Andreia Duarte, Jose Fernando Peixoto e Christine Greiner\" width=\"400\" height=\"266\" srcset=\"https:\/\/mitsp.org\/2020\/wp-content\/uploads\/2020\/02\/especiais-Adreia-Duarte-Jose-Fernando-Peixoto-Christine-Greiner-1-200x133.jpg 200w, https:\/\/mitsp.org\/2020\/wp-content\/uploads\/2020\/02\/especiais-Adreia-Duarte-Jose-Fernando-Peixoto-Christine-Greiner-1-300x200.jpg 300w, https:\/\/mitsp.org\/2020\/wp-content\/uploads\/2020\/02\/especiais-Adreia-Duarte-Jose-Fernando-Peixoto-Christine-Greiner-1-400x266.jpg 400w, https:\/\/mitsp.org\/2020\/wp-content\/uploads\/2020\/02\/especiais-Adreia-Duarte-Jose-Fernando-Peixoto-Christine-Greiner-1-600x400.jpg 600w, https:\/\/mitsp.org\/2020\/wp-content\/uploads\/2020\/02\/especiais-Adreia-Duarte-Jose-Fernando-Peixoto-Christine-Greiner-1-768x511.jpg 768w, https:\/\/mitsp.org\/2020\/wp-content\/uploads\/2020\/02\/especiais-Adreia-Duarte-Jose-Fernando-Peixoto-Christine-Greiner-1-800x533.jpg 800w, https:\/\/mitsp.org\/2020\/wp-content\/uploads\/2020\/02\/especiais-Adreia-Duarte-Jose-Fernando-Peixoto-Christine-Greiner-1.jpg 1000w\" sizes=\"(max-width: 400px) 100vw, 400px\" \/>Christine Greiner e Jos\u00e9 Fernando Peixoto de Azevedo, curadores do Semin\u00e1rio Perspectivas Anticoloniais ao lado de Andr\u00e9ia Duarte, realizam neste encontro uma conversa aberta sobre quest\u00f5es que permeiam suas pesquisas e que tamb\u00e9m atravessam esta curadoria.<\/span><\/p>\n<h4><img class=\"size-full wp-image-7991 alignleft\" src=\"https:\/\/mitsp.org\/2020\/wp-content\/uploads\/2020\/02\/divider-especiais.jpg\" alt=\"\" width=\"300\" height=\"8\" srcset=\"https:\/\/mitsp.org\/2020\/wp-content\/uploads\/2020\/02\/divider-especiais-200x5.jpg 200w, https:\/\/mitsp.org\/2020\/wp-content\/uploads\/2020\/02\/divider-especiais.jpg 300w\" sizes=\"(max-width: 300px) 100vw, 300px\" \/><\/h4>\n<p>&nbsp;<\/p>\n<h5><span style=\"color: #9e1f27;\">QUANDO<\/span><\/h5>\n<p>2 de mar\u00e7o, segunda, das 14h \u00e0s 20h<\/p>\n<h5><span style=\"color: #9e1f27;\">ONDE<\/span><\/h5>\n<p><a href=\"https:\/\/goo.gl\/maps\/DsDrLFMz2y74w284A\" target=\"_blank\" rel=\"noopener noreferrer\"><b>Goethe-Institut<\/b><\/a><\/p>\n<p><b>Atividade gratuita e aberta ao p\u00fablico.<\/b><\/p>\n<h4><img class=\"size-full wp-image-7991 alignleft\" src=\"https:\/\/mitsp.org\/2020\/wp-content\/uploads\/2020\/02\/divider-especiais.jpg\" alt=\"\" width=\"300\" height=\"8\" srcset=\"https:\/\/mitsp.org\/2020\/wp-content\/uploads\/2020\/02\/divider-especiais-200x5.jpg 200w, https:\/\/mitsp.org\/2020\/wp-content\/uploads\/2020\/02\/divider-especiais.jpg 300w\" sizes=\"(max-width: 300px) 100vw, 300px\" \/><\/h4>\n<h3><\/h3>\n<h3>FOTOS<\/h3>\n<p>[wp_plusgallery data_type=&#8221;flickr&#8221; data_userid=&#8221;115974724@N02&#8243; data_albumid=&#8221;72157713092008386&#8243; data_limit=&#8221;80&#8243;\u00a0 box_color=&#8221;#d5313a&#8221;]<\/p>\n<div class=\"fusion-widget-area fusion-widget-area-1 fusion-content-widget-area\"><style type=\"text\/css\">.fusion-widget-area-1 {padding:0px 0px 0px 0px;}.fusion-widget-area-1 .widget h4 {color:#333333;}.fusion-widget-area-1 .widget .heading h4 {color:#333333;}.fusion-widget-area-1 .widget h4 {font-size:20px;}.fusion-widget-area-1 .widget .heading h4 {font-size:20px;}<\/style><div id=\"text-7\" class=\"widget widget_text\" style=\"border-style: solid;border-color:transparent;border-width:0px;\">\t\t\t<div class=\"textwidget\"><p><div class=\"fusion-fullwidth fullwidth-box fusion-builder-row-1 fusion-parallax-fixed nonhundred-percent-fullwidth non-hundred-percent-height-scrolling\" style=\"background-color: rgba(255,255,255,0);background-image: url(&quot;https:\/\/mitsp.org\/2020\/wp-content\/uploads\/2020\/01\/footer-eixos4.png&quot;);background-position: center center;background-repeat: no-repeat;padding-top:130px;padding-right:30px;padding-bottom:130px;padding-left:30px;margin-bottom: 0px;margin-top: 0px;border-width: 0px 0px 0px 0px;border-color:#eae9e9;border-style:solid;-webkit-background-size:cover;-moz-background-size:cover;-o-background-size:cover;background-size:cover;background-attachment:fixed;\" ><\/div><div class=\"fusion-fullwidth fullwidth-box fusion-builder-row-2 hundred-percent-fullwidth non-hundred-percent-height-scrolling\" style=\"background-color: rgba(255,255,255,0);background-position: center center;background-repeat: no-repeat;padding-top:0px;padding-right:0px;padding-bottom:0px;padding-left:0px;margin-bottom: 0px;margin-top: 0px;border-width: 0px 0px 0px 0px;border-color:#eae9e9;border-style:solid;\" ><div class=\"fusion-builder-row fusion-row\"><div class=\"fusion-layout-column fusion_builder_column fusion-builder-column-0 fusion_builder_column_1_1 1_1 fusion-one-full fusion-column-first fusion-column-last\" style=\"margin-top:0px;margin-bottom:20px;\"><div class=\"fusion-column-wrapper fusion-flex-column-wrapper-legacy\" style=\"background-position:left top;background-repeat:no-repeat;-webkit-background-size:cover;-moz-background-size:cover;-o-background-size:cover;background-size:cover;border-bottom:12px solid #9e1f27;padding: 0px 0px 0px 0px;\"><div class=\"fusion-clearfix\"><\/div><\/div><\/div><\/div><\/div><\/p>\n<\/div>\n\t\t<\/div><div class=\"fusion-additional-widget-content\"><\/div><\/div>\n","protected":false},"excerpt":{"rendered":"<p>Semin\u00e1rio Perspectivas Anticoloniais ENSAIOS ANTICOLONIAIS: ESTUDOS COMPARTILHADOS Christine Greiner e Jos\u00e9 Fernando Peixoto de Azevedo, [&hellip;]<\/p>\n","protected":false},"author":1,"featured_media":8038,"comment_status":"closed","ping_status":"open","sticky":false,"template":"","format":"standard","meta":{"_links_to":"","_links_to_target":""},"categories":[135],"tags":[139],"yst_prominent_words":[],"acf":{"synopsis":"Andr\u00e9ia Duarte, Christine Greiner e Jos\u00e9 Fernando Peixoto de Azevedo, curadores do Semin\u00e1rio Perspectivas Anticoloniais, realizam neste encontro uma conversa aberta sobre quest\u00f5es que permeiam suas pesquisas e que tamb\u00e9m atravessam esta curadoria.\r\n","age_restriction":"0","duration":"600","director":"Andr\u00e9ia Duarte, Christine Greiner e Jos\u00e9 Fernando Peixoto de Azevedo","teaser_url":"","payment_type":"free","purchase_url":"","places":[{"place":8014,"region":"5","date":"2020-03-02 14:00:00"}],"activities":"","payment_info":"","live":false},"_links":{"self":[{"href":"https:\/\/mitsp.org\/2020\/wp-json\/wp\/v2\/posts\/8004"}],"collection":[{"href":"https:\/\/mitsp.org\/2020\/wp-json\/wp\/v2\/posts"}],"about":[{"href":"https:\/\/mitsp.org\/2020\/wp-json\/wp\/v2\/types\/post"}],"author":[{"embeddable":true,"href":"https:\/\/mitsp.org\/2020\/wp-json\/wp\/v2\/users\/1"}],"replies":[{"embeddable":true,"href":"https:\/\/mitsp.org\/2020\/wp-json\/wp\/v2\/comments?post=8004"}],"version-history":[{"count":0,"href":"https:\/\/mitsp.org\/2020\/wp-json\/wp\/v2\/posts\/8004\/revisions"}],"wp:featuredmedia":[{"embeddable":true,"href":"https:\/\/mitsp.org\/2020\/wp-json\/wp\/v2\/media\/8038"}],"wp:attachment":[{"href":"https:\/\/mitsp.org\/2020\/wp-json\/wp\/v2\/media?parent=8004"}],"wp:term":[{"taxonomy":"category","embeddable":true,"href":"https:\/\/mitsp.org\/2020\/wp-json\/wp\/v2\/categories?post=8004"},{"taxonomy":"post_tag","embeddable":true,"href":"https:\/\/mitsp.org\/2020\/wp-json\/wp\/v2\/tags?post=8004"},{"taxonomy":"yst_prominent_words","embeddable":true,"href":"https:\/\/mitsp.org\/2020\/wp-json\/wp\/v2\/yst_prominent_words?post=8004"}],"curies":[{"name":"wp","href":"https:\/\/api.w.org\/{rel}","templated":true}]}}