{"id":7997,"date":"2020-02-19T06:18:37","date_gmt":"2020-02-19T09:18:37","guid":{"rendered":"https:\/\/mitsp.org\/2020\/?p=7997"},"modified":"2020-03-10T12:43:45","modified_gmt":"2020-03-10T15:43:45","slug":"o-espectador-e-leitura-da-cena","status":"publish","type":"post","link":"https:\/\/mitsp.org\/2020\/o-espectador-e-leitura-da-cena\/","title":{"rendered":"O Espectador e a Leitura da Cena"},"content":{"rendered":"<h6><strong>Especial<\/strong><\/h6>\n<p><img class=\"size-fusion-400 wp-image-7998 alignright\" src=\"https:\/\/mitsp.org\/2020\/wp-content\/uploads\/2020\/02\/especiais-Flavio-Fesgranges-Thomas-Jolly-400x266.jpg\" alt=\"Fl\u00e1vio Fesgranges e Thomas Jolly\" width=\"400\" height=\"266\" srcset=\"https:\/\/mitsp.org\/2020\/wp-content\/uploads\/2020\/02\/especiais-Flavio-Fesgranges-Thomas-Jolly-200x133.jpg 200w, https:\/\/mitsp.org\/2020\/wp-content\/uploads\/2020\/02\/especiais-Flavio-Fesgranges-Thomas-Jolly-300x200.jpg 300w, https:\/\/mitsp.org\/2020\/wp-content\/uploads\/2020\/02\/especiais-Flavio-Fesgranges-Thomas-Jolly-400x266.jpg 400w, https:\/\/mitsp.org\/2020\/wp-content\/uploads\/2020\/02\/especiais-Flavio-Fesgranges-Thomas-Jolly-600x400.jpg 600w, https:\/\/mitsp.org\/2020\/wp-content\/uploads\/2020\/02\/especiais-Flavio-Fesgranges-Thomas-Jolly-768x511.jpg 768w, https:\/\/mitsp.org\/2020\/wp-content\/uploads\/2020\/02\/especiais-Flavio-Fesgranges-Thomas-Jolly-800x533.jpg 800w, https:\/\/mitsp.org\/2020\/wp-content\/uploads\/2020\/02\/especiais-Flavio-Fesgranges-Thomas-Jolly.jpg 1000w\" sizes=\"(max-width: 400px) 100vw, 400px\" \/><\/p>\n<h3><strong>O ESPECTADOR E A LEITURA DA CENA<\/strong><\/h3>\n<p>Como fazer face hoje \u00e0 perspectiva de expans\u00e3o dos espectadores? De que modo elaborar pol\u00edticas p\u00fablicas e modos de operar que contribuam para que o espectador construa uma rela\u00e7\u00e3o f\u00e9rtil com o espet\u00e1culo? Como pensar hoje o di\u00e1logo n\u00e3o sobre a cena, mas com a cena? A partir das tentativas de resposta a essas quest\u00f5es, o ator, diretor e cen\u00f3grafo franc\u00eas Thomas Jolly, diretor do Centro Dram\u00e1tico Nacional Le Quai em Angers, e Fl\u00e1vio Desgranges, diretor do grupo INERTE e pesquisador das rela\u00e7\u00f5es entre o espectador e a cena, exp\u00f5em seus pensamentos acerca do tema e respondem a perguntas feitas de um para o outro e tamb\u00e9m pelo p\u00fablico.<\/p>\n<p><strong>COM: <\/strong>Thomas Jolly e Fl\u00e1vio Desgranges<\/p>\n<p><strong>COORDENA\u00c7\u00c3O: <\/strong>Maria L\u00facia Pupo<\/p>\n<p><strong>Atividade gratuita e aberta ao p\u00fablico.<\/strong><\/p>\n<h4><img class=\"alignnone size-full wp-image-7991\" src=\"https:\/\/mitsp.org\/2020\/wp-content\/uploads\/2020\/02\/divider-especiais.jpg\" alt=\"\" width=\"300\" height=\"8\" srcset=\"https:\/\/mitsp.org\/2020\/wp-content\/uploads\/2020\/02\/divider-especiais-200x5.jpg 200w, https:\/\/mitsp.org\/2020\/wp-content\/uploads\/2020\/02\/divider-especiais.jpg 300w\" sizes=\"(max-width: 300px) 100vw, 300px\" \/><\/h4>\n<h4><span style=\"color: #9e1f27;\">Quando<\/span><\/h4>\n<p>11 de mar\u00e7o, quarta, das 17h \u00e0s 19h<\/p>\n<h4><span style=\"color: #9e1f27;\">Onde<\/span><\/h4>\n<p><strong><a href=\"https:\/\/goo.gl\/maps\/URYmKCGKeXhegXSm9\" target=\"_blank\" rel=\"noopener noreferrer\">Ita\u00fa Cultural, Sala Vermelha<\/a><\/strong><\/p>\n<div class=\"fusion-widget-area fusion-widget-area-1 fusion-content-widget-area\"><style type=\"text\/css\">.fusion-widget-area-1 {padding:0px 0px 0px 0px;}.fusion-widget-area-1 .widget h4 {color:#333333;}.fusion-widget-area-1 .widget .heading h4 {color:#333333;}.fusion-widget-area-1 .widget h4 {font-size:20px;}.fusion-widget-area-1 .widget .heading h4 {font-size:20px;}<\/style><div id=\"text-7\" class=\"widget widget_text\" style=\"border-style: solid;border-color:transparent;border-width:0px;\">\t\t\t<div class=\"textwidget\"><p><div class=\"fusion-fullwidth fullwidth-box fusion-builder-row-1 fusion-parallax-fixed nonhundred-percent-fullwidth non-hundred-percent-height-scrolling\" style=\"background-color: rgba(255,255,255,0);background-image: url(&quot;https:\/\/mitsp.org\/2020\/wp-content\/uploads\/2020\/01\/footer-eixos4.png&quot;);background-position: center center;background-repeat: no-repeat;padding-top:130px;padding-right:30px;padding-bottom:130px;padding-left:30px;margin-bottom: 0px;margin-top: 0px;border-width: 0px 0px 0px 0px;border-color:#eae9e9;border-style:solid;-webkit-background-size:cover;-moz-background-size:cover;-o-background-size:cover;background-size:cover;background-attachment:fixed;\" ><\/div><div class=\"fusion-fullwidth fullwidth-box fusion-builder-row-2 hundred-percent-fullwidth non-hundred-percent-height-scrolling\" style=\"background-color: rgba(255,255,255,0);background-position: center center;background-repeat: no-repeat;padding-top:0px;padding-right:0px;padding-bottom:0px;padding-left:0px;margin-bottom: 0px;margin-top: 0px;border-width: 0px 0px 0px 0px;border-color:#eae9e9;border-style:solid;\" ><div class=\"fusion-builder-row fusion-row\"><div class=\"fusion-layout-column fusion_builder_column fusion-builder-column-0 fusion_builder_column_1_1 1_1 fusion-one-full fusion-column-first fusion-column-last\" style=\"margin-top:0px;margin-bottom:20px;\"><div class=\"fusion-column-wrapper fusion-flex-column-wrapper-legacy\" style=\"background-position:left top;background-repeat:no-repeat;-webkit-background-size:cover;-moz-background-size:cover;-o-background-size:cover;background-size:cover;border-bottom:12px solid #9e1f27;padding: 0px 0px 0px 0px;\"><div class=\"fusion-clearfix\"><\/div><\/div><\/div><\/div><\/div><\/p>\n<\/div>\n\t\t<\/div><div class=\"fusion-additional-widget-content\"><\/div><\/div>\n","protected":false},"excerpt":{"rendered":"<p>Especial O ESPECTADOR E A LEITURA DA CENA Como fazer face hoje \u00e0 perspectiva de [&hellip;]<\/p>\n","protected":false},"author":1,"featured_media":7998,"comment_status":"closed","ping_status":"open","sticky":false,"template":"","format":"standard","meta":{"_links_to":"","_links_to_target":""},"categories":[135],"tags":[],"yst_prominent_words":[],"acf":{"synopsis":"O ator, diretor e cen\u00f3grafo franc\u00eas Thomas Jolly, diretor do Centro Dram\u00e1tico Nacional Le Quai em Angers, e Fl\u00e1vio Desgranges, diretor do grupo INERTE e pesquisador das rela\u00e7\u00f5es entre o espectador e a cena, conversam sobre a rela\u00e7\u00e3o da obra com o p\u00fablico.\r\n","age_restriction":"0","duration":"120","director":"Thomas Jolly e Fl\u00e1vio Desgranges","teaser_url":"","payment_type":"free","purchase_url":"","places":[{"place":6957,"region":"1","date":"2020-03-11 17:00:00"}],"activities":"","payment_info":"","live":false},"_links":{"self":[{"href":"https:\/\/mitsp.org\/2020\/wp-json\/wp\/v2\/posts\/7997"}],"collection":[{"href":"https:\/\/mitsp.org\/2020\/wp-json\/wp\/v2\/posts"}],"about":[{"href":"https:\/\/mitsp.org\/2020\/wp-json\/wp\/v2\/types\/post"}],"author":[{"embeddable":true,"href":"https:\/\/mitsp.org\/2020\/wp-json\/wp\/v2\/users\/1"}],"replies":[{"embeddable":true,"href":"https:\/\/mitsp.org\/2020\/wp-json\/wp\/v2\/comments?post=7997"}],"version-history":[{"count":0,"href":"https:\/\/mitsp.org\/2020\/wp-json\/wp\/v2\/posts\/7997\/revisions"}],"wp:featuredmedia":[{"embeddable":true,"href":"https:\/\/mitsp.org\/2020\/wp-json\/wp\/v2\/media\/7998"}],"wp:attachment":[{"href":"https:\/\/mitsp.org\/2020\/wp-json\/wp\/v2\/media?parent=7997"}],"wp:term":[{"taxonomy":"category","embeddable":true,"href":"https:\/\/mitsp.org\/2020\/wp-json\/wp\/v2\/categories?post=7997"},{"taxonomy":"post_tag","embeddable":true,"href":"https:\/\/mitsp.org\/2020\/wp-json\/wp\/v2\/tags?post=7997"},{"taxonomy":"yst_prominent_words","embeddable":true,"href":"https:\/\/mitsp.org\/2020\/wp-json\/wp\/v2\/yst_prominent_words?post=7997"}],"curies":[{"name":"wp","href":"https:\/\/api.w.org\/{rel}","templated":true}]}}