{"id":7983,"date":"2020-02-19T06:00:25","date_gmt":"2020-02-19T09:00:25","guid":{"rendered":"https:\/\/mitsp.org\/2020\/?p=7983"},"modified":"2020-02-21T06:00:37","modified_gmt":"2020-02-21T09:00:37","slug":"homenagem-francisco-medeiros","status":"publish","type":"post","link":"https:\/\/mitsp.org\/2020\/homenagem-francisco-medeiros\/","title":{"rendered":"Homenagem a Francisco Medeiros"},"content":{"rendered":"<h6><strong>Especial<\/strong><\/h6>\n<p><img class=\"size-fusion-400 wp-image-7994 alignright\" src=\"https:\/\/mitsp.org\/2020\/wp-content\/uploads\/2020\/02\/especial-Christine-Greiner-Lucienne-Gedes-2-400x266.jpg\" alt=\"Christine Greiner e Lucienne Gedes\" width=\"400\" height=\"266\" srcset=\"https:\/\/mitsp.org\/2020\/wp-content\/uploads\/2020\/02\/especial-Christine-Greiner-Lucienne-Gedes-2-200x133.jpg 200w, https:\/\/mitsp.org\/2020\/wp-content\/uploads\/2020\/02\/especial-Christine-Greiner-Lucienne-Gedes-2-300x200.jpg 300w, https:\/\/mitsp.org\/2020\/wp-content\/uploads\/2020\/02\/especial-Christine-Greiner-Lucienne-Gedes-2-400x266.jpg 400w, https:\/\/mitsp.org\/2020\/wp-content\/uploads\/2020\/02\/especial-Christine-Greiner-Lucienne-Gedes-2-600x400.jpg 600w, https:\/\/mitsp.org\/2020\/wp-content\/uploads\/2020\/02\/especial-Christine-Greiner-Lucienne-Gedes-2-768x511.jpg 768w, https:\/\/mitsp.org\/2020\/wp-content\/uploads\/2020\/02\/especial-Christine-Greiner-Lucienne-Gedes-2-800x533.jpg 800w, https:\/\/mitsp.org\/2020\/wp-content\/uploads\/2020\/02\/especial-Christine-Greiner-Lucienne-Gedes-2.jpg 1000w\" sizes=\"(max-width: 400px) 100vw, 400px\" \/><\/p>\n<h3><strong>HOMENAGEM A FRANCISCO MEDEIROS<\/strong><\/h3>\n<p>O diretor de teatro Francisco Medeiros, morto em outubro de 2019, \u00e9 homenageado neste encontro. Na primeira parte, os convidados far\u00e3o breves depoimentos e ler\u00e3o trechos da pe\u00e7a Artaud, o Esp\u00edrito do Teatro, que marcou o trabalho do diretor e venceu o Pr\u00eamio Moli\u00e8re. Na segunda parte, pessoas que assistiram a trabalhos de Medeiros ou que trabalharam diretamente com ele compartilham narrativas de suas mem\u00f3rias.<\/p>\n<p><strong>ORGANIZA\u00c7\u00c3O<\/strong>: Christine Greiner, Pl\u00ednio Soares, Jos\u00e9 Rubens Siqueira e Lucienne Guedes Fahrer<\/p>\n<p><strong>CONVIDADOS<\/strong>: Ary Fran\u00e7a, Aimar Labaki, Bel Kowarick, Dinah Feldman, Dr. Morris, Elias Andreato, Eloisa Elena, Gabriela Rabelo, Jos\u00e9 Rubens Siqueira, Luciano Gatti, Lucienne Guedes Fahrer, Marcello Airoldi, M\u00e1rcia Abujamra, Marcos Damigo, Marichilene Artisevskis, Pl\u00ednio Soares, T\u00e2nia Bondezan e Tereza Menezes<\/p>\n<h4><img class=\"alignnone size-full wp-image-7991\" src=\"https:\/\/mitsp.org\/2020\/wp-content\/uploads\/2020\/02\/divider-especiais.jpg\" alt=\"\" width=\"300\" height=\"8\" srcset=\"https:\/\/mitsp.org\/2020\/wp-content\/uploads\/2020\/02\/divider-especiais-200x5.jpg 200w, https:\/\/mitsp.org\/2020\/wp-content\/uploads\/2020\/02\/divider-especiais.jpg 300w\" sizes=\"(max-width: 300px) 100vw, 300px\" \/><\/h4>\n<h4><span style=\"color: #9e1f27;\">Quando<\/span><\/h4>\n<p>9 de mar\u00e7o, segunda, das 13h30 \u00e0s 15h30<\/p>\n<h4><span style=\"color: #9e1f27;\">Onde<\/span><\/h4>\n<p><strong><a href=\"https:\/\/goo.gl\/maps\/URYmKCGKeXhegXSm9\" target=\"_blank\" rel=\"noopener noreferrer\">Ita\u00fa Cultural, Sala Multiuso<\/a><\/strong><\/p>\n<div class=\"fusion-widget-area fusion-widget-area-1 fusion-content-widget-area\"><style type=\"text\/css\">.fusion-widget-area-1 {padding:0px 0px 0px 0px;}.fusion-widget-area-1 .widget h4 {color:#333333;}.fusion-widget-area-1 .widget .heading h4 {color:#333333;}.fusion-widget-area-1 .widget h4 {font-size:20px;}.fusion-widget-area-1 .widget .heading h4 {font-size:20px;}<\/style><div id=\"text-7\" class=\"widget widget_text\" style=\"border-style: solid;border-color:transparent;border-width:0px;\">\t\t\t<div class=\"textwidget\"><p><div class=\"fusion-fullwidth fullwidth-box fusion-builder-row-1 fusion-parallax-fixed nonhundred-percent-fullwidth non-hundred-percent-height-scrolling\" style=\"background-color: rgba(255,255,255,0);background-image: url(&quot;https:\/\/mitsp.org\/2020\/wp-content\/uploads\/2020\/01\/footer-eixos4.png&quot;);background-position: center center;background-repeat: no-repeat;padding-top:130px;padding-right:30px;padding-bottom:130px;padding-left:30px;margin-bottom: 0px;margin-top: 0px;border-width: 0px 0px 0px 0px;border-color:#eae9e9;border-style:solid;-webkit-background-size:cover;-moz-background-size:cover;-o-background-size:cover;background-size:cover;background-attachment:fixed;\" ><\/div><div class=\"fusion-fullwidth fullwidth-box fusion-builder-row-2 hundred-percent-fullwidth non-hundred-percent-height-scrolling\" style=\"background-color: rgba(255,255,255,0);background-position: center center;background-repeat: no-repeat;padding-top:0px;padding-right:0px;padding-bottom:0px;padding-left:0px;margin-bottom: 0px;margin-top: 0px;border-width: 0px 0px 0px 0px;border-color:#eae9e9;border-style:solid;\" ><div class=\"fusion-builder-row fusion-row\"><div class=\"fusion-layout-column fusion_builder_column fusion-builder-column-0 fusion_builder_column_1_1 1_1 fusion-one-full fusion-column-first fusion-column-last\" style=\"margin-top:0px;margin-bottom:20px;\"><div class=\"fusion-column-wrapper fusion-flex-column-wrapper-legacy\" style=\"background-position:left top;background-repeat:no-repeat;-webkit-background-size:cover;-moz-background-size:cover;-o-background-size:cover;background-size:cover;border-bottom:12px solid #9e1f27;padding: 0px 0px 0px 0px;\"><div class=\"fusion-clearfix\"><\/div><\/div><\/div><\/div><\/div><\/p>\n<\/div>\n\t\t<\/div><div class=\"fusion-additional-widget-content\"><\/div><\/div>\n","protected":false},"excerpt":{"rendered":"<p>Christine Greiner, Pl\u00ednio Soares, Jos\u00e9 Rubens Siqueira e Lucienne Guedes Fahrer<\/p>\n","protected":false},"author":1,"featured_media":7994,"comment_status":"closed","ping_status":"open","sticky":false,"template":"","format":"standard","meta":{"_links_to":"","_links_to_target":""},"categories":[134],"tags":[],"yst_prominent_words":[],"acf":{"synopsis":"O diretor de teatro Francisco Medeiros, morto em 2019, \u00e9 homenageado. Na primeira parte, os convidados far\u00e3o depoimentos e ler\u00e3o trechos da pe\u00e7a Artaud, o Esp\u00edrito do Teatro. Na segunda parte, colegas compartilham narrativas de suas mem\u00f3rias.\r\n","age_restriction":"0","duration":"120","director":"Christine Greiner, Pl\u00ednio Soares, Jos\u00e9 Rubens Siqueira e Lucienne Guedes Fahrer","teaser_url":"","payment_type":"free","purchase_url":"","places":[{"place":6957,"region":"1","date":"2020-03-08 13:30:00"}],"activities":"","payment_info":"","live":false},"_links":{"self":[{"href":"https:\/\/mitsp.org\/2020\/wp-json\/wp\/v2\/posts\/7983"}],"collection":[{"href":"https:\/\/mitsp.org\/2020\/wp-json\/wp\/v2\/posts"}],"about":[{"href":"https:\/\/mitsp.org\/2020\/wp-json\/wp\/v2\/types\/post"}],"author":[{"embeddable":true,"href":"https:\/\/mitsp.org\/2020\/wp-json\/wp\/v2\/users\/1"}],"replies":[{"embeddable":true,"href":"https:\/\/mitsp.org\/2020\/wp-json\/wp\/v2\/comments?post=7983"}],"version-history":[{"count":0,"href":"https:\/\/mitsp.org\/2020\/wp-json\/wp\/v2\/posts\/7983\/revisions"}],"wp:featuredmedia":[{"embeddable":true,"href":"https:\/\/mitsp.org\/2020\/wp-json\/wp\/v2\/media\/7994"}],"wp:attachment":[{"href":"https:\/\/mitsp.org\/2020\/wp-json\/wp\/v2\/media?parent=7983"}],"wp:term":[{"taxonomy":"category","embeddable":true,"href":"https:\/\/mitsp.org\/2020\/wp-json\/wp\/v2\/categories?post=7983"},{"taxonomy":"post_tag","embeddable":true,"href":"https:\/\/mitsp.org\/2020\/wp-json\/wp\/v2\/tags?post=7983"},{"taxonomy":"yst_prominent_words","embeddable":true,"href":"https:\/\/mitsp.org\/2020\/wp-json\/wp\/v2\/yst_prominent_words?post=7983"}],"curies":[{"name":"wp","href":"https:\/\/api.w.org\/{rel}","templated":true}]}}