{"id":7287,"date":"2020-02-10T16:28:40","date_gmt":"2020-02-10T19:28:40","guid":{"rendered":"https:\/\/mitsp.org\/2020\/?p=7287"},"modified":"2020-03-17T15:57:38","modified_gmt":"2020-03-17T18:57:38","slug":"the-claim","status":"publish","type":"post","link":"https:\/\/mitsp.org\/2020\/en\/the-claim\/","title":{"rendered":"THE CLAIM"},"content":{"rendered":"<p><div class=\"fusion-fullwidth fullwidth-box fusion-builder-row-1 nonhundred-percent-fullwidth non-hundred-percent-height-scrolling\" style=\"background-color: rgba(255,255,255,0);background-position: center center;background-repeat: no-repeat;padding-top:0px;padding-right:0px;padding-bottom:0px;padding-left:0px;margin-bottom: 0px;margin-top: 0px;border-width: 0px 0px 0px 0px;border-color:#eae9e9;border-style:solid;\" ><div class=\"fusion-builder-row fusion-row\"><div class=\"fusion-layout-column fusion_builder_column fusion-builder-column-0 fusion_builder_column_1_1 1_1 fusion-one-full fusion-column-first fusion-column-last\" style=\"margin-top:0px;margin-bottom:20px;\"><div class=\"fusion-column-wrapper fusion-flex-column-wrapper-legacy\" style=\"background-position:left top;background-repeat:no-repeat;-webkit-background-size:cover;-moz-background-size:cover;-o-background-size:cover;background-size:cover;padding: 0px 0px 0px 0px;\"><div class=\"fusion-text fusion-text-1\"><h2><strong>THE CLAIM<\/strong><\/h2>\n<div class=\"fusion-sep-clear\"><\/div><div class=\"fusion-separator fusion-full-width-sep\" style=\"margin-left: auto;margin-right: auto;margin-bottom:-30px;width:100%;\"><\/div><div class=\"fusion-sep-clear\"><\/div>\n<h4><b>Mark Maughan e Tim Cowbury<\/b><\/h4>\n<p><span style=\"font-weight: 400;\">UK, <\/span><span style=\"font-weight: 400;\">2017 | <\/span><span style=\"font-weight: 400;\">1h15min | PARENTAL RATING 12+<\/span><\/p>\n<\/div><div class=\"fusion-clearfix\"><\/div><\/div><\/div><div class=\"fusion-layout-column fusion_builder_column fusion-builder-column-1 fusion_builder_column_1_1 1_1 fusion-one-full fusion-column-first fusion-column-last fusion-column-no-min-height\" style=\"margin-top:0px;margin-bottom:20px;\"><div class=\"fusion-column-wrapper fusion-flex-column-wrapper-legacy\" style=\"background-position:left top;background-repeat:no-repeat;-webkit-background-size:cover;-moz-background-size:cover;-o-background-size:cover;background-size:cover;padding: 0px 0px 0px 0px;\"><div class=\"fusion-text fusion-text-2\"><h6 style=\"text-align: right;\"><img class=\"size-full wp-image-8697 aligncenter\" src=\"https:\/\/mitsp.org\/2020\/wp-content\/uploads\/2020\/01\/the-claim_John-Hunter.jpg\" alt=\"The Claim \u00a9John Hunter\" width=\"1200\" height=\"700\" srcset=\"https:\/\/mitsp.org\/2020\/wp-content\/uploads\/2020\/01\/the-claim_John-Hunter-200x117.jpg 200w, https:\/\/mitsp.org\/2020\/wp-content\/uploads\/2020\/01\/the-claim_John-Hunter-300x175.jpg 300w, https:\/\/mitsp.org\/2020\/wp-content\/uploads\/2020\/01\/the-claim_John-Hunter-400x233.jpg 400w, https:\/\/mitsp.org\/2020\/wp-content\/uploads\/2020\/01\/the-claim_John-Hunter-600x350.jpg 600w, https:\/\/mitsp.org\/2020\/wp-content\/uploads\/2020\/01\/the-claim_John-Hunter-768x448.jpg 768w, https:\/\/mitsp.org\/2020\/wp-content\/uploads\/2020\/01\/the-claim_John-Hunter-800x467.jpg 800w, https:\/\/mitsp.org\/2020\/wp-content\/uploads\/2020\/01\/the-claim_John-Hunter-1024x597.jpg 1024w, https:\/\/mitsp.org\/2020\/wp-content\/uploads\/2020\/01\/the-claim_John-Hunter.jpg 1200w\" sizes=\"(max-width: 1200px) 100vw, 1200px\" \/>John Hunter<\/h6>\n<\/div><div class=\"fusion-clearfix\"><\/div><\/div><\/div><\/div><\/div><div class=\"fusion-fullwidth fullwidth-box fusion-builder-row-2 nonhundred-percent-fullwidth non-hundred-percent-height-scrolling\" style=\"background-color: rgba(255,255,255,0);background-position: center center;background-repeat: no-repeat;padding-top:0px;padding-right:0px;padding-bottom:0px;padding-left:0px;margin-bottom: 0px;margin-top: 0px;border-width: 0px 0px 0px 0px;border-color:#eae9e9;border-style:solid;\" ><div class=\"fusion-builder-row fusion-row\"><div class=\"fusion-layout-column fusion_builder_column fusion-builder-column-2 fusion_builder_column_1_2 1_2 fusion-one-half fusion-column-first\" style=\"width:50%;width:calc(50% - ( ( 4% ) * 0.5 ) );margin-right: 4%;margin-top:-20px;margin-bottom:20px;\"><div class=\"fusion-column-wrapper fusion-flex-column-wrapper-legacy\" style=\"background-position:left top;background-repeat:no-repeat;-webkit-background-size:cover;-moz-background-size:cover;-o-background-size:cover;background-size:cover;padding: 0px 0px 0px 0px;\"><div class=\"fusion-text fusion-text-3\"><h3>10\/3, \u00e0s 21h<br \/>\n11\/3, \u00e0s 21h<br \/>\n12\/3, \u00e0s 21h<\/h3>\n<h4><strong>PLACE: <a href=\"https:\/\/goo.gl\/maps\/Q1h5awoGPHB7iQBHA\" target=\"_blank\" rel=\"noopener noreferrer\">Teatro Cultura Inglesa Pinheiros<\/a><\/strong><\/h4>\n<\/div><div class=\"fusion-clearfix\"><\/div><\/div><\/div><div class=\"fusion-layout-column fusion_builder_column fusion-builder-column-3 fusion_builder_column_1_2 1_2 fusion-one-half fusion-column-last\" style=\"width:50%;width:calc(50% - ( ( 4% ) * 0.5 ) );margin-top:0px;margin-bottom:20px;\"><div class=\"fusion-column-wrapper fusion-flex-column-wrapper-legacy\" style=\"background-position:left top;background-repeat:no-repeat;-webkit-background-size:cover;-moz-background-size:cover;-o-background-size:cover;background-size:cover;padding: 0px 0px 0px 0px;\"><div class=\"fusion-align-block\"><style>.fusion-body .fusion-button.button-1 .fusion-button-text{color:#ffffff;text-transform:none;}.fusion-body .fusion-button.button-1{border-color:#ffffff;border-radius:0px 0px 0px 0px;background:#a0cf76;}.fusion-body .fusion-button.button-1 i,.fusion-body .fusion-button.button-1:hover .fusion-button-text,.fusion-body .fusion-button.button-1:hover i,.fusion-body .fusion-button.button-1:focus .fusion-button-text,.fusion-body .fusion-button.button-1:focus i,.fusion-body .fusion-button.button-1:active .fusion-button-text,.fusion-body .fusion-button.button-1:active i{color:#ffffff;}.fusion-body .fusion-button.button-1:hover,.fusion-body .fusion-button.button-1:active,.fusion-body .fusion-button.button-1:focus{border-color:#ffffff;background:#a0cf76;}<\/style><a class=\"fusion-button button-flat button-xlarge button-custom button-1 fusion-button-span-yes fusion-button-default-type\" target=\"_blank\" rel=\"noopener noreferrer\" href=\"https:\/\/bileto.sympla.com.br\/event\/64581\"><span class=\"fusion-button-text\"> Ticket<\/span><\/a><\/div><div class=\"fusion-clearfix\"><\/div><\/div><\/div><\/div><\/div><div class=\"fusion-fullwidth fullwidth-box fusion-builder-row-3 hide nonhundred-percent-fullwidth non-hundred-percent-height-scrolling fusion-equal-height-columns\" style=\"background-color: rgba(255,255,255,0);background-position: center center;background-repeat: no-repeat;padding-top:0px;padding-right:0px;padding-bottom:0px;padding-left:0px;margin-bottom: 0px;margin-top: 60px;border-width: 0px 0px 0px 0px;border-color:#eae9e9;border-style:solid;\" ><div class=\"fusion-builder-row fusion-row\"><div class=\"fusion-layout-column fusion_builder_column fusion-builder-column-4 fusion_builder_column_1_4 1_4 fusion-one-fourth fusion-column-first\" style=\"width:25%;width:calc(25% - ( ( 5px ) * 0.25 ) );margin-right: 5px;margin-top:0px;margin-bottom:20px;\"><div class=\"fusion-column-wrapper fusion-flex-column-wrapper-legacy\" style=\"background-position:left top;background-repeat:no-repeat;-webkit-background-size:cover;-moz-background-size:cover;-o-background-size:cover;background-size:cover;padding: 0px 0px 0px 0px;\"><div class=\"fusion-column-content-centered\"><div class=\"fusion-column-content\"><div class=\"fusion-align-block\"><style>.fusion-body .fusion-button.button-2 .fusion-button-text{color:#ffffff;text-transform:uppercase;}.fusion-body .fusion-button.button-2{border-color:#ffffff;border-radius:0px 0px 0px 0px;background:#515151;}.fusion-body .fusion-button.button-2 i,.fusion-body .fusion-button.button-2:hover .fusion-button-text,.fusion-body .fusion-button.button-2:hover i,.fusion-body .fusion-button.button-2:focus .fusion-button-text,.fusion-body .fusion-button.button-2:focus i,.fusion-body .fusion-button.button-2:active .fusion-button-text,.fusion-body .fusion-button.button-2:active i{color:#ffffff;}.fusion-body .fusion-button.button-2:hover,.fusion-body .fusion-button.button-2:active,.fusion-body .fusion-button.button-2:focus{border-color:#ffffff;background:#3f3f3f;}<\/style><a class=\"fusion-button button-flat button-large button-custom button-2 fusion-button-span-yes fusion-button-default-type\" target=\"_blank\" rel=\"noopener noreferrer\" href=\"https:\/\/mitsp.org\/2019\/pensamento-em-processo\/\"><span class=\"fusion-button-text\">PENSAMENTO EM PROCESSO<\/span><\/a><\/div><\/div><\/div><div class=\"fusion-clearfix\"><\/div><\/div><\/div><div class=\"fusion-layout-column fusion_builder_column fusion-builder-column-5 fusion_builder_column_2_5 2_5 fusion-two-fifth fusion-column-last\" style=\"width:40%;width:calc(40% - ( ( 5px ) * 0.4 ) );margin-top:0px;margin-bottom:20px;\"><div class=\"fusion-column-wrapper fusion-flex-column-wrapper-legacy\" style=\"background-position:left top;background-repeat:no-repeat;-webkit-background-size:cover;-moz-background-size:cover;-o-background-size:cover;background-size:cover;padding: 0px 0px 0px 0px;\"><div class=\"fusion-column-content-centered\"><div class=\"fusion-column-content\"><div class=\"fusion-align-block\"><style>.fusion-body .fusion-button.button-3 .fusion-button-text{color:#ffffff;text-transform:uppercase;}.fusion-body .fusion-button.button-3{border-color:#ffffff;border-radius:0px 0px 0px 0px;background:#515151;}.fusion-body .fusion-button.button-3 i,.fusion-body .fusion-button.button-3:hover .fusion-button-text,.fusion-body .fusion-button.button-3:hover i,.fusion-body .fusion-button.button-3:focus .fusion-button-text,.fusion-body .fusion-button.button-3:focus i,.fusion-body .fusion-button.button-3:active .fusion-button-text,.fusion-body .fusion-button.button-3:active i{color:#ffffff;}.fusion-body .fusion-button.button-3:hover,.fusion-body .fusion-button.button-3:active,.fusion-body .fusion-button.button-3:focus{border-color:#ffffff;background:#3f3f3f;}<\/style><a class=\"fusion-button button-flat button-large button-custom button-3 fusion-button-span-yes fusion-button-default-type\" target=\"_blank\" rel=\"noopener noreferrer\" href=\"https:\/\/mitsp.org\/2019\/dialogo-entre-milo-rau-e-wagner-schwartz\/\"><span class=\"fusion-button-text\">DI\u00c1LOGO ENTRE MILO RAU E WAGNER SCHWARTZ<\/span><\/a><\/div><\/div><\/div><div class=\"fusion-clearfix\"><\/div><\/div><\/div><\/div><\/div><div class=\"fusion-fullwidth fullwidth-box fusion-builder-row-4 nonhundred-percent-fullwidth non-hundred-percent-height-scrolling fusion-equal-height-columns\" style=\"background-color: rgba(255,255,255,0);background-position: center center;background-repeat: no-repeat;padding-top:0px;padding-right:0px;padding-bottom:0px;padding-left:0px;margin-bottom: 60px;margin-top: 60px;border-width: 0px 0px 0px 0px;border-color:#eae9e9;border-style:solid;\" ><div class=\"fusion-builder-row fusion-row\"><div class=\"fusion-layout-column fusion_builder_column fusion-builder-column-6 fusion_builder_column_4_5 4_5 fusion-four-fifth fusion-column-first\" style=\"width:80%;width:calc(80% - ( ( 30px ) * 0.8 ) );margin-right: 30px;margin-top:0px;margin-bottom:20px;\"><div class=\"fusion-column-wrapper fusion-flex-column-wrapper-legacy\" style=\"background-position:left top;background-repeat:no-repeat;-webkit-background-size:cover;-moz-background-size:cover;-o-background-size:cover;background-size:cover;padding: 0px 0px 0px 0px;\"><div class=\"fusion-text fusion-text-4\"><p style=\"padding-left: 120px;\"><img class=\" wp-image-7224 alignleft\" src=\"https:\/\/mitsp.org\/2020\/wp-content\/uploads\/2020\/02\/tit-sinopsis-en.jpg\" alt=\"Synopsis\" width=\"63\" height=\"279\" srcset=\"https:\/\/mitsp.org\/2020\/wp-content\/uploads\/2020\/02\/tit-sinopsis-en-68x300.jpg 68w, https:\/\/mitsp.org\/2020\/wp-content\/uploads\/2020\/02\/tit-sinopsis-en.jpg 71w\" sizes=\"(max-width: 63px) 100vw, 63px\" \/><\/p>\n<p>First partnership between director Mark Maughan and playwright Tim Cowbury, the show explores the flaws and injustices of refugee asylum systems. The play starts with Serge&#8217;s story, an exile from Congo, who comes across a British immigration officer. The conversation, initially friendly and welcoming, soon proves to be somewhat cut short. Despite knowing the refugee&#8217;s language, the agent does not seem to understand him or let him tell his story. Disagreements increase with the arrival of a second officer, who does not speak Serge&#8217;s French, and the interview of the immigrant, with bureaucratic questions and misinterpretations. In a comic and absurd tone, the narrative invests in the strength of the text, full of word games. Thus, it questions the purpose of asylum organizations, bound to a Kafkaesque system &#8211; the title of the play, by the way, is a reference to The Process, by Franz Kafka\u2013, and debates our lack of listening to the other.<\/p>\n<\/div><div class=\"fusion-sep-clear\"><\/div><div class=\"fusion-separator fusion-full-width-sep\" style=\"margin-left: auto;margin-right: auto;margin-top:60px;width:100%;\"><\/div><div class=\"fusion-sep-clear\"><\/div><div class=\"fusion-video fusion-youtube\" style=\"max-width:900px;max-height:480px;\"><div class=\"video-shortcode\"><iframe title=\"YouTube video player 1\" src=\"https:\/\/www.youtube.com\/embed\/qQRmdRa_-YM?wmode=transparent&autoplay=0\" width=\"900\" height=\"480\" allowfullscreen allow=\"autoplay; fullscreen\"><\/iframe><\/div><\/div><div class=\"fusion-sep-clear\"><\/div><div class=\"fusion-separator fusion-full-width-sep\" style=\"margin-left: auto;margin-right: auto;margin-top:60px;width:100%;\"><\/div><div class=\"fusion-sep-clear\"><\/div><div class=\"fusion-text fusion-text-5\"><p style=\"padding-left: 120px;\"><span style=\"font-weight: 400;\"><img class=\" wp-image-7226 alignleft\" src=\"https:\/\/mitsp.org\/2020\/wp-content\/uploads\/2020\/02\/tit-history-en-70x300.jpg\" alt=\"History\" width=\"54\" height=\"231\" \/>Playwright Tim Cowbury is one of the founders of the Made in China group, he was part of productions such as Get Stuff Break Free (National Theatre), Gym Party (Battersea Arts Centre) and Double Double Act (Unicorn Theatre), he studied dramaturgy at the Royal Court Theatre and coordinated writing groups at the Arcola Theatre and Battersea Arts Centre. He holds a master&#8217;s degree in dramaturgy from Goldsmiths University, where he received a research grant in arts and humanities. Director Mark Maughan studied modern and medieval languages at the University of Cambridge and holds a master&#8217;s degree in Theatre direction from the University of London. He staged shows like Unwritten Letters (Bush Theatre) and C&#8217;Est la Vie (The Coronet Theatre). The Claim&#8217;s research, the first collaboration between Cowbury and Maughan, also developed to the video installation I Am Just My Words, a series of interviews with immigrants who sought asylum.<\/span><\/p>\n<\/div><div class=\"fusion-sep-clear\"><\/div><div class=\"fusion-separator fusion-full-width-sep\" style=\"margin-left: auto;margin-right: auto;margin-top:30px;width:100%;\"><\/div><div class=\"fusion-sep-clear\"><\/div><div class=\"fusion-text fusion-text-6\"><h2 style=\"text-align: right;\"><span style=\"font-size: 44px; color: #353439;\">CRITICS<\/span><\/h2>\n<p><em><span style=\"font-weight: 400;\">The Claim<\/span><span style=\"font-weight: 400;\">\u00a0is a masterclass in the pitfalls of language, a taut, funny but ultimately massively unsettling piece of work which is a stark and vital reminder of interpretation, viewpoint and how our black and white systems don&#8217;t make enough room for vulnerable people.\u00a0<\/span><\/em><\/p>\n<p><strong><a href=\"https:\/\/www.whatsonstage.com\/london-theatre\/reviews\/the-claim-shoreditch-town-hall_45579.html\">DAISY BOWIE-SELL, What&#8217;s on Stage<\/a><\/strong><\/p>\n<p><em><span style=\"font-weight: 400;\">Then confirmation-bias, basic ignorance and time-pressured reactions ensure that the Kafkaesque proceedings darken in a memorably horrible way.<\/span><\/em><\/p>\n<p><strong><a href=\"https:\/\/www.telegraph.co.uk\/theatre\/what-to-see\/best-theatre-shows-edinburgh-fringe-2019-reviews-like-animals\/\">DOMINIC CAVENDISH, The Telegraph<\/a><\/strong><\/p>\n<p><em><span style=\"font-weight: 400;\">Cowbury makes a host of points. One is that language is always a minefield: even when the two officials call themselves \u201cpartners\u201d, the word is open to various interpretations. Cowbury also suggests that no one in authority really listens to what others have to say: while Serge\u2019s life is at stake, the two officials are playing their own power games or dwelling on the holiday potential of the Greek island of Ios. And how, the play asks, can they possibly gauge the truth of Serge\u2019s story when they admit to embellishing their own narratives?<\/span><\/em><\/p>\n<p><strong><a href=\"https:\/\/www.theguardian.com\/stage\/2018\/jan\/18\/the-claim-review-asylum-seeker-shoreditch-town-hall\">MICHAEL BILLINGTON, The Guardian<\/a><\/strong><\/p>\n<\/div><div class=\"fusion-sep-clear\"><\/div><div class=\"fusion-separator fusion-full-width-sep\" style=\"margin-left: auto;margin-right: auto;margin-top:60px;width:100%;\"><\/div><div class=\"fusion-sep-clear\"><\/div><div class=\"fusion-text fusion-text-7\"><h2 style=\"text-align: left;\"><span style=\"font-size: 44px; color: #353439;\">TECHNICAL SHEET<\/span><\/h2>\n<p><strong>TEXT:<\/strong> Tim Cowbury<br \/>\n<strong>DIRECTOR:<\/strong> Mark Maughan<br \/>\n<strong>CAST:<\/strong> Tonderai Munyevu, Nick Blakeley and Indra Ov\u00e9<br \/>\n<strong>SET DESIGN:<\/strong> Emma Bailey<br \/>\n<strong>SOUND DESIGN:<\/strong> Lewis Gibson<br \/>\n<strong>LIGHTING DESIGN:<\/strong> Joshua Pharo<br \/>\n<strong>PRODUCER:<\/strong> Lauren Mooney<\/p>\n<p style=\"text-align: right;\"><strong>SUPPORTED BY THE BRITISH COUNCIL AND CULTURA INGLESA<\/strong><\/p>\n<\/div><div class=\"fusion-clearfix\"><\/div><\/div><\/div><div class=\"fusion-layout-column fusion_builder_column fusion-builder-column-7 fusion_builder_column_1_5 1_5 fusion-one-fifth fusion-column-last hide\" style=\"width:20%;width:calc(20% - ( ( 30px ) * 0.2 ) );margin-top:0px;margin-bottom:20px;\"><div class=\"fusion-column-wrapper fusion-flex-column-wrapper-legacy\" style=\"background-position:left top;background-repeat:no-repeat;-webkit-background-size:cover;-moz-background-size:cover;-o-background-size:cover;background-size:cover;border-left:3px solid #e0efd2;padding: 0px 0px 0px 30px;\"><div class=\"fusion-align-block\"><style>.fusion-body .fusion-button.button-4{border-color:#ffffff;border-radius:0px 0px 0px 0px;background:#a0cf76;}.fusion-body .fusion-button.button-4 .fusion-button-text,.fusion-body .fusion-button.button-4 i,.fusion-body .fusion-button.button-4:hover .fusion-button-text,.fusion-body .fusion-button.button-4:hover i,.fusion-body .fusion-button.button-4:focus .fusion-button-text,.fusion-body .fusion-button.button-4:focus i,.fusion-body .fusion-button.button-4:active .fusion-button-text,.fusion-body .fusion-button.button-4:active i{color:#ffffff;}.fusion-body .fusion-button.button-4:hover,.fusion-body .fusion-button.button-4:active,.fusion-body .fusion-button.button-4:focus{border-color:#ffffff;background:#a0cf76;}<\/style><a class=\"fusion-button button-flat button-xlarge button-custom button-4 fusion-button-span-yes fusion-button-default-type\" target=\"_self\"><span class=\"fusion-button-text\">ENTREVISTA<\/span><\/a><\/div><div class=\"fusion-recent-posts fusion-recent-posts-1 avada-container layout-default layout-columns-1\"><section class=\"fusion-columns columns fusion-columns-1 columns-1\"><article class=\"post fusion-column column col col-lg-12 col-md-12 col-sm-12\"><div class=\"fusion-flexslider fusion-flexslider-loading flexslider flexslider-hover-type-none\"><ul class=\"slides\"><li><a href=\"https:\/\/mitsp.org\/2020\/biblioteca-mario-de-andrade-apresenta-cancioneiro-terminal-programacao-da-mitbr-de-2020-em-formato-on-line\/\" aria-label=\"Biblioteca M\u00e1rio de Andrade apresenta Cancioneiro Terminal, programa\u00e7\u00e3o da MITbr de 2020, em formato on-line\" class=\"hover-type-none\"><img width=\"700\" height=\"323\" src=\"https:\/\/mitsp.org\/2020\/wp-content\/uploads\/2020\/06\/cancioneiroterminal-live-1-700x323.jpg\" class=\"attachment-recent-posts size-recent-posts\" alt=\"Cancioneiro Terminal\" \/><\/a><\/li><\/ul><\/div><div class=\"recent-posts-content\"><h4 class=\"\"><a href=\"https:\/\/mitsp.org\/2020\/biblioteca-mario-de-andrade-apresenta-cancioneiro-terminal-programacao-da-mitbr-de-2020-em-formato-on-line\/\">Biblioteca M\u00e1rio de Andrade apresenta Cancioneiro Terminal, programa\u00e7\u00e3o da MITbr de 2020, em formato on-line<\/a><\/h4><p class=\"meta\"><span>10  junho  2020<\/span><span class=\"fusion-inline-sep\">|<\/span><\/p><\/div><\/article><article class=\"post fusion-column column col col-lg-12 col-md-12 col-sm-12\"><div class=\"fusion-flexslider fusion-flexslider-loading flexslider flexslider-hover-type-none\"><ul class=\"slides\"><li><a href=\"https:\/\/mitsp.org\/2020\/escuta-das-historias-vozes-silencios-e-lutas-em-paisagens-sonoras-por-wellington-junior\/\" aria-label=\"A escuta das hist\u00f3rias: vozes, sil\u00eancios e lutas em paisagens sonoras por Wellington J\u00fanior\" class=\"hover-type-none\"><img width=\"700\" height=\"441\" src=\"https:\/\/mitsp.org\/2020\/wp-content\/uploads\/2020\/03\/49628571918_8386e0ec86_o-700x441.jpg\" class=\"attachment-recent-posts size-recent-posts\" alt=\"S\u00e1bado Descontra\u00eddo @Guto Muniz\" srcset=\"https:\/\/mitsp.org\/2020\/wp-content\/uploads\/2020\/03\/49628571918_8386e0ec86_o-320x202.jpg 320w, https:\/\/mitsp.org\/2020\/wp-content\/uploads\/2020\/03\/49628571918_8386e0ec86_o-700x441.jpg 700w\" sizes=\"(max-width: 700px) 100vw, 700px\" \/><\/a><\/li><\/ul><\/div><div class=\"recent-posts-content\"><h4 class=\"\"><a href=\"https:\/\/mitsp.org\/2020\/escuta-das-historias-vozes-silencios-e-lutas-em-paisagens-sonoras-por-wellington-junior\/\">A escuta das hist\u00f3rias: vozes, sil\u00eancios e lutas em paisagens sonoras  <h6>por Wellington J\u00fanior<\/h6><\/a><\/h4><p class=\"meta\"><span>3  junho  2020<\/span><span class=\"fusion-inline-sep\">|<\/span><\/p><\/div><\/article><article class=\"post fusion-column column col col-lg-12 col-md-12 col-sm-12\"><div class=\"fusion-flexslider fusion-flexslider-loading flexslider flexslider-hover-type-none\"><ul class=\"slides\"><li><a href=\"https:\/\/mitsp.org\/2020\/centro-cultural-fiesp-exibe-na-integra-em-suas-redes-sociais-o-espetaculo-portugues-sopro-programado-pela-mitsp-de-2020\/\" aria-label=\"Centro Cultural Fiesp exibe na \u00edntegra, em suas redes sociais, o espet\u00e1culo portugu\u00eas Sopro, programado pela MITsp de 2020\" class=\"hover-type-none\"><img width=\"700\" height=\"258\" src=\"https:\/\/mitsp.org\/2020\/wp-content\/uploads\/2020\/05\/banner-sopro-ao-vivo-700x258.jpg\" class=\"attachment-recent-posts size-recent-posts\" alt=\"Sopro\" \/><\/a><\/li><\/ul><\/div><div class=\"recent-posts-content\"><h4 class=\"\"><a href=\"https:\/\/mitsp.org\/2020\/centro-cultural-fiesp-exibe-na-integra-em-suas-redes-sociais-o-espetaculo-portugues-sopro-programado-pela-mitsp-de-2020\/\">Centro Cultural Fiesp exibe na \u00edntegra, em suas redes sociais, o espet\u00e1culo portugu\u00eas Sopro, programado pela MITsp de 2020<\/a><\/h4><p class=\"meta\"><span>30  maio  2020<\/span><span class=\"fusion-inline-sep\">|<\/span><\/p><\/div><\/article><article class=\"post fusion-column column col col-lg-12 col-md-12 col-sm-12\"><div class=\"fusion-flexslider fusion-flexslider-loading flexslider flexslider-hover-type-none\"><ul class=\"slides\"><li><a href=\"https:\/\/mitsp.org\/2020\/teatro-ensino-e-aprendizagem-por-renan-ji\/\" aria-label=\"Teatro, ensino e aprendizagem por Renan Ji\" class=\"hover-type-none\"><img width=\"700\" height=\"441\" src=\"https:\/\/mitsp.org\/2020\/wp-content\/uploads\/2020\/03\/49647576031_63ca927b44_o-700x441.jpg\" class=\"attachment-recent-posts size-recent-posts\" alt=\"By Heart @Guto Muniz\" srcset=\"https:\/\/mitsp.org\/2020\/wp-content\/uploads\/2020\/03\/49647576031_63ca927b44_o-320x202.jpg 320w, https:\/\/mitsp.org\/2020\/wp-content\/uploads\/2020\/03\/49647576031_63ca927b44_o-700x441.jpg 700w\" sizes=\"(max-width: 700px) 100vw, 700px\" \/><\/a><\/li><\/ul><\/div><div class=\"recent-posts-content\"><h4 class=\"\"><a href=\"https:\/\/mitsp.org\/2020\/teatro-ensino-e-aprendizagem-por-renan-ji\/\">Teatro, ensino e aprendizagem  <h6>por Renan Ji<\/h6><\/a><\/h4><p class=\"meta\"><span>25  maio  2020<\/span><span class=\"fusion-inline-sep\">|<\/span><\/p><\/div><\/article><article class=\"post fusion-column column col col-lg-12 col-md-12 col-sm-12\"><div class=\"fusion-flexslider fusion-flexslider-loading flexslider flexslider-hover-type-none\"><ul class=\"slides\"><li><a href=\"https:\/\/mitsp.org\/2020\/quando-voltaremos-respirar-juntos-por-clovis-domingos\/\" aria-label=\"Quando voltaremos a respirar juntos? por Cl\u00f3vis Domingos\" class=\"hover-type-none\"><img width=\"700\" height=\"441\" src=\"https:\/\/mitsp.org\/2020\/wp-content\/uploads\/2020\/03\/49633008737_2c9fe3a1ca_o-700x441.jpg\" class=\"attachment-recent-posts size-recent-posts\" alt=\"O que Fazer Daqui para Tr\u00e1s @Guto Muniz\" srcset=\"https:\/\/mitsp.org\/2020\/wp-content\/uploads\/2020\/03\/49633008737_2c9fe3a1ca_o-320x202.jpg 320w, https:\/\/mitsp.org\/2020\/wp-content\/uploads\/2020\/03\/49633008737_2c9fe3a1ca_o-700x441.jpg 700w\" sizes=\"(max-width: 700px) 100vw, 700px\" \/><\/a><\/li><\/ul><\/div><div class=\"recent-posts-content\"><h4 class=\"\"><a href=\"https:\/\/mitsp.org\/2020\/quando-voltaremos-respirar-juntos-por-clovis-domingos\/\">Quando voltaremos a respirar juntos?  <h6>por Cl\u00f3vis Domingos<\/h6><\/a><\/h4><p class=\"meta\"><span>25  maio  2020<\/span><span class=\"fusion-inline-sep\">|<\/span><\/p><\/div><\/article><article class=\"post fusion-column column col col-lg-12 col-md-12 col-sm-12\"><div class=\"fusion-flexslider fusion-flexslider-loading flexslider flexslider-hover-type-none\"><ul class=\"slides\"><li><a href=\"https:\/\/mitsp.org\/2020\/mitsp-apresenta-espetaculos-da-mitbr-em-formato-online\/\" aria-label=\"MITsp apresenta espet\u00e1culos da MITbr em formato online\" class=\"hover-type-none\"><img width=\"700\" height=\"323\" src=\"https:\/\/mitsp.org\/2020\/wp-content\/uploads\/2020\/05\/banner-mitbr-ao-vivo02-700x323.jpg\" class=\"attachment-recent-posts size-recent-posts\" alt=\"\" \/><\/a><\/li><\/ul><\/div><div class=\"recent-posts-content\"><h4 class=\"\"><a href=\"https:\/\/mitsp.org\/2020\/mitsp-apresenta-espetaculos-da-mitbr-em-formato-online\/\">MITsp apresenta espet\u00e1culos da MITbr em formato online<\/a><\/h4><p class=\"meta\"><span>19  maio  2020<\/span><span class=\"fusion-inline-sep\">|<\/span><\/p><\/div><\/article><\/section><\/div><div class=\"fusion-align-block\"><style>.fusion-body .fusion-button.button-5{border-color:#ffffff;border-radius:0px 0px 0px 0px;background:#a0cf76;}.fusion-body .fusion-button.button-5 .fusion-button-text,.fusion-body .fusion-button.button-5 i,.fusion-body .fusion-button.button-5:hover .fusion-button-text,.fusion-body .fusion-button.button-5:hover i,.fusion-body .fusion-button.button-5:focus .fusion-button-text,.fusion-body .fusion-button.button-5:focus i,.fusion-body .fusion-button.button-5:active .fusion-button-text,.fusion-body .fusion-button.button-5:active i{color:#ffffff;}.fusion-body .fusion-button.button-5:hover,.fusion-body .fusion-button.button-5:active,.fusion-body .fusion-button.button-5:focus{border-color:#ffffff;background:#a0cf76;}<\/style><a class=\"fusion-button button-flat button-xlarge button-custom button-5 fusion-button-span-yes fusion-button-default-type\" target=\"_self\"><span class=\"fusion-button-text\">Cr\u00edticas<\/span><\/a><\/div><div class=\"fusion-recent-posts fusion-recent-posts-2 avada-container layout-default layout-columns-1\"><section class=\"fusion-columns columns fusion-columns-1 columns-1\"><article class=\"post fusion-column column col col-lg-12 col-md-12 col-sm-12\"><div class=\"fusion-flexslider fusion-flexslider-loading flexslider flexslider-hover-type-none\"><ul class=\"slides\"><li><a href=\"https:\/\/mitsp.org\/2020\/biblioteca-mario-de-andrade-apresenta-cancioneiro-terminal-programacao-da-mitbr-de-2020-em-formato-on-line\/\" aria-label=\"Biblioteca M\u00e1rio de Andrade apresenta Cancioneiro Terminal, programa\u00e7\u00e3o da MITbr de 2020, em formato on-line\" class=\"hover-type-none\"><img width=\"700\" height=\"323\" src=\"https:\/\/mitsp.org\/2020\/wp-content\/uploads\/2020\/06\/cancioneiroterminal-live-1-700x323.jpg\" class=\"attachment-recent-posts size-recent-posts\" alt=\"Cancioneiro Terminal\" \/><\/a><\/li><\/ul><\/div><div class=\"recent-posts-content\"><h4 class=\"\"><a href=\"https:\/\/mitsp.org\/2020\/biblioteca-mario-de-andrade-apresenta-cancioneiro-terminal-programacao-da-mitbr-de-2020-em-formato-on-line\/\">Biblioteca M\u00e1rio de Andrade apresenta Cancioneiro Terminal, programa\u00e7\u00e3o da MITbr de 2020, em formato on-line<\/a><\/h4><p class=\"meta\"><span>10  junho  2020<\/span><span class=\"fusion-inline-sep\">|<\/span><\/p><\/div><\/article><article class=\"post fusion-column column col col-lg-12 col-md-12 col-sm-12\"><div class=\"fusion-flexslider fusion-flexslider-loading flexslider flexslider-hover-type-none\"><ul class=\"slides\"><li><a href=\"https:\/\/mitsp.org\/2020\/escuta-das-historias-vozes-silencios-e-lutas-em-paisagens-sonoras-por-wellington-junior\/\" aria-label=\"A escuta das hist\u00f3rias: vozes, sil\u00eancios e lutas em paisagens sonoras por Wellington J\u00fanior\" class=\"hover-type-none\"><img width=\"700\" height=\"441\" src=\"https:\/\/mitsp.org\/2020\/wp-content\/uploads\/2020\/03\/49628571918_8386e0ec86_o-700x441.jpg\" class=\"attachment-recent-posts size-recent-posts\" alt=\"S\u00e1bado Descontra\u00eddo @Guto Muniz\" srcset=\"https:\/\/mitsp.org\/2020\/wp-content\/uploads\/2020\/03\/49628571918_8386e0ec86_o-320x202.jpg 320w, https:\/\/mitsp.org\/2020\/wp-content\/uploads\/2020\/03\/49628571918_8386e0ec86_o-700x441.jpg 700w\" sizes=\"(max-width: 700px) 100vw, 700px\" \/><\/a><\/li><\/ul><\/div><div class=\"recent-posts-content\"><h4 class=\"\"><a href=\"https:\/\/mitsp.org\/2020\/escuta-das-historias-vozes-silencios-e-lutas-em-paisagens-sonoras-por-wellington-junior\/\">A escuta das hist\u00f3rias: vozes, sil\u00eancios e lutas em paisagens sonoras  <h6>por Wellington J\u00fanior<\/h6><\/a><\/h4><p class=\"meta\"><span>3  junho  2020<\/span><span class=\"fusion-inline-sep\">|<\/span><\/p><\/div><\/article><article class=\"post fusion-column column col col-lg-12 col-md-12 col-sm-12\"><div class=\"fusion-flexslider fusion-flexslider-loading flexslider flexslider-hover-type-none\"><ul class=\"slides\"><li><a href=\"https:\/\/mitsp.org\/2020\/centro-cultural-fiesp-exibe-na-integra-em-suas-redes-sociais-o-espetaculo-portugues-sopro-programado-pela-mitsp-de-2020\/\" aria-label=\"Centro Cultural Fiesp exibe na \u00edntegra, em suas redes sociais, o espet\u00e1culo portugu\u00eas Sopro, programado pela MITsp de 2020\" class=\"hover-type-none\"><img width=\"700\" height=\"258\" src=\"https:\/\/mitsp.org\/2020\/wp-content\/uploads\/2020\/05\/banner-sopro-ao-vivo-700x258.jpg\" class=\"attachment-recent-posts size-recent-posts\" alt=\"Sopro\" \/><\/a><\/li><\/ul><\/div><div class=\"recent-posts-content\"><h4 class=\"\"><a href=\"https:\/\/mitsp.org\/2020\/centro-cultural-fiesp-exibe-na-integra-em-suas-redes-sociais-o-espetaculo-portugues-sopro-programado-pela-mitsp-de-2020\/\">Centro Cultural Fiesp exibe na \u00edntegra, em suas redes sociais, o espet\u00e1culo portugu\u00eas Sopro, programado pela MITsp de 2020<\/a><\/h4><p class=\"meta\"><span>30  maio  2020<\/span><span class=\"fusion-inline-sep\">|<\/span><\/p><\/div><\/article><article class=\"post fusion-column column col col-lg-12 col-md-12 col-sm-12\"><div class=\"fusion-flexslider fusion-flexslider-loading flexslider flexslider-hover-type-none\"><ul class=\"slides\"><li><a href=\"https:\/\/mitsp.org\/2020\/teatro-ensino-e-aprendizagem-por-renan-ji\/\" aria-label=\"Teatro, ensino e aprendizagem por Renan Ji\" class=\"hover-type-none\"><img width=\"700\" height=\"441\" src=\"https:\/\/mitsp.org\/2020\/wp-content\/uploads\/2020\/03\/49647576031_63ca927b44_o-700x441.jpg\" class=\"attachment-recent-posts size-recent-posts\" alt=\"By Heart @Guto Muniz\" srcset=\"https:\/\/mitsp.org\/2020\/wp-content\/uploads\/2020\/03\/49647576031_63ca927b44_o-320x202.jpg 320w, https:\/\/mitsp.org\/2020\/wp-content\/uploads\/2020\/03\/49647576031_63ca927b44_o-700x441.jpg 700w\" sizes=\"(max-width: 700px) 100vw, 700px\" \/><\/a><\/li><\/ul><\/div><div class=\"recent-posts-content\"><h4 class=\"\"><a href=\"https:\/\/mitsp.org\/2020\/teatro-ensino-e-aprendizagem-por-renan-ji\/\">Teatro, ensino e aprendizagem  <h6>por Renan Ji<\/h6><\/a><\/h4><p class=\"meta\"><span>25  maio  2020<\/span><span class=\"fusion-inline-sep\">|<\/span><\/p><\/div><\/article><article class=\"post fusion-column column col col-lg-12 col-md-12 col-sm-12\"><div class=\"fusion-flexslider fusion-flexslider-loading flexslider flexslider-hover-type-none\"><ul class=\"slides\"><li><a href=\"https:\/\/mitsp.org\/2020\/quando-voltaremos-respirar-juntos-por-clovis-domingos\/\" aria-label=\"Quando voltaremos a respirar juntos? por Cl\u00f3vis Domingos\" class=\"hover-type-none\"><img width=\"700\" height=\"441\" src=\"https:\/\/mitsp.org\/2020\/wp-content\/uploads\/2020\/03\/49633008737_2c9fe3a1ca_o-700x441.jpg\" class=\"attachment-recent-posts size-recent-posts\" alt=\"O que Fazer Daqui para Tr\u00e1s @Guto Muniz\" srcset=\"https:\/\/mitsp.org\/2020\/wp-content\/uploads\/2020\/03\/49633008737_2c9fe3a1ca_o-320x202.jpg 320w, https:\/\/mitsp.org\/2020\/wp-content\/uploads\/2020\/03\/49633008737_2c9fe3a1ca_o-700x441.jpg 700w\" sizes=\"(max-width: 700px) 100vw, 700px\" \/><\/a><\/li><\/ul><\/div><div class=\"recent-posts-content\"><h4 class=\"\"><a href=\"https:\/\/mitsp.org\/2020\/quando-voltaremos-respirar-juntos-por-clovis-domingos\/\">Quando voltaremos a respirar juntos?  <h6>por Cl\u00f3vis Domingos<\/h6><\/a><\/h4><p class=\"meta\"><span>25  maio  2020<\/span><span class=\"fusion-inline-sep\">|<\/span><\/p><\/div><\/article><article class=\"post fusion-column column col col-lg-12 col-md-12 col-sm-12\"><div class=\"fusion-flexslider fusion-flexslider-loading flexslider flexslider-hover-type-none\"><ul class=\"slides\"><li><a href=\"https:\/\/mitsp.org\/2020\/mitsp-apresenta-espetaculos-da-mitbr-em-formato-online\/\" aria-label=\"MITsp apresenta espet\u00e1culos da MITbr em formato online\" class=\"hover-type-none\"><img width=\"700\" height=\"323\" src=\"https:\/\/mitsp.org\/2020\/wp-content\/uploads\/2020\/05\/banner-mitbr-ao-vivo02-700x323.jpg\" class=\"attachment-recent-posts size-recent-posts\" alt=\"\" \/><\/a><\/li><\/ul><\/div><div class=\"recent-posts-content\"><h4 class=\"\"><a href=\"https:\/\/mitsp.org\/2020\/mitsp-apresenta-espetaculos-da-mitbr-em-formato-online\/\">MITsp apresenta espet\u00e1culos da MITbr em formato online<\/a><\/h4><p class=\"meta\"><span>19  maio  2020<\/span><span class=\"fusion-inline-sep\">|<\/span><\/p><\/div><\/article><\/section><\/div><div class=\"fusion-clearfix\"><\/div><\/div><\/div><\/div><\/div><div class=\"fusion-fullwidth fullwidth-box fusion-builder-row-5 hundred-percent-fullwidth non-hundred-percent-height-scrolling\" style=\"background-color: rgba(255,255,255,0);background-position: center center;background-repeat: no-repeat;padding-top:0px;padding-right:0px;padding-bottom:0px;padding-left:0px;margin-bottom: 0px;margin-top: 0px;border-width: 0px 0px 0px 0px;border-color:#eae9e9;border-style:solid;\" ><div class=\"fusion-builder-row fusion-row\"><div class=\"fusion-layout-column fusion_builder_column fusion-builder-column-8 fusion_builder_column_1_1 1_1 fusion-one-full fusion-column-first fusion-column-last\" style=\"margin-top:0px;margin-bottom:20px;\"><div class=\"fusion-column-wrapper fusion-flex-column-wrapper-legacy\" style=\"background-position:left top;background-repeat:no-repeat;-webkit-background-size:cover;-moz-background-size:cover;-o-background-size:cover;background-size:cover;padding: 0px 0px 0px 0px;\"><div class=\"fusion-widget-area fusion-widget-area-1 fusion-content-widget-area\"><style type=\"text\/css\">.fusion-widget-area-1 {padding:0px 0px 0px 0px;}.fusion-widget-area-1 .widget h4 {color:#333333;}.fusion-widget-area-1 .widget .heading h4 {color:#333333;}.fusion-widget-area-1 .widget h4 {font-size:20px;}.fusion-widget-area-1 .widget .heading h4 {font-size:20px;}<\/style><div id=\"text-5\" class=\"widget widget_text\">\t\t\t<div class=\"textwidget\"><p><div class=\"fusion-fullwidth fullwidth-box fusion-builder-row-5-1 fusion-parallax-fixed nonhundred-percent-fullwidth non-hundred-percent-height-scrolling\" style=\"background-color: rgba(255,255,255,0);background-image: url(&quot;https:\/\/mitsp.org\/2020\/wp-content\/uploads\/2019\/12\/fundo-espera-mitsp2020-1.jpg&quot;);background-position: center center;background-repeat: no-repeat;padding-top:130px;padding-right:30px;padding-bottom:130px;padding-left:30px;margin-bottom: 0px;margin-top: 0px;border-width: 0px 0px 0px 0px;border-color:#eae9e9;border-style:solid;-webkit-background-size:cover;-moz-background-size:cover;-o-background-size:cover;background-size:cover;background-attachment:fixed;\" ><div class=\"fusion-builder-row fusion-row\"><div class=\"fusion-layout-column fusion_builder_column fusion-builder-column-8 fusion_builder_column_1_1 1_1 fusion-one-full fusion-column-first fusion-column-last\" style=\"margin-top:0px;margin-bottom:20px;\"><div class=\"fusion-column-wrapper fusion-flex-column-wrapper-legacy\" style=\"background-position:left top;background-repeat:no-repeat;-webkit-background-size:cover;-moz-background-size:cover;-o-background-size:cover;background-size:cover;padding: 0px 0px 0px 0px;\"><div class=\"fusion-clearfix\"><\/div><\/div><\/div><\/div><\/div><div class=\"fusion-fullwidth fullwidth-box fusion-builder-row-5-2 hundred-percent-fullwidth non-hundred-percent-height-scrolling\" style=\"background-color: rgba(255,255,255,0);background-position: center center;background-repeat: no-repeat;padding-top:0px;padding-right:0px;padding-bottom:0px;padding-left:0px;margin-bottom: 0px;margin-top: 0px;border-width: 0px 0px 0px 0px;border-color:#eae9e9;border-style:solid;\" ><div class=\"fusion-builder-row fusion-row\"><div class=\"fusion-layout-column fusion_builder_column fusion-builder-column-9 fusion_builder_column_1_1 1_1 fusion-one-full fusion-column-first fusion-column-last\" style=\"margin-top:0px;margin-bottom:20px;\"><div class=\"fusion-column-wrapper fusion-flex-column-wrapper-legacy\" style=\"background-position:left top;background-repeat:no-repeat;-webkit-background-size:cover;-moz-background-size:cover;-o-background-size:cover;background-size:cover;border-bottom:12px solid #a0cf76;padding: 0px 0px 0px 0px;\"><div class=\"fusion-clearfix\"><\/div><\/div><\/div><\/div><\/div><\/p>\n<\/div>\n\t\t<\/div><div class=\"fusion-additional-widget-content\"><\/div><\/div><div class=\"fusion-clearfix\"><\/div><\/div><\/div><\/div><\/div><\/p>\n","protected":false},"excerpt":{"rendered":"<p>Mark Maughan e Tim Cowbury<\/p>\n","protected":false},"author":1,"featured_media":8698,"comment_status":"closed","ping_status":"closed","sticky":false,"template":"","format":"standard","meta":{"_links_to":"","_links_to_target":""},"categories":[133,122],"tags":[],"yst_prominent_words":[],"acf":{"synopsis":"First partnership between director Mark Maughan and playwright Tim Cowbury, the show explores, in a comical and absurd tone, the flaws and injustices of asylum systems for refugees and our lack of listening to the other. \r\n","age_restriction":"12","duration":"75","director":"Mark Maughan e Tim Cowbury","teaser_url":"https:\/\/youtu.be\/qQRmdRa_-YM","payment_type":"paid","purchase_url":"https:\/\/bileto.sympla.com.br\/event\/64581","places":[{"place":7772,"region":"1","date":"2020-03-10 21:00:00"},{"place":7772,"region":"1","date":"2020-03-11 21:00:00"},{"place":7772,"region":"1","date":"2020-03-12 21:00:00"}],"activities":"","payment_info":"","live":false,"price":"R$ 40 e R$ 20 (meia-entrada)","sold_by":"Sympla"},"_links":{"self":[{"href":"https:\/\/mitsp.org\/2020\/wp-json\/wp\/v2\/posts\/7287"}],"collection":[{"href":"https:\/\/mitsp.org\/2020\/wp-json\/wp\/v2\/posts"}],"about":[{"href":"https:\/\/mitsp.org\/2020\/wp-json\/wp\/v2\/types\/post"}],"author":[{"embeddable":true,"href":"https:\/\/mitsp.org\/2020\/wp-json\/wp\/v2\/users\/1"}],"replies":[{"embeddable":true,"href":"https:\/\/mitsp.org\/2020\/wp-json\/wp\/v2\/comments?post=7287"}],"version-history":[{"count":0,"href":"https:\/\/mitsp.org\/2020\/wp-json\/wp\/v2\/posts\/7287\/revisions"}],"wp:featuredmedia":[{"embeddable":true,"href":"https:\/\/mitsp.org\/2020\/wp-json\/wp\/v2\/media\/8698"}],"wp:attachment":[{"href":"https:\/\/mitsp.org\/2020\/wp-json\/wp\/v2\/media?parent=7287"}],"wp:term":[{"taxonomy":"category","embeddable":true,"href":"https:\/\/mitsp.org\/2020\/wp-json\/wp\/v2\/categories?post=7287"},{"taxonomy":"post_tag","embeddable":true,"href":"https:\/\/mitsp.org\/2020\/wp-json\/wp\/v2\/tags?post=7287"},{"taxonomy":"yst_prominent_words","embeddable":true,"href":"https:\/\/mitsp.org\/2020\/wp-json\/wp\/v2\/yst_prominent_words?post=7287"}],"curies":[{"name":"wp","href":"https:\/\/api.w.org\/{rel}","templated":true}]}}