{"id":7268,"date":"2020-02-10T15:31:11","date_gmt":"2020-02-10T18:31:11","guid":{"rendered":"https:\/\/mitsp.org\/2020\/?p=7268"},"modified":"2020-03-15T12:38:12","modified_gmt":"2020-03-15T15:38:12","slug":"the-solar-anus","status":"publish","type":"post","link":"https:\/\/mitsp.org\/2020\/en\/the-solar-anus\/","title":{"rendered":"THE SOLAR ANUS &#8211;  Canceled"},"content":{"rendered":"<p><div class=\"fusion-fullwidth fullwidth-box fusion-builder-row-1 nonhundred-percent-fullwidth non-hundred-percent-height-scrolling\" style=\"background-color: rgba(255,255,255,0);background-position: center center;background-repeat: no-repeat;padding-top:0px;padding-right:0px;padding-bottom:0px;padding-left:0px;margin-bottom: 0px;margin-top: 0px;border-width: 0px 0px 0px 0px;border-color:#eae9e9;border-style:solid;\" ><div class=\"fusion-builder-row fusion-row\"><div class=\"fusion-layout-column fusion_builder_column fusion-builder-column-0 fusion_builder_column_1_1 1_1 fusion-one-full fusion-column-first fusion-column-last\" style=\"margin-top:0px;margin-bottom:20px;\"><div class=\"fusion-column-wrapper fusion-flex-column-wrapper-legacy\" style=\"background-position:left top;background-repeat:no-repeat;-webkit-background-size:cover;-moz-background-size:cover;-o-background-size:cover;background-size:cover;padding: 0px 0px 0px 0px;\"><div class=\"fusion-text fusion-text-1\"><h2><strong>THE SOLAR ANUS<\/strong><\/h2>\n<div class=\"fusion-sep-clear\"><\/div><div class=\"fusion-separator fusion-full-width-sep\" style=\"margin-left: auto;margin-right: auto;margin-bottom:-30px;width:100%;\"><\/div><div class=\"fusion-sep-clear\"><\/div>\n<p><strong>Original Title:\u00a0 <\/strong>O \u00c2nus Solar<\/p>\n<h4>Maikon K<\/h4>\n<p><span style=\"font-weight: 400;\">CURITIBA \/ PR, 2017 | 90min | PARENTAL RATING 18+<\/span><\/p>\n<\/div><div class=\"fusion-clearfix\"><\/div><\/div><\/div><div class=\"fusion-layout-column fusion_builder_column fusion-builder-column-1 fusion_builder_column_1_1 1_1 fusion-one-full fusion-column-first fusion-column-last fusion-column-no-min-height\" style=\"margin-top:0px;margin-bottom:20px;\"><div class=\"fusion-column-wrapper fusion-flex-column-wrapper-legacy\" style=\"background-position:left top;background-repeat:no-repeat;-webkit-background-size:cover;-moz-background-size:cover;-o-background-size:cover;background-size:cover;padding: 0px 0px 0px 0px;\"><div class=\"fusion-text fusion-text-2\"><h6 style=\"text-align: right;\"><img class=\"alignnone size-full wp-image-6067\" src=\"https:\/\/mitsp.org\/2020\/wp-content\/uploads\/2020\/02\/Anus-Solar_Lauro-Borges.jpg\" alt=\"Anus Solar \u00a9Lauro Borges\" width=\"1200\" height=\"700\" srcset=\"https:\/\/mitsp.org\/2020\/wp-content\/uploads\/2020\/02\/Anus-Solar_Lauro-Borges-200x117.jpg 200w, https:\/\/mitsp.org\/2020\/wp-content\/uploads\/2020\/02\/Anus-Solar_Lauro-Borges-300x175.jpg 300w, https:\/\/mitsp.org\/2020\/wp-content\/uploads\/2020\/02\/Anus-Solar_Lauro-Borges-400x233.jpg 400w, https:\/\/mitsp.org\/2020\/wp-content\/uploads\/2020\/02\/Anus-Solar_Lauro-Borges-600x350.jpg 600w, https:\/\/mitsp.org\/2020\/wp-content\/uploads\/2020\/02\/Anus-Solar_Lauro-Borges-768x448.jpg 768w, https:\/\/mitsp.org\/2020\/wp-content\/uploads\/2020\/02\/Anus-Solar_Lauro-Borges-800x467.jpg 800w, https:\/\/mitsp.org\/2020\/wp-content\/uploads\/2020\/02\/Anus-Solar_Lauro-Borges-1024x597.jpg 1024w, https:\/\/mitsp.org\/2020\/wp-content\/uploads\/2020\/02\/Anus-Solar_Lauro-Borges.jpg 1200w\" sizes=\"(max-width: 1200px) 100vw, 1200px\" \/><br \/>\n\u00a9Lauro Borges<\/h6>\n<\/div><div class=\"fusion-clearfix\"><\/div><\/div><\/div><\/div><\/div><div class=\"fusion-fullwidth fullwidth-box fusion-builder-row-2 nonhundred-percent-fullwidth non-hundred-percent-height-scrolling\" style=\"background-color: rgba(255,255,255,0);background-position: center center;background-repeat: no-repeat;padding-top:0px;padding-right:0px;padding-bottom:0px;padding-left:0px;margin-bottom: 0px;margin-top: 0px;border-width: 0px 0px 0px 0px;border-color:#eae9e9;border-style:solid;\" ><div class=\"fusion-builder-row fusion-row\"><div class=\"fusion-layout-column fusion_builder_column fusion-builder-column-2 fusion_builder_column_1_2 1_2 fusion-one-half fusion-column-first\" style=\"width:50%;width:calc(50% - ( ( 4% ) * 0.5 ) );margin-right: 4%;margin-top:-20px;margin-bottom:20px;\"><div class=\"fusion-column-wrapper fusion-flex-column-wrapper-legacy\" style=\"background-position:left top;background-repeat:no-repeat;-webkit-background-size:cover;-moz-background-size:cover;-o-background-size:cover;background-size:cover;padding: 0px 0px 0px 0px;\"><div class=\"fusion-text fusion-text-3\"><h3>14\/3, at 18h30<br \/>\n15\/3, at 18h30<\/h3>\n<h4><strong>PLACE: <a href=\"https:\/\/goo.gl\/maps\/Fw47MvcGkcxnxfX66\" target=\"_blank\" rel=\"noopener noreferrer\">Centro Cultural S\u00e3o Paulo &#8211; espa\u00e7o c\u00eanico Ademar Guerra<\/a><\/strong><\/h4>\n<\/div><div class=\"fusion-clearfix\"><\/div><\/div><\/div><div class=\"fusion-layout-column fusion_builder_column fusion-builder-column-3 fusion_builder_column_1_2 1_2 fusion-one-half fusion-column-last\" style=\"width:50%;width:calc(50% - ( ( 4% ) * 0.5 ) );margin-top:0px;margin-bottom:20px;\"><div class=\"fusion-column-wrapper fusion-flex-column-wrapper-legacy\" style=\"background-position:left top;background-repeat:no-repeat;-webkit-background-size:cover;-moz-background-size:cover;-o-background-size:cover;background-size:cover;padding: 0px 0px 0px 0px;\"><div class=\"fusion-align-block\"><style>.fusion-body .fusion-button.button-1 .fusion-button-text{color:#ffffff;text-transform:none;}.fusion-body .fusion-button.button-1{border-color:#ffffff;border-radius:0px 0px 0px 0px;background:#81675b;}.fusion-body .fusion-button.button-1 i,.fusion-body .fusion-button.button-1:hover .fusion-button-text,.fusion-body .fusion-button.button-1:hover i,.fusion-body .fusion-button.button-1:focus .fusion-button-text,.fusion-body .fusion-button.button-1:focus i,.fusion-body .fusion-button.button-1:active .fusion-button-text,.fusion-body .fusion-button.button-1:active i{color:#ffffff;}.fusion-body .fusion-button.button-1:hover,.fusion-body .fusion-button.button-1:active,.fusion-body .fusion-button.button-1:focus{border-color:#ffffff;background:#81675b;}<\/style><a class=\"fusion-button button-flat button-xlarge button-custom button-1 fusion-button-span-yes fusion-button-default-type\" target=\"_blank\" rel=\"noopener noreferrer\" href=\"https:\/\/bileto.sympla.com.br\/event\/64580\"><span class=\"fusion-button-text\">Ticket<\/span><\/a><\/div><div class=\"fusion-clearfix\"><\/div><\/div><\/div><\/div><\/div><div class=\"fusion-fullwidth fullwidth-box fusion-builder-row-3 hide nonhundred-percent-fullwidth non-hundred-percent-height-scrolling fusion-equal-height-columns\" style=\"background-color: rgba(255,255,255,0);background-position: center center;background-repeat: no-repeat;padding-top:0px;padding-right:0px;padding-bottom:0px;padding-left:0px;margin-bottom: 0px;margin-top: 60px;border-width: 0px 0px 0px 0px;border-color:#eae9e9;border-style:solid;\" ><div class=\"fusion-builder-row fusion-row\"><div class=\"fusion-layout-column fusion_builder_column fusion-builder-column-4 fusion_builder_column_1_4 1_4 fusion-one-fourth fusion-column-first\" style=\"width:25%;width:calc(25% - ( ( 5px ) * 0.25 ) );margin-right: 5px;margin-top:0px;margin-bottom:20px;\"><div class=\"fusion-column-wrapper fusion-flex-column-wrapper-legacy\" style=\"background-position:left top;background-repeat:no-repeat;-webkit-background-size:cover;-moz-background-size:cover;-o-background-size:cover;background-size:cover;padding: 0px 0px 0px 0px;\"><div class=\"fusion-column-content-centered\"><div class=\"fusion-column-content\"><div class=\"fusion-align-block\"><style>.fusion-body .fusion-button.button-2 .fusion-button-text{color:#ffffff;text-transform:uppercase;}.fusion-body .fusion-button.button-2{border-color:#ffffff;border-radius:0px 0px 0px 0px;background:#515151;}.fusion-body .fusion-button.button-2 i,.fusion-body .fusion-button.button-2:hover .fusion-button-text,.fusion-body .fusion-button.button-2:hover i,.fusion-body .fusion-button.button-2:focus .fusion-button-text,.fusion-body .fusion-button.button-2:focus i,.fusion-body .fusion-button.button-2:active .fusion-button-text,.fusion-body .fusion-button.button-2:active i{color:#ffffff;}.fusion-body .fusion-button.button-2:hover,.fusion-body .fusion-button.button-2:active,.fusion-body .fusion-button.button-2:focus{border-color:#ffffff;background:#3f3f3f;}<\/style><a class=\"fusion-button button-flat button-large button-custom button-2 fusion-button-span-yes fusion-button-default-type\" target=\"_blank\" rel=\"noopener noreferrer\" href=\"https:\/\/mitsp.org\/2019\/pensamento-em-processo\/\"><span class=\"fusion-button-text\">PENSAMENT- EM-PROCESSO<\/span><\/a><\/div><\/div><\/div><div class=\"fusion-clearfix\"><\/div><\/div><\/div><\/div><\/div><div class=\"fusion-fullwidth fullwidth-box fusion-builder-row-4 nonhundred-percent-fullwidth non-hundred-percent-height-scrolling fusion-equal-height-columns\" style=\"background-color: rgba(255,255,255,0);background-position: center center;background-repeat: no-repeat;padding-top:0px;padding-right:0px;padding-bottom:0px;padding-left:0px;margin-bottom: 60px;margin-top: 60px;border-width: 0px 0px 0px 0px;border-color:#eae9e9;border-style:solid;\" ><div class=\"fusion-builder-row fusion-row\"><div class=\"fusion-layout-column fusion_builder_column fusion-builder-column-5 fusion_builder_column_4_5 4_5 fusion-four-fifth fusion-column-first\" style=\"width:80%;width:calc(80% - ( ( 30px ) * 0.8 ) );margin-right: 30px;margin-top:0px;margin-bottom:20px;\"><div class=\"fusion-column-wrapper fusion-flex-column-wrapper-legacy\" style=\"background-position:left top;background-repeat:no-repeat;-webkit-background-size:cover;-moz-background-size:cover;-o-background-size:cover;background-size:cover;padding: 0px 0px 0px 0px;\"><div class=\"fusion-text fusion-text-4\"><p style=\"padding-left: 120px;\"><img class=\" wp-image-7224 alignleft\" src=\"https:\/\/mitsp.org\/2020\/wp-content\/uploads\/2020\/02\/tit-sinopsis-en.jpg\" alt=\"Synopsis\" width=\"58\" height=\"258\" \/><\/p>\n<p>A short surrealist text by the French Georges Bataille, The Solar Anus inspires the work of Maikon K who creates a kind of scenic ritual based on the subjects covered by the book &#8211; such as the criticism of the civilization concept and social rules, besides questioning the way we deal with pleasure and death. The artist moves around performance, theatrical and musical blocks, bringing up the erotic drive enclosed in suppression and taboos. Over the performance, speeches and objects are used and then ditched: it is as if the body, failing to be transcended or silenced, would be divided and decomposed into different voices and images. The performer also evokes the surrealist and ecstatic writing of Bataille&#8217;s text, joining gestures and images that, placed side by side, lose or change their original meaning.<\/p>\n<\/div><div class=\"fusion-sep-clear\"><\/div><div class=\"fusion-separator fusion-full-width-sep\" style=\"margin-left: auto;margin-right: auto;margin-top:60px;width:100%;\"><\/div><div class=\"fusion-sep-clear\"><\/div><div class=\"fusion-video fusion-youtube\" style=\"max-width:900px;max-height:480px;\"><div class=\"video-shortcode\"><iframe title=\"YouTube video player 1\" src=\"https:\/\/www.youtube.com\/embed\/yve7MQTdjZI?wmode=transparent&autoplay=0\" width=\"900\" height=\"480\" allowfullscreen allow=\"autoplay; fullscreen\"><\/iframe><\/div><\/div><div class=\"fusion-sep-clear\"><\/div><div class=\"fusion-separator fusion-full-width-sep\" style=\"margin-left: auto;margin-right: auto;margin-top:60px;width:100%;\"><\/div><div class=\"fusion-sep-clear\"><\/div><div class=\"fusion-text fusion-text-5\"><p style=\"padding-left: 120px;\"><span style=\"font-weight: 400;\"><img class=\" wp-image-7226 alignleft\" src=\"https:\/\/mitsp.org\/2020\/wp-content\/uploads\/2020\/02\/tit-history-en-70x300.jpg\" alt=\"History\" width=\"54\" height=\"231\" \/>Performance artist, Maikon K started his studies in the performing arts. Graduated in social sciences focusing on theatre anthropology, since 2002 he has researched ways to change consciousness through rites and movement. Moved by shamanic practices, his work pinpoints on the body and its ability to change perceptions. In his works, the performer unfolds in several realities through particular techniques and expressions, such as song, non-verbal sound, dance and ritualized activities. Some of his shows are Corpo Ancestral, DNA de DAN and Neblina Canibal.<\/span><\/p>\n<\/div><div class=\"fusion-sep-clear\"><\/div><div class=\"fusion-separator fusion-full-width-sep\" style=\"margin-left: auto;margin-right: auto;margin-top:30px;width:100%;\"><\/div><div class=\"fusion-sep-clear\"><\/div><div class=\"fusion-text fusion-text-6\"><h2 style=\"text-align: right;\"><span style=\"font-size: 44px; color: #353439;\">CRITICS<\/span><\/h2>\n<p><em><span style=\"font-weight: 400;\">Maikon K&#8217;s performance and Bataille&#8217;s thinking remind us that we cannot shirk in the face of our finitude, with all that it is unsettling. Instead of trying to bypass or domesticate it, Bataillian thought and the art of Maikon K promote an encounter with it. Hence, if we want to address this issue in its radicalism, we can say that <\/span><span style=\"font-weight: 400;\">The Solar Anus<\/span><span style=\"font-weight: 400;\"> teaches us to die.<\/span><\/em><\/p>\n<p><strong><a href=\"http:\/\/bocasmalditas.com.br\/o-que-fazemos-de-nossa-finitude-notas-sobre-o-anus-solar-e-dna-de-dan-de-maikon-k\/\">DANIEL VERGINELLI GALANTIN, Bocas Malditas<\/a><\/strong><\/p>\n<\/div><div class=\"fusion-sep-clear\"><\/div><div class=\"fusion-separator fusion-full-width-sep\" style=\"margin-left: auto;margin-right: auto;margin-top:60px;width:100%;\"><\/div><div class=\"fusion-sep-clear\"><\/div><div class=\"fusion-text fusion-text-7\"><h2 style=\"text-align: left;\"><span style=\"font-size: 44px; color: #353439;\">TECHNICAL SHEET<\/span><\/h2>\n<p><strong>CONCEPT AND PERFORMANCE:<\/strong> Maikon K<br \/>\n<strong>ASSESSMENT:<\/strong> Patr\u00edcia Saravy<br \/>\n<strong>LIGHTING:<\/strong> F\u00e1bia Regina<br \/>\n<strong>SOUND:<\/strong> Beto Kloster<br \/>\n<strong>COSTUMES:<\/strong> Faetusa Tezelli<br \/>\n<strong>SET TECHNICIAN:<\/strong> Andr\u00e9 Bali\u00fa<br \/>\n<strong>SOUND ADVISING:<\/strong> Iria Braga<br \/>\n<strong>VIDEO:<\/strong> Tathy Yazigi (recording) and Stephany Mattan\u00f3 (edition)<br \/>\n<strong>PRODUCTION:<\/strong> Corpo Rastreado<br \/>\n<strong>PHOTOS:<\/strong> Lauro Borges<\/p>\n<h5 style=\"text-align: right;\">This show was devised with the support of Pr\u00eamio Funarte Myriam Muniz de Teatro 2015<\/h5>\n<\/div><div class=\"fusion-clearfix\"><\/div><\/div><\/div><div class=\"fusion-layout-column fusion_builder_column fusion-builder-column-6 fusion_builder_column_1_5 1_5 fusion-one-fifth fusion-column-last hide\" style=\"width:20%;width:calc(20% - ( ( 30px ) * 0.2 ) );margin-top:0px;margin-bottom:20px;\"><div class=\"fusion-column-wrapper fusion-flex-column-wrapper-legacy\" style=\"background-position:left top;background-repeat:no-repeat;-webkit-background-size:cover;-moz-background-size:cover;-o-background-size:cover;background-size:cover;border-left:3px solid #cfc3bd;padding: 0px 0px 0px 30px;\"><div class=\"fusion-align-block\"><style>.fusion-body .fusion-button.button-3{border-color:#ffffff;border-radius:0px 0px 0px 0px;background:#81675b;}.fusion-body .fusion-button.button-3 .fusion-button-text,.fusion-body .fusion-button.button-3 i,.fusion-body .fusion-button.button-3:hover .fusion-button-text,.fusion-body .fusion-button.button-3:hover i,.fusion-body .fusion-button.button-3:focus .fusion-button-text,.fusion-body .fusion-button.button-3:focus i,.fusion-body .fusion-button.button-3:active .fusion-button-text,.fusion-body .fusion-button.button-3:active i{color:#ffffff;}.fusion-body .fusion-button.button-3:hover,.fusion-body .fusion-button.button-3:active,.fusion-body .fusion-button.button-3:focus{border-color:#ffffff;background:#81675b;}<\/style><a class=\"fusion-button button-flat button-xlarge button-custom button-3 fusion-button-span-yes fusion-button-default-type\" target=\"_self\"><span class=\"fusion-button-text\">ENTREVISTA<\/span><\/a><\/div><div class=\"fusion-recent-posts fusion-recent-posts-1 avada-container layout-default layout-columns-1\"><section class=\"fusion-columns columns fusion-columns-1 columns-1\"><article class=\"post fusion-column column col col-lg-12 col-md-12 col-sm-12\"><div class=\"fusion-flexslider fusion-flexslider-loading flexslider flexslider-hover-type-none\"><ul class=\"slides\"><li><a href=\"https:\/\/mitsp.org\/2020\/biblioteca-mario-de-andrade-apresenta-cancioneiro-terminal-programacao-da-mitbr-de-2020-em-formato-on-line\/\" aria-label=\"Biblioteca M\u00e1rio de Andrade apresenta Cancioneiro Terminal, programa\u00e7\u00e3o da MITbr de 2020, em formato on-line\" class=\"hover-type-none\"><img width=\"700\" height=\"323\" src=\"https:\/\/mitsp.org\/2020\/wp-content\/uploads\/2020\/06\/cancioneiroterminal-live-1-700x323.jpg\" class=\"attachment-recent-posts size-recent-posts\" alt=\"Cancioneiro Terminal\" \/><\/a><\/li><\/ul><\/div><div class=\"recent-posts-content\"><h4 class=\"\"><a href=\"https:\/\/mitsp.org\/2020\/biblioteca-mario-de-andrade-apresenta-cancioneiro-terminal-programacao-da-mitbr-de-2020-em-formato-on-line\/\">Biblioteca M\u00e1rio de Andrade apresenta Cancioneiro Terminal, programa\u00e7\u00e3o da MITbr de 2020, em formato on-line<\/a><\/h4><p class=\"meta\"><span>10  junho  2020<\/span><span class=\"fusion-inline-sep\">|<\/span><\/p><\/div><\/article><article class=\"post fusion-column column col col-lg-12 col-md-12 col-sm-12\"><div class=\"fusion-flexslider fusion-flexslider-loading flexslider flexslider-hover-type-none\"><ul class=\"slides\"><li><a href=\"https:\/\/mitsp.org\/2020\/escuta-das-historias-vozes-silencios-e-lutas-em-paisagens-sonoras-por-wellington-junior\/\" aria-label=\"A escuta das hist\u00f3rias: vozes, sil\u00eancios e lutas em paisagens sonoras por Wellington J\u00fanior\" class=\"hover-type-none\"><img width=\"700\" height=\"441\" src=\"https:\/\/mitsp.org\/2020\/wp-content\/uploads\/2020\/03\/49628571918_8386e0ec86_o-700x441.jpg\" class=\"attachment-recent-posts size-recent-posts\" alt=\"S\u00e1bado Descontra\u00eddo @Guto Muniz\" srcset=\"https:\/\/mitsp.org\/2020\/wp-content\/uploads\/2020\/03\/49628571918_8386e0ec86_o-320x202.jpg 320w, https:\/\/mitsp.org\/2020\/wp-content\/uploads\/2020\/03\/49628571918_8386e0ec86_o-700x441.jpg 700w\" sizes=\"(max-width: 700px) 100vw, 700px\" \/><\/a><\/li><\/ul><\/div><div class=\"recent-posts-content\"><h4 class=\"\"><a href=\"https:\/\/mitsp.org\/2020\/escuta-das-historias-vozes-silencios-e-lutas-em-paisagens-sonoras-por-wellington-junior\/\">A escuta das hist\u00f3rias: vozes, sil\u00eancios e lutas em paisagens sonoras  <h6>por Wellington J\u00fanior<\/h6><\/a><\/h4><p class=\"meta\"><span>3  junho  2020<\/span><span class=\"fusion-inline-sep\">|<\/span><\/p><\/div><\/article><article class=\"post fusion-column column col col-lg-12 col-md-12 col-sm-12\"><div class=\"fusion-flexslider fusion-flexslider-loading flexslider flexslider-hover-type-none\"><ul class=\"slides\"><li><a href=\"https:\/\/mitsp.org\/2020\/centro-cultural-fiesp-exibe-na-integra-em-suas-redes-sociais-o-espetaculo-portugues-sopro-programado-pela-mitsp-de-2020\/\" aria-label=\"Centro Cultural Fiesp exibe na \u00edntegra, em suas redes sociais, o espet\u00e1culo portugu\u00eas Sopro, programado pela MITsp de 2020\" class=\"hover-type-none\"><img width=\"700\" height=\"258\" src=\"https:\/\/mitsp.org\/2020\/wp-content\/uploads\/2020\/05\/banner-sopro-ao-vivo-700x258.jpg\" class=\"attachment-recent-posts size-recent-posts\" alt=\"Sopro\" \/><\/a><\/li><\/ul><\/div><div class=\"recent-posts-content\"><h4 class=\"\"><a href=\"https:\/\/mitsp.org\/2020\/centro-cultural-fiesp-exibe-na-integra-em-suas-redes-sociais-o-espetaculo-portugues-sopro-programado-pela-mitsp-de-2020\/\">Centro Cultural Fiesp exibe na \u00edntegra, em suas redes sociais, o espet\u00e1culo portugu\u00eas Sopro, programado pela MITsp de 2020<\/a><\/h4><p class=\"meta\"><span>30  maio  2020<\/span><span class=\"fusion-inline-sep\">|<\/span><\/p><\/div><\/article><article class=\"post fusion-column column col col-lg-12 col-md-12 col-sm-12\"><div class=\"fusion-flexslider fusion-flexslider-loading flexslider flexslider-hover-type-none\"><ul class=\"slides\"><li><a href=\"https:\/\/mitsp.org\/2020\/teatro-ensino-e-aprendizagem-por-renan-ji\/\" aria-label=\"Teatro, ensino e aprendizagem por Renan Ji\" class=\"hover-type-none\"><img width=\"700\" height=\"441\" src=\"https:\/\/mitsp.org\/2020\/wp-content\/uploads\/2020\/03\/49647576031_63ca927b44_o-700x441.jpg\" class=\"attachment-recent-posts size-recent-posts\" alt=\"By Heart @Guto Muniz\" srcset=\"https:\/\/mitsp.org\/2020\/wp-content\/uploads\/2020\/03\/49647576031_63ca927b44_o-320x202.jpg 320w, https:\/\/mitsp.org\/2020\/wp-content\/uploads\/2020\/03\/49647576031_63ca927b44_o-700x441.jpg 700w\" sizes=\"(max-width: 700px) 100vw, 700px\" \/><\/a><\/li><\/ul><\/div><div class=\"recent-posts-content\"><h4 class=\"\"><a href=\"https:\/\/mitsp.org\/2020\/teatro-ensino-e-aprendizagem-por-renan-ji\/\">Teatro, ensino e aprendizagem  <h6>por Renan Ji<\/h6><\/a><\/h4><p class=\"meta\"><span>25  maio  2020<\/span><span class=\"fusion-inline-sep\">|<\/span><\/p><\/div><\/article><article class=\"post fusion-column column col col-lg-12 col-md-12 col-sm-12\"><div class=\"fusion-flexslider fusion-flexslider-loading flexslider flexslider-hover-type-none\"><ul class=\"slides\"><li><a href=\"https:\/\/mitsp.org\/2020\/quando-voltaremos-respirar-juntos-por-clovis-domingos\/\" aria-label=\"Quando voltaremos a respirar juntos? por Cl\u00f3vis Domingos\" class=\"hover-type-none\"><img width=\"700\" height=\"441\" src=\"https:\/\/mitsp.org\/2020\/wp-content\/uploads\/2020\/03\/49633008737_2c9fe3a1ca_o-700x441.jpg\" class=\"attachment-recent-posts size-recent-posts\" alt=\"O que Fazer Daqui para Tr\u00e1s @Guto Muniz\" srcset=\"https:\/\/mitsp.org\/2020\/wp-content\/uploads\/2020\/03\/49633008737_2c9fe3a1ca_o-320x202.jpg 320w, https:\/\/mitsp.org\/2020\/wp-content\/uploads\/2020\/03\/49633008737_2c9fe3a1ca_o-700x441.jpg 700w\" sizes=\"(max-width: 700px) 100vw, 700px\" \/><\/a><\/li><\/ul><\/div><div class=\"recent-posts-content\"><h4 class=\"\"><a href=\"https:\/\/mitsp.org\/2020\/quando-voltaremos-respirar-juntos-por-clovis-domingos\/\">Quando voltaremos a respirar juntos?  <h6>por Cl\u00f3vis Domingos<\/h6><\/a><\/h4><p class=\"meta\"><span>25  maio  2020<\/span><span class=\"fusion-inline-sep\">|<\/span><\/p><\/div><\/article><article class=\"post fusion-column column col col-lg-12 col-md-12 col-sm-12\"><div class=\"fusion-flexslider fusion-flexslider-loading flexslider flexslider-hover-type-none\"><ul class=\"slides\"><li><a href=\"https:\/\/mitsp.org\/2020\/mitsp-apresenta-espetaculos-da-mitbr-em-formato-online\/\" aria-label=\"MITsp apresenta espet\u00e1culos da MITbr em formato online\" class=\"hover-type-none\"><img width=\"700\" height=\"323\" src=\"https:\/\/mitsp.org\/2020\/wp-content\/uploads\/2020\/05\/banner-mitbr-ao-vivo02-700x323.jpg\" class=\"attachment-recent-posts size-recent-posts\" alt=\"\" \/><\/a><\/li><\/ul><\/div><div class=\"recent-posts-content\"><h4 class=\"\"><a href=\"https:\/\/mitsp.org\/2020\/mitsp-apresenta-espetaculos-da-mitbr-em-formato-online\/\">MITsp apresenta espet\u00e1culos da MITbr em formato online<\/a><\/h4><p class=\"meta\"><span>19  maio  2020<\/span><span class=\"fusion-inline-sep\">|<\/span><\/p><\/div><\/article><\/section><\/div><div class=\"fusion-align-block\"><style>.fusion-body .fusion-button.button-4{border-color:#ffffff;border-radius:0px 0px 0px 0px;background:#81675b;}.fusion-body .fusion-button.button-4 .fusion-button-text,.fusion-body .fusion-button.button-4 i,.fusion-body .fusion-button.button-4:hover .fusion-button-text,.fusion-body .fusion-button.button-4:hover i,.fusion-body .fusion-button.button-4:focus .fusion-button-text,.fusion-body .fusion-button.button-4:focus i,.fusion-body .fusion-button.button-4:active .fusion-button-text,.fusion-body .fusion-button.button-4:active i{color:#ffffff;}.fusion-body .fusion-button.button-4:hover,.fusion-body .fusion-button.button-4:active,.fusion-body .fusion-button.button-4:focus{border-color:#ffffff;background:#81675b;}<\/style><a class=\"fusion-button button-flat button-xlarge button-custom button-4 fusion-button-span-yes fusion-button-default-type\" target=\"_self\"><span class=\"fusion-button-text\">Cr\u00edticas<\/span><\/a><\/div><div class=\"fusion-recent-posts fusion-recent-posts-2 avada-container layout-default layout-columns-1\"><section class=\"fusion-columns columns fusion-columns-1 columns-1\"><article class=\"post fusion-column column col col-lg-12 col-md-12 col-sm-12\"><div class=\"fusion-flexslider fusion-flexslider-loading flexslider flexslider-hover-type-none\"><ul class=\"slides\"><li><a href=\"https:\/\/mitsp.org\/2020\/biblioteca-mario-de-andrade-apresenta-cancioneiro-terminal-programacao-da-mitbr-de-2020-em-formato-on-line\/\" aria-label=\"Biblioteca M\u00e1rio de Andrade apresenta Cancioneiro Terminal, programa\u00e7\u00e3o da MITbr de 2020, em formato on-line\" class=\"hover-type-none\"><img width=\"700\" height=\"323\" src=\"https:\/\/mitsp.org\/2020\/wp-content\/uploads\/2020\/06\/cancioneiroterminal-live-1-700x323.jpg\" class=\"attachment-recent-posts size-recent-posts\" alt=\"Cancioneiro Terminal\" \/><\/a><\/li><\/ul><\/div><div class=\"recent-posts-content\"><h4 class=\"\"><a href=\"https:\/\/mitsp.org\/2020\/biblioteca-mario-de-andrade-apresenta-cancioneiro-terminal-programacao-da-mitbr-de-2020-em-formato-on-line\/\">Biblioteca M\u00e1rio de Andrade apresenta Cancioneiro Terminal, programa\u00e7\u00e3o da MITbr de 2020, em formato on-line<\/a><\/h4><p class=\"meta\"><span>10  junho  2020<\/span><span class=\"fusion-inline-sep\">|<\/span><\/p><\/div><\/article><article class=\"post fusion-column column col col-lg-12 col-md-12 col-sm-12\"><div class=\"fusion-flexslider fusion-flexslider-loading flexslider flexslider-hover-type-none\"><ul class=\"slides\"><li><a href=\"https:\/\/mitsp.org\/2020\/escuta-das-historias-vozes-silencios-e-lutas-em-paisagens-sonoras-por-wellington-junior\/\" aria-label=\"A escuta das hist\u00f3rias: vozes, sil\u00eancios e lutas em paisagens sonoras por Wellington J\u00fanior\" class=\"hover-type-none\"><img width=\"700\" height=\"441\" src=\"https:\/\/mitsp.org\/2020\/wp-content\/uploads\/2020\/03\/49628571918_8386e0ec86_o-700x441.jpg\" class=\"attachment-recent-posts size-recent-posts\" alt=\"S\u00e1bado Descontra\u00eddo @Guto Muniz\" srcset=\"https:\/\/mitsp.org\/2020\/wp-content\/uploads\/2020\/03\/49628571918_8386e0ec86_o-320x202.jpg 320w, https:\/\/mitsp.org\/2020\/wp-content\/uploads\/2020\/03\/49628571918_8386e0ec86_o-700x441.jpg 700w\" sizes=\"(max-width: 700px) 100vw, 700px\" \/><\/a><\/li><\/ul><\/div><div class=\"recent-posts-content\"><h4 class=\"\"><a href=\"https:\/\/mitsp.org\/2020\/escuta-das-historias-vozes-silencios-e-lutas-em-paisagens-sonoras-por-wellington-junior\/\">A escuta das hist\u00f3rias: vozes, sil\u00eancios e lutas em paisagens sonoras  <h6>por Wellington J\u00fanior<\/h6><\/a><\/h4><p class=\"meta\"><span>3  junho  2020<\/span><span class=\"fusion-inline-sep\">|<\/span><\/p><\/div><\/article><article class=\"post fusion-column column col col-lg-12 col-md-12 col-sm-12\"><div class=\"fusion-flexslider fusion-flexslider-loading flexslider flexslider-hover-type-none\"><ul class=\"slides\"><li><a href=\"https:\/\/mitsp.org\/2020\/centro-cultural-fiesp-exibe-na-integra-em-suas-redes-sociais-o-espetaculo-portugues-sopro-programado-pela-mitsp-de-2020\/\" aria-label=\"Centro Cultural Fiesp exibe na \u00edntegra, em suas redes sociais, o espet\u00e1culo portugu\u00eas Sopro, programado pela MITsp de 2020\" class=\"hover-type-none\"><img width=\"700\" height=\"258\" src=\"https:\/\/mitsp.org\/2020\/wp-content\/uploads\/2020\/05\/banner-sopro-ao-vivo-700x258.jpg\" class=\"attachment-recent-posts size-recent-posts\" alt=\"Sopro\" \/><\/a><\/li><\/ul><\/div><div class=\"recent-posts-content\"><h4 class=\"\"><a href=\"https:\/\/mitsp.org\/2020\/centro-cultural-fiesp-exibe-na-integra-em-suas-redes-sociais-o-espetaculo-portugues-sopro-programado-pela-mitsp-de-2020\/\">Centro Cultural Fiesp exibe na \u00edntegra, em suas redes sociais, o espet\u00e1culo portugu\u00eas Sopro, programado pela MITsp de 2020<\/a><\/h4><p class=\"meta\"><span>30  maio  2020<\/span><span class=\"fusion-inline-sep\">|<\/span><\/p><\/div><\/article><article class=\"post fusion-column column col col-lg-12 col-md-12 col-sm-12\"><div class=\"fusion-flexslider fusion-flexslider-loading flexslider flexslider-hover-type-none\"><ul class=\"slides\"><li><a href=\"https:\/\/mitsp.org\/2020\/teatro-ensino-e-aprendizagem-por-renan-ji\/\" aria-label=\"Teatro, ensino e aprendizagem por Renan Ji\" class=\"hover-type-none\"><img width=\"700\" height=\"441\" src=\"https:\/\/mitsp.org\/2020\/wp-content\/uploads\/2020\/03\/49647576031_63ca927b44_o-700x441.jpg\" class=\"attachment-recent-posts size-recent-posts\" alt=\"By Heart @Guto Muniz\" srcset=\"https:\/\/mitsp.org\/2020\/wp-content\/uploads\/2020\/03\/49647576031_63ca927b44_o-320x202.jpg 320w, https:\/\/mitsp.org\/2020\/wp-content\/uploads\/2020\/03\/49647576031_63ca927b44_o-700x441.jpg 700w\" sizes=\"(max-width: 700px) 100vw, 700px\" \/><\/a><\/li><\/ul><\/div><div class=\"recent-posts-content\"><h4 class=\"\"><a href=\"https:\/\/mitsp.org\/2020\/teatro-ensino-e-aprendizagem-por-renan-ji\/\">Teatro, ensino e aprendizagem  <h6>por Renan Ji<\/h6><\/a><\/h4><p class=\"meta\"><span>25  maio  2020<\/span><span class=\"fusion-inline-sep\">|<\/span><\/p><\/div><\/article><article class=\"post fusion-column column col col-lg-12 col-md-12 col-sm-12\"><div class=\"fusion-flexslider fusion-flexslider-loading flexslider flexslider-hover-type-none\"><ul class=\"slides\"><li><a href=\"https:\/\/mitsp.org\/2020\/quando-voltaremos-respirar-juntos-por-clovis-domingos\/\" aria-label=\"Quando voltaremos a respirar juntos? por Cl\u00f3vis Domingos\" class=\"hover-type-none\"><img width=\"700\" height=\"441\" src=\"https:\/\/mitsp.org\/2020\/wp-content\/uploads\/2020\/03\/49633008737_2c9fe3a1ca_o-700x441.jpg\" class=\"attachment-recent-posts size-recent-posts\" alt=\"O que Fazer Daqui para Tr\u00e1s @Guto Muniz\" srcset=\"https:\/\/mitsp.org\/2020\/wp-content\/uploads\/2020\/03\/49633008737_2c9fe3a1ca_o-320x202.jpg 320w, https:\/\/mitsp.org\/2020\/wp-content\/uploads\/2020\/03\/49633008737_2c9fe3a1ca_o-700x441.jpg 700w\" sizes=\"(max-width: 700px) 100vw, 700px\" \/><\/a><\/li><\/ul><\/div><div class=\"recent-posts-content\"><h4 class=\"\"><a href=\"https:\/\/mitsp.org\/2020\/quando-voltaremos-respirar-juntos-por-clovis-domingos\/\">Quando voltaremos a respirar juntos?  <h6>por Cl\u00f3vis Domingos<\/h6><\/a><\/h4><p class=\"meta\"><span>25  maio  2020<\/span><span class=\"fusion-inline-sep\">|<\/span><\/p><\/div><\/article><article class=\"post fusion-column column col col-lg-12 col-md-12 col-sm-12\"><div class=\"fusion-flexslider fusion-flexslider-loading flexslider flexslider-hover-type-none\"><ul class=\"slides\"><li><a href=\"https:\/\/mitsp.org\/2020\/mitsp-apresenta-espetaculos-da-mitbr-em-formato-online\/\" aria-label=\"MITsp apresenta espet\u00e1culos da MITbr em formato online\" class=\"hover-type-none\"><img width=\"700\" height=\"323\" src=\"https:\/\/mitsp.org\/2020\/wp-content\/uploads\/2020\/05\/banner-mitbr-ao-vivo02-700x323.jpg\" class=\"attachment-recent-posts size-recent-posts\" alt=\"\" \/><\/a><\/li><\/ul><\/div><div class=\"recent-posts-content\"><h4 class=\"\"><a href=\"https:\/\/mitsp.org\/2020\/mitsp-apresenta-espetaculos-da-mitbr-em-formato-online\/\">MITsp apresenta espet\u00e1culos da MITbr em formato online<\/a><\/h4><p class=\"meta\"><span>19  maio  2020<\/span><span class=\"fusion-inline-sep\">|<\/span><\/p><\/div><\/article><\/section><\/div><div class=\"fusion-clearfix\"><\/div><\/div><\/div><\/div><\/div><div class=\"fusion-fullwidth fullwidth-box fusion-builder-row-5 hundred-percent-fullwidth non-hundred-percent-height-scrolling\" style=\"background-color: rgba(255,255,255,0);background-position: center center;background-repeat: no-repeat;padding-top:0px;padding-right:0px;padding-bottom:0px;padding-left:0px;margin-bottom: 0px;margin-top: 0px;border-width: 0px 0px 0px 0px;border-color:#eae9e9;border-style:solid;\" ><div class=\"fusion-builder-row fusion-row\"><div class=\"fusion-layout-column fusion_builder_column fusion-builder-column-7 fusion_builder_column_1_1 1_1 fusion-one-full fusion-column-first fusion-column-last\" style=\"margin-top:0px;margin-bottom:20px;\"><div class=\"fusion-column-wrapper fusion-flex-column-wrapper-legacy\" style=\"background-position:left top;background-repeat:no-repeat;-webkit-background-size:cover;-moz-background-size:cover;-o-background-size:cover;background-size:cover;padding: 0px 0px 0px 0px;\"><div class=\"fusion-widget-area fusion-widget-area-1 fusion-content-widget-area\"><style type=\"text\/css\">.fusion-widget-area-1 {padding:0px 0px 0px 0px;}.fusion-widget-area-1 .widget h4 {color:#333333;}.fusion-widget-area-1 .widget .heading h4 {color:#333333;}.fusion-widget-area-1 .widget h4 {font-size:20px;}.fusion-widget-area-1 .widget .heading h4 {font-size:20px;}<\/style><div id=\"text-4\" class=\"widget widget_text\">\t\t\t<div class=\"textwidget\"><p><div class=\"fusion-fullwidth fullwidth-box fusion-builder-row-5-1 fusion-parallax-fixed nonhundred-percent-fullwidth non-hundred-percent-height-scrolling\" style=\"background-color: rgba(255,255,255,0);background-image: url(&quot;https:\/\/mitsp.org\/2020\/wp-content\/uploads\/2020\/01\/footer-eixos2.png&quot;);background-position: center center;background-repeat: no-repeat;padding-top:130px;padding-right:30px;padding-bottom:130px;padding-left:30px;margin-bottom: 0px;margin-top: 0px;border-width: 0px 0px 0px 0px;border-color:#eae9e9;border-style:solid;-webkit-background-size:cover;-moz-background-size:cover;-o-background-size:cover;background-size:cover;background-attachment:fixed;\" ><div class=\"fusion-builder-row fusion-row\"><div class=\"fusion-layout-column fusion_builder_column fusion-builder-column-9 fusion_builder_column_1_1 1_1 fusion-one-full fusion-column-first fusion-column-last\" style=\"margin-top:0px;margin-bottom:20px;\"><div class=\"fusion-column-wrapper fusion-flex-column-wrapper-legacy\" style=\"background-position:left top;background-repeat:no-repeat;-webkit-background-size:cover;-moz-background-size:cover;-o-background-size:cover;background-size:cover;padding: 0px 0px 0px 0px;\"><div class=\"fusion-clearfix\"><\/div><\/div><\/div><\/div><\/div><div class=\"fusion-fullwidth fullwidth-box fusion-builder-row-5-2 hundred-percent-fullwidth non-hundred-percent-height-scrolling\" style=\"background-color: rgba(255,255,255,0);background-position: center center;background-repeat: no-repeat;padding-top:0px;padding-right:0px;padding-bottom:0px;padding-left:0px;margin-bottom: 0px;margin-top: 0px;border-width: 0px 0px 0px 0px;border-color:#eae9e9;border-style:solid;\" ><div class=\"fusion-builder-row fusion-row\"><div class=\"fusion-layout-column fusion_builder_column fusion-builder-column-10 fusion_builder_column_1_1 1_1 fusion-one-full fusion-column-first fusion-column-last\" style=\"margin-top:0px;margin-bottom:20px;\"><div class=\"fusion-column-wrapper fusion-flex-column-wrapper-legacy\" style=\"background-position:left top;background-repeat:no-repeat;-webkit-background-size:cover;-moz-background-size:cover;-o-background-size:cover;background-size:cover;border-bottom:12px solid #81675b;padding: 0px 0px 0px 0px;\"><div class=\"fusion-clearfix\"><\/div><\/div><\/div><\/div><\/div><\/p>\n<\/div>\n\t\t<\/div><div class=\"fusion-additional-widget-content\"><\/div><\/div><div class=\"fusion-clearfix\"><\/div><\/div><\/div><\/div><\/div><\/p>\n","protected":false},"excerpt":{"rendered":"<p>Maikon K<\/p>\n","protected":false},"author":1,"featured_media":8386,"comment_status":"closed","ping_status":"closed","sticky":false,"template":"","format":"standard","meta":{"_links_to":"","_links_to_target":""},"categories":[138,124],"tags":[],"yst_prominent_words":[],"acf":{"synopsis":"The Solar Anus by surrealist French Georges Bataille grounds the work, creating a scenic ritual based on the book's subjects - the criticism of the civilization concept and social rules, besides questioning the way we deal with pleasure and death.","age_restriction":"18","duration":"90","director":"Maikon K","teaser_url":"https:\/\/youtu.be\/yve7MQTdjZI","payment_type":"paid","purchase_url":"https:\/\/bileto.sympla.com.br\/event\/64580","places":[{"place":7857,"region":"1","date":"2020-03-14 18:30:00"},{"place":7857,"region":"1","date":"2020-03-15 18:30:00"}],"activities":"","payment_info":"","live":false,"price":"R$ 10 e R$ 5 (meia-entrada)","sold_by":"Sympla"},"_links":{"self":[{"href":"https:\/\/mitsp.org\/2020\/wp-json\/wp\/v2\/posts\/7268"}],"collection":[{"href":"https:\/\/mitsp.org\/2020\/wp-json\/wp\/v2\/posts"}],"about":[{"href":"https:\/\/mitsp.org\/2020\/wp-json\/wp\/v2\/types\/post"}],"author":[{"embeddable":true,"href":"https:\/\/mitsp.org\/2020\/wp-json\/wp\/v2\/users\/1"}],"replies":[{"embeddable":true,"href":"https:\/\/mitsp.org\/2020\/wp-json\/wp\/v2\/comments?post=7268"}],"version-history":[{"count":0,"href":"https:\/\/mitsp.org\/2020\/wp-json\/wp\/v2\/posts\/7268\/revisions"}],"wp:featuredmedia":[{"embeddable":true,"href":"https:\/\/mitsp.org\/2020\/wp-json\/wp\/v2\/media\/8386"}],"wp:attachment":[{"href":"https:\/\/mitsp.org\/2020\/wp-json\/wp\/v2\/media?parent=7268"}],"wp:term":[{"taxonomy":"category","embeddable":true,"href":"https:\/\/mitsp.org\/2020\/wp-json\/wp\/v2\/categories?post=7268"},{"taxonomy":"post_tag","embeddable":true,"href":"https:\/\/mitsp.org\/2020\/wp-json\/wp\/v2\/tags?post=7268"},{"taxonomy":"yst_prominent_words","embeddable":true,"href":"https:\/\/mitsp.org\/2020\/wp-json\/wp\/v2\/yst_prominent_words?post=7268"}],"curies":[{"name":"wp","href":"https:\/\/api.w.org\/{rel}","templated":true}]}}