{"id":6403,"date":"2020-02-03T21:17:49","date_gmt":"2020-02-04T00:17:49","guid":{"rendered":"https:\/\/mitsp.org\/2020\/?p=6403"},"modified":"2020-03-02T12:39:15","modified_gmt":"2020-03-02T15:39:15","slug":"sarara-trans","status":"publish","type":"post","link":"https:\/\/mitsp.org\/2020\/sarara-trans\/","title":{"rendered":"Sarar\u00e1 Trans"},"content":{"rendered":"<h6>Encontra de Pedagogias da Teatra<\/h6>\n<h3><strong>SARAR\u00c1 TRANS<\/strong><\/h3>\n<p><b>Roda de conversa: A Encontra das Pretitudes com as Transgeneridades:<\/b><\/p>\n<p><span style=\"color: #cb898a;\"><b>COM<\/b><span style=\"font-weight: 400;\"> Erica Malunguinho (PE\/SP)<\/span><\/span><br \/>\n<span style=\"color: #cb898a;\"><b>MEDIA\u00c7\u00c3O <\/b><span style=\"font-weight: 400;\">Khalil Piloto (BA)<\/span><\/span><\/p>\n<p><b>N\u00fameros Musicais:<\/b><\/p>\n<p><span style=\"color: #cb898a;\"><b>COM<\/b><span style=\"font-weight: 400;\"> Jackie Chean (BA), Rosa Luz (DF\/SP) e Danna Lisboa (SP)<\/span><\/span><\/p>\n<p><b>Exposi\u00e7\u00e3o Po\u00e9tica e Visual (Virtual):<\/b><\/p>\n<p><span style=\"color: #cb898a;\"><b>DE<\/b><span style=\"font-weight: 400;\"> Preto T\u00e9o (BA\/SP) e Marina Silv\u00e9rio (MG)<\/span><\/span><\/p>\n<p><img class=\"size-fusion-400 wp-image-7017 alignright\" src=\"https:\/\/mitsp.org\/2020\/wp-content\/uploads\/2020\/02\/sarara-trans-img-400x266.jpg\" alt=\"Sarar\u00e1 Trans\" width=\"400\" height=\"266\" srcset=\"https:\/\/mitsp.org\/2020\/wp-content\/uploads\/2020\/02\/sarara-trans-img-200x133.jpg 200w, https:\/\/mitsp.org\/2020\/wp-content\/uploads\/2020\/02\/sarara-trans-img-300x200.jpg 300w, https:\/\/mitsp.org\/2020\/wp-content\/uploads\/2020\/02\/sarara-trans-img-400x266.jpg 400w, https:\/\/mitsp.org\/2020\/wp-content\/uploads\/2020\/02\/sarara-trans-img-600x400.jpg 600w, https:\/\/mitsp.org\/2020\/wp-content\/uploads\/2020\/02\/sarara-trans-img-768x511.jpg 768w, https:\/\/mitsp.org\/2020\/wp-content\/uploads\/2020\/02\/sarara-trans-img-800x533.jpg 800w, https:\/\/mitsp.org\/2020\/wp-content\/uploads\/2020\/02\/sarara-trans-img.jpg 1000w\" sizes=\"(max-width: 400px) 100vw, 400px\" \/><\/p>\n<p><span style=\"font-weight: 400;\">Trata-se de um espa\u00e7o de reflex\u00e3o e troca de pr\u00e1ticas art\u00edsticas em torno das resist\u00eancias de corpos n\u00e3o hegem\u00f4nicos. Ao propor uma cr\u00edtica aos padr\u00f5es brancos e cisnormativos de produ\u00e7\u00e3o de saberes, a roda de conversa e as apresenta\u00e7\u00f5es art\u00edsticas do Sarar\u00e1 Trans apresentam novas metodologias de encontrar e dialogar. Nesta edi\u00e7\u00e3o pocket do Sarar\u00e1 Trans, ser\u00e1 realizada uma roda de conversa que p\u00f5e em quest\u00e3o a encontra das pretitudes com as transgeneridades, tendo a participa\u00e7\u00e3o de Erica Malunguinho e\u00a0 media\u00e7\u00e3o de Khalil Piloto, mestrando em ensino e rela\u00e7\u00f5es \u00e9tnico-raciais pela UFSB e idealizador do Sarar\u00e1 Trans, que acontece em Porto Seguro\/BA na Abayom\u00ed Casa de Cultura, desde agosto de 2019. Al\u00e9m da roda, haver\u00e1 a apresenta\u00e7\u00e3o de n\u00fameros musicais com Jackie Chean, Rosa Luz e Danna Lisboa, al\u00e9m da exposi\u00e7\u00e3o po\u00e9tica de Preto T\u00e9o e visual de Marina Silv\u00e9rio.<\/span><\/p>\n<p><b>Atividade gratuita e aberta ao p\u00fablico.<\/b><\/p>\n<div class=\"fusion-modal modal fade modal-1 bt01\" tabindex=\"-1\" role=\"dialog\" aria-labelledby=\"modal-heading-1\" aria-hidden=\"true\"><style type=\"text\/css\">.modal-1 .modal-header, .modal-1 .modal-footer{border-color:#ebebeb;}<\/style><div class=\"modal-dialog modal-lg\" role=\"document\"><div class=\"modal-content fusion-modal-content\" style=\"background-color:#f6f6f6\"><div class=\"modal-header\"><button class=\"close\" type=\"button\" data-dismiss=\"modal\" aria-hidden=\"true\" aria-label=\"Fechar\">&times;<\/button><h3 class=\"modal-title\" id=\"modal-heading-1\" data-dismiss=\"modal\" aria-hidden=\"true\">Encontra de Pedagogias da Teatra<\/h3><\/div><div class=\"modal-body fusion-clearfix\">\n<p><b>CURADORIA<\/b><span style=\"font-weight: 400;\"> Dodi Leal<\/span><\/p>\n<p><b>COORDENA\u00c7\u00c3O<\/b><span style=\"font-weight: 400;\"> Maria Fernanda Vomero<\/span><i><span style=\"font-weight: 400;\">\u00a0<\/span><\/i><\/p>\n<p><span style=\"font-weight: 400;\">A Encontra \u00e9 um espa\u00e7o para revitalizar as metodologias de cria\u00e7\u00e3o teatral a partir das experi\u00eancias disruptivas de saberes n\u00e3o hegem\u00f4nicos. Ser\u00e3o realizadas trocas reflexivas e pr\u00e1ticas nas quais as corporalidades se arriscam em novas possibilidades de encontrar: outras formas de riscar os fazeres de espa\u00e7o e de cena. A combina\u00e7\u00e3o de rodas com oficinas, sarau e momentos de conv\u00edvio pretende instigar os afetos vetoriados pela perspectiva transfeminista de transi\u00e7\u00e3o de g\u00eanero da \u00e1rea teatral: do teatro para a teatra. Pretendemos instigar novas pedagogias baseadas nos saberes trans.<\/span><\/p>\n<p><\/div><\/div><\/div><\/div><a class=\"fusion-modal-text-link\" data-toggle=\"modal\" data-target=\".fusion-modal.bt01\" href=\"#\"><\/p>\n<blockquote><p><span style=\"color: #000;\"><strong>&gt;&gt;&gt; Saiba mais sobre a Encontra de Pedagogias da Teatra<\/a><\/strong><\/span><\/p><\/blockquote>\n<p><img class=\"alignnone size-full wp-image-6077\" src=\"https:\/\/mitsp.org\/2020\/wp-content\/uploads\/2020\/02\/divider-acoes-pedagogicas.jpg\" alt=\"\" width=\"300\" height=\"8\" srcset=\"https:\/\/mitsp.org\/2020\/wp-content\/uploads\/2020\/02\/divider-acoes-pedagogicas-200x5.jpg 200w, https:\/\/mitsp.org\/2020\/wp-content\/uploads\/2020\/02\/divider-acoes-pedagogicas.jpg 300w\" sizes=\"(max-width: 300px) 100vw, 300px\" \/><\/p>\n<h5><span style=\"color: #cb898a;\"><strong>QUANDO<\/strong><\/span><\/h5>\n<p>1<span style=\"font-weight: 400;\">1 de mar\u00e7o, quarta, das 15h \u00e0s 18h<\/span><\/p>\n<h5><span style=\"color: #cb898a;\"><strong>ONDE<\/strong><\/span><\/h5>\n<p><a href=\"https:\/\/goo.gl\/maps\/Fw47MvcGkcxnxfX66\" target=\"_blank\" rel=\"noopener noreferrer\"><strong>Centro Cultural S\u00e3o Paulo &#8211; Sala Adoniran Barbosa (Rua Vergueiro, 1.000. Pr\u00f3ximo ao Metr\u00f4 Vergueiro)<br \/>\n<\/strong><\/a><\/p>\n<div class=\"fusion-widget-area fusion-widget-area-1 fusion-content-widget-area\"><style type=\"text\/css\">.fusion-widget-area-1 {padding:0px 0px 0px 0px;}.fusion-widget-area-1 .widget h4 {color:#333333;}.fusion-widget-area-1 .widget .heading h4 {color:#333333;}.fusion-widget-area-1 .widget h4 {font-size:20px;}.fusion-widget-area-1 .widget .heading h4 {font-size:20px;}<\/style><div id=\"text-3\" class=\"widget widget_text\">\t\t\t<div class=\"textwidget\"><p><div class=\"fusion-fullwidth fullwidth-box fusion-builder-row-116 fusion-parallax-fixed nonhundred-percent-fullwidth non-hundred-percent-height-scrolling\" style=\"background-color: rgba(255,255,255,0);background-image: url(&quot;https:\/\/mitsp.org\/2020\/wp-content\/uploads\/2020\/01\/footer-eixos1.png&quot;);background-position: center center;background-repeat: no-repeat;padding-top:130px;padding-right:0px;padding-bottom:130px;padding-left:0px;margin-bottom: 0px;margin-top: 0px;border-width: 0px 0px 0px 0px;border-color:#eae9e9;border-style:solid;-webkit-background-size:cover;-moz-background-size:cover;-o-background-size:cover;background-size:cover;background-attachment:fixed;\" ><div class=\"fusion-builder-row fusion-row\"><div class=\"fusion-layout-column fusion_builder_column fusion-builder-column-207 fusion_builder_column_1_1 1_1 fusion-one-full fusion-column-first fusion-column-last\" style=\"margin-top:0px;margin-bottom:20px;\"><div class=\"fusion-column-wrapper fusion-flex-column-wrapper-legacy\" style=\"background-position:left top;background-repeat:no-repeat;-webkit-background-size:cover;-moz-background-size:cover;-o-background-size:cover;background-size:cover;padding: 0px 0px 0px 0px;\"><div class=\"fusion-clearfix\"><\/div><\/div><\/div><\/div><\/div><div class=\"fusion-fullwidth fullwidth-box fusion-builder-row-117 hundred-percent-fullwidth non-hundred-percent-height-scrolling\" style=\"background-color: rgba(255,255,255,0);background-position: center center;background-repeat: no-repeat;padding-top:0px;padding-right:0px;padding-bottom:0px;padding-left:0px;margin-bottom: 0px;margin-top: 0px;border-width: 0px 0px 0px 0px;border-color:#eae9e9;border-style:solid;\" ><div class=\"fusion-builder-row fusion-row\"><div class=\"fusion-layout-column fusion_builder_column fusion-builder-column-208 fusion_builder_column_1_1 1_1 fusion-one-full fusion-column-first fusion-column-last\" style=\"margin-top:0px;margin-bottom:20px;\"><div class=\"fusion-column-wrapper fusion-flex-column-wrapper-legacy\" style=\"background-position:left top;background-repeat:no-repeat;-webkit-background-size:cover;-moz-background-size:cover;-o-background-size:cover;background-size:cover;border-bottom:12px solid #cb898a;padding: 0px 0px 0px 0px;\"><div class=\"fusion-clearfix\"><\/div><\/div><\/div><\/div><\/div><\/p>\n<\/div>\n\t\t<\/div><div class=\"fusion-additional-widget-content\"><\/div><\/div>\n","protected":false},"excerpt":{"rendered":"<p>Encontra de Pedagogias da Teatra SARAR\u00c1 TRANS Roda de conversa: A Encontra das Pretitudes com [&hellip;]<\/p>\n","protected":false},"author":6,"featured_media":7017,"comment_status":"closed","ping_status":"open","sticky":false,"template":"","format":"standard","meta":{"_links_to":"","_links_to_target":""},"categories":[5,59],"tags":[],"yst_prominent_words":[],"acf":{"synopsis":"Trata-se de um espa\u00e7o de reflex\u00e3o e troca de pr\u00e1ticas art\u00edsticas em torno das resist\u00eancias de corpos n\u00e3o hegem\u00f4nicos. A atividade conta com uma roda de conversa, n\u00fameros musicais e uma exposi\u00e7\u00e3o.","age_restriction":"0","duration":"","director":"\u00c9rica Malunguinho (PE\/SP) e Rosa Luz (DF\/SP)","teaser_url":"","payment_type":"lottery","purchase_url":"","places":false,"activities":"","payment_info":"","live":false},"_links":{"self":[{"href":"https:\/\/mitsp.org\/2020\/wp-json\/wp\/v2\/posts\/6403"}],"collection":[{"href":"https:\/\/mitsp.org\/2020\/wp-json\/wp\/v2\/posts"}],"about":[{"href":"https:\/\/mitsp.org\/2020\/wp-json\/wp\/v2\/types\/post"}],"author":[{"embeddable":true,"href":"https:\/\/mitsp.org\/2020\/wp-json\/wp\/v2\/users\/6"}],"replies":[{"embeddable":true,"href":"https:\/\/mitsp.org\/2020\/wp-json\/wp\/v2\/comments?post=6403"}],"version-history":[{"count":0,"href":"https:\/\/mitsp.org\/2020\/wp-json\/wp\/v2\/posts\/6403\/revisions"}],"wp:featuredmedia":[{"embeddable":true,"href":"https:\/\/mitsp.org\/2020\/wp-json\/wp\/v2\/media\/7017"}],"wp:attachment":[{"href":"https:\/\/mitsp.org\/2020\/wp-json\/wp\/v2\/media?parent=6403"}],"wp:term":[{"taxonomy":"category","embeddable":true,"href":"https:\/\/mitsp.org\/2020\/wp-json\/wp\/v2\/categories?post=6403"},{"taxonomy":"post_tag","embeddable":true,"href":"https:\/\/mitsp.org\/2020\/wp-json\/wp\/v2\/tags?post=6403"},{"taxonomy":"yst_prominent_words","embeddable":true,"href":"https:\/\/mitsp.org\/2020\/wp-json\/wp\/v2\/yst_prominent_words?post=6403"}],"curies":[{"name":"wp","href":"https:\/\/api.w.org\/{rel}","templated":true}]}}