{"id":6385,"date":"2020-02-03T21:03:48","date_gmt":"2020-02-04T00:03:48","guid":{"rendered":"https:\/\/mitsp.org\/2020\/?p=6385"},"modified":"2020-02-14T18:52:12","modified_gmt":"2020-02-14T21:52:12","slug":"roda-de-conversa-pedagogias-de-transicao","status":"publish","type":"post","link":"https:\/\/mitsp.org\/2020\/roda-de-conversa-pedagogias-de-transicao\/","title":{"rendered":"Roda de conversa: Pedagogias de transi\u00e7\u00e3o"},"content":{"rendered":"<h6>Encontra de Pedagogias da Teatra<\/h6>\n<h3><strong>RODA DE CONVERSA: PEDAGOGIAS DE TRANSI\u00c7\u00c3O<\/strong><\/h3>\n<p><span style=\"color: #cb898a;\"><b>COM<\/b><span style=\"font-weight: 400;\"> Vulc\u00e2nica Pokaropa Costacurta (SP) e Amara Moira (SP)<\/span><span style=\"font-weight: 400;\"><br \/>\n<\/span><b>MEDIA\u00c7\u00c3O<\/b><span style=\"font-weight: 400;\"> Dodi Leal (SP\/BA)<\/span><\/span><\/p>\n<p><img class=\"size-fusion-400 wp-image-6439 alignright\" src=\"https:\/\/mitsp.org\/2020\/wp-content\/uploads\/2020\/02\/Pedagogias-de-transi\u00e7\u00e3o-400x266.jpg\" alt=\"Pedagogias de transi\u00e7\u00e3o Vulc\u00e2nica Pokaropa Costacurta e Amara Moira\" width=\"400\" height=\"266\" srcset=\"https:\/\/mitsp.org\/2020\/wp-content\/uploads\/2020\/02\/Pedagogias-de-transi\u00e7\u00e3o-200x133.jpg 200w, https:\/\/mitsp.org\/2020\/wp-content\/uploads\/2020\/02\/Pedagogias-de-transi\u00e7\u00e3o-300x200.jpg 300w, https:\/\/mitsp.org\/2020\/wp-content\/uploads\/2020\/02\/Pedagogias-de-transi\u00e7\u00e3o-400x266.jpg 400w, https:\/\/mitsp.org\/2020\/wp-content\/uploads\/2020\/02\/Pedagogias-de-transi\u00e7\u00e3o-600x400.jpg 600w, https:\/\/mitsp.org\/2020\/wp-content\/uploads\/2020\/02\/Pedagogias-de-transi\u00e7\u00e3o-768x511.jpg 768w, https:\/\/mitsp.org\/2020\/wp-content\/uploads\/2020\/02\/Pedagogias-de-transi\u00e7\u00e3o-800x533.jpg 800w, https:\/\/mitsp.org\/2020\/wp-content\/uploads\/2020\/02\/Pedagogias-de-transi\u00e7\u00e3o.jpg 1000w\" sizes=\"(max-width: 400px) 100vw, 400px\" \/><\/p>\n<p><span style=\"font-weight: 400;\">Pretende-se refletir sobre os processos de cria\u00e7\u00e3o e de troca disruptivos que arriscam novas afetividades como metodologia do conviver. Pedagogias que p\u00f5e em transi\u00e7\u00e3o e em risco modos hegem\u00f4nicos de saber e de existir. A roda de conversa ser\u00e1 um espa\u00e7o para questionamento das modifica\u00e7\u00f5es estruturais poss\u00edveis a partir dos saberes trans e suas pedagogias.<\/span><\/p>\n<p><b>Atividade gratuita e aberta ao p\u00fablico.<\/b><\/p>\n<div class=\"fusion-modal modal fade modal-1 bt01\" tabindex=\"-1\" role=\"dialog\" aria-labelledby=\"modal-heading-1\" aria-hidden=\"true\"><style type=\"text\/css\">.modal-1 .modal-header, .modal-1 .modal-footer{border-color:#ebebeb;}<\/style><div class=\"modal-dialog modal-lg\" role=\"document\"><div class=\"modal-content fusion-modal-content\" style=\"background-color:#f6f6f6\"><div class=\"modal-header\"><button class=\"close\" type=\"button\" data-dismiss=\"modal\" aria-hidden=\"true\" aria-label=\"Fechar\">&times;<\/button><h3 class=\"modal-title\" id=\"modal-heading-1\" data-dismiss=\"modal\" aria-hidden=\"true\">Encontra de Pedagogias da Teatra<\/h3><\/div><div class=\"modal-body fusion-clearfix\">\n<p><b>CURADORIA<\/b><span style=\"font-weight: 400;\"> Dodi Leal<\/span><\/p>\n<p><b>COORDENA\u00c7\u00c3O<\/b><span style=\"font-weight: 400;\"> Maria Fernanda Vomero<\/span><i><span style=\"font-weight: 400;\">\u00a0<\/span><\/i><\/p>\n<p><span style=\"font-weight: 400;\">A Encontra \u00e9 um espa\u00e7o para revitalizar as metodologias de cria\u00e7\u00e3o teatral a partir das experi\u00eancias disruptivas de saberes n\u00e3o hegem\u00f4nicos. Ser\u00e3o realizadas trocas reflexivas e pr\u00e1ticas nas quais as corporalidades se arriscam em novas possibilidades de encontrar: outras formas de riscar os fazeres de espa\u00e7o e de cena. A combina\u00e7\u00e3o de rodas com oficinas, sarau e momentos de conv\u00edvio pretende instigar os afetos vetoriados pela perspectiva transfeminista de transi\u00e7\u00e3o de g\u00eanero da \u00e1rea teatral: do teatro para a teatra. Pretendemos instigar novas pedagogias baseadas nos saberes trans.<\/span><\/p>\n<p><\/div><\/div><\/div><\/div><a class=\"fusion-modal-text-link\" data-toggle=\"modal\" data-target=\".fusion-modal.bt01\" href=\"#\"><\/p>\n<blockquote><p><span style=\"color: #000;\"><strong>&gt;&gt;&gt; Saiba mais sobre a Encontra de Pedagogias da Teatra<\/a><\/strong><\/span><\/p><\/blockquote>\n<p><img class=\"alignnone size-full wp-image-6077\" src=\"https:\/\/mitsp.org\/2020\/wp-content\/uploads\/2020\/02\/divider-acoes-pedagogicas.jpg\" alt=\"\" width=\"300\" height=\"8\" srcset=\"https:\/\/mitsp.org\/2020\/wp-content\/uploads\/2020\/02\/divider-acoes-pedagogicas-200x5.jpg 200w, https:\/\/mitsp.org\/2020\/wp-content\/uploads\/2020\/02\/divider-acoes-pedagogicas.jpg 300w\" sizes=\"(max-width: 300px) 100vw, 300px\" \/><\/p>\n<h5><span style=\"color: #cb898a;\"><strong>QUANDO<\/strong><\/span><\/h5>\n<p>10 de mar\u00e7o, ter\u00e7a, das 14h \u00e0s 17h<\/p>\n<h5><span style=\"color: #cb898a;\"><strong>ONDE<\/strong><\/span><\/h5>\n<p><a href=\"https:\/\/goo.gl\/maps\/Fw47MvcGkcxnxfX66\" target=\"_blank\" rel=\"noopener noreferrer\"><strong>Centro Cultural S\u00e3o Paulo &#8211; Sala Adoniran Barbosa (Rua Vergueiro, 1.000. Pr\u00f3ximo ao Metr\u00f4 Vergueiro)<\/strong><\/a><\/p>\n<div class=\"fusion-widget-area fusion-widget-area-1 fusion-content-widget-area\"><style type=\"text\/css\">.fusion-widget-area-1 {padding:0px 0px 0px 0px;}.fusion-widget-area-1 .widget h4 {color:#333333;}.fusion-widget-area-1 .widget .heading h4 {color:#333333;}.fusion-widget-area-1 .widget h4 {font-size:20px;}.fusion-widget-area-1 .widget .heading h4 {font-size:20px;}<\/style><div id=\"text-3\" class=\"widget widget_text\">\t\t\t<div class=\"textwidget\"><p><div class=\"fusion-fullwidth fullwidth-box fusion-builder-row-116 fusion-parallax-fixed nonhundred-percent-fullwidth non-hundred-percent-height-scrolling\" style=\"background-color: rgba(255,255,255,0);background-image: url(&quot;https:\/\/mitsp.org\/2020\/wp-content\/uploads\/2020\/01\/footer-eixos1.png&quot;);background-position: center center;background-repeat: no-repeat;padding-top:130px;padding-right:0px;padding-bottom:130px;padding-left:0px;margin-bottom: 0px;margin-top: 0px;border-width: 0px 0px 0px 0px;border-color:#eae9e9;border-style:solid;-webkit-background-size:cover;-moz-background-size:cover;-o-background-size:cover;background-size:cover;background-attachment:fixed;\" ><div class=\"fusion-builder-row fusion-row\"><div class=\"fusion-layout-column fusion_builder_column fusion-builder-column-207 fusion_builder_column_1_1 1_1 fusion-one-full fusion-column-first fusion-column-last\" style=\"margin-top:0px;margin-bottom:20px;\"><div class=\"fusion-column-wrapper fusion-flex-column-wrapper-legacy\" style=\"background-position:left top;background-repeat:no-repeat;-webkit-background-size:cover;-moz-background-size:cover;-o-background-size:cover;background-size:cover;padding: 0px 0px 0px 0px;\"><div class=\"fusion-clearfix\"><\/div><\/div><\/div><\/div><\/div><div class=\"fusion-fullwidth fullwidth-box fusion-builder-row-117 hundred-percent-fullwidth non-hundred-percent-height-scrolling\" style=\"background-color: rgba(255,255,255,0);background-position: center center;background-repeat: no-repeat;padding-top:0px;padding-right:0px;padding-bottom:0px;padding-left:0px;margin-bottom: 0px;margin-top: 0px;border-width: 0px 0px 0px 0px;border-color:#eae9e9;border-style:solid;\" ><div class=\"fusion-builder-row fusion-row\"><div class=\"fusion-layout-column fusion_builder_column fusion-builder-column-208 fusion_builder_column_1_1 1_1 fusion-one-full fusion-column-first fusion-column-last\" style=\"margin-top:0px;margin-bottom:20px;\"><div class=\"fusion-column-wrapper fusion-flex-column-wrapper-legacy\" style=\"background-position:left top;background-repeat:no-repeat;-webkit-background-size:cover;-moz-background-size:cover;-o-background-size:cover;background-size:cover;border-bottom:12px solid #cb898a;padding: 0px 0px 0px 0px;\"><div class=\"fusion-clearfix\"><\/div><\/div><\/div><\/div><\/div><\/p>\n<\/div>\n\t\t<\/div><div class=\"fusion-additional-widget-content\"><\/div><\/div>\n","protected":false},"excerpt":{"rendered":"<p>Encontra de Pedagogias da Teatra RODA DE CONVERSA: PEDAGOGIAS DE TRANSI\u00c7\u00c3O COM Vulc\u00e2nica Pokaropa Costacurta [&hellip;]<\/p>\n","protected":false},"author":6,"featured_media":6439,"comment_status":"closed","ping_status":"open","sticky":false,"template":"","format":"standard","meta":{"_links_to":"","_links_to_target":""},"categories":[5,59],"tags":[],"yst_prominent_words":[],"acf":{"synopsis":"Na conversa, pretende-se refletir sobre os processos de cria\u00e7\u00e3o e de troca disruptivos que arriscam novas afetividades como metodologia do conviver.","age_restriction":"0","duration":"","director":"Vulc\u00e2nica Pokaropa Costacurta e Amara Moira","teaser_url":"","payment_type":"lottery","purchase_url":"","places":false,"activities":"","payment_info":"","live":false},"_links":{"self":[{"href":"https:\/\/mitsp.org\/2020\/wp-json\/wp\/v2\/posts\/6385"}],"collection":[{"href":"https:\/\/mitsp.org\/2020\/wp-json\/wp\/v2\/posts"}],"about":[{"href":"https:\/\/mitsp.org\/2020\/wp-json\/wp\/v2\/types\/post"}],"author":[{"embeddable":true,"href":"https:\/\/mitsp.org\/2020\/wp-json\/wp\/v2\/users\/6"}],"replies":[{"embeddable":true,"href":"https:\/\/mitsp.org\/2020\/wp-json\/wp\/v2\/comments?post=6385"}],"version-history":[{"count":0,"href":"https:\/\/mitsp.org\/2020\/wp-json\/wp\/v2\/posts\/6385\/revisions"}],"wp:featuredmedia":[{"embeddable":true,"href":"https:\/\/mitsp.org\/2020\/wp-json\/wp\/v2\/media\/6439"}],"wp:attachment":[{"href":"https:\/\/mitsp.org\/2020\/wp-json\/wp\/v2\/media?parent=6385"}],"wp:term":[{"taxonomy":"category","embeddable":true,"href":"https:\/\/mitsp.org\/2020\/wp-json\/wp\/v2\/categories?post=6385"},{"taxonomy":"post_tag","embeddable":true,"href":"https:\/\/mitsp.org\/2020\/wp-json\/wp\/v2\/tags?post=6385"},{"taxonomy":"yst_prominent_words","embeddable":true,"href":"https:\/\/mitsp.org\/2020\/wp-json\/wp\/v2\/yst_prominent_words?post=6385"}],"curies":[{"name":"wp","href":"https:\/\/api.w.org\/{rel}","templated":true}]}}