{"id":6373,"date":"2020-02-03T20:53:05","date_gmt":"2020-02-03T23:53:05","guid":{"rendered":"https:\/\/mitsp.org\/2020\/?p=6373"},"modified":"2020-02-20T20:31:14","modified_gmt":"2020-02-20T23:31:14","slug":"memorias-raizes-e-teatro-mapuche-no-chile-de-hoje","status":"publish","type":"post","link":"https:\/\/mitsp.org\/2020\/memorias-raizes-e-teatro-mapuche-no-chile-de-hoje\/","title":{"rendered":"Mem\u00f3rias, Ra\u00edzes e Teatro Mapuche no Chile de Hoje"},"content":{"rendered":"<h6>Rodas de conversa<\/h6>\n<h3><strong>MEM\u00d3RIAS, RA\u00cdZES E TEATRO MAPUCHE NO CHILE DE HOJE<\/strong><\/h3>\n<p><span style=\"color: #cb898a;\"><b>COM <\/b><span style=\"font-weight: 400;\">Paula Gonz\u00e1lez Seguel (CHILE)<\/span><span style=\"font-weight: 400;\"><br \/>\n<\/span><b>MEDIA\u00c7\u00c3O <\/b><span style=\"font-weight: 400;\">Maria Fernanda Vomero (BRASIL)<\/span><\/span><\/p>\n<p><img class=\"size-fusion-400 wp-image-6430 alignright\" src=\"https:\/\/mitsp.org\/2020\/wp-content\/uploads\/2020\/02\/paula-gonzalez-400x266.jpg\" alt=\"Paula Gonz\u00e1lez Seguel\" width=\"400\" height=\"266\" srcset=\"https:\/\/mitsp.org\/2020\/wp-content\/uploads\/2020\/02\/paula-gonzalez-200x133.jpg 200w, https:\/\/mitsp.org\/2020\/wp-content\/uploads\/2020\/02\/paula-gonzalez-300x200.jpg 300w, https:\/\/mitsp.org\/2020\/wp-content\/uploads\/2020\/02\/paula-gonzalez-400x266.jpg 400w, https:\/\/mitsp.org\/2020\/wp-content\/uploads\/2020\/02\/paula-gonzalez-600x400.jpg 600w, https:\/\/mitsp.org\/2020\/wp-content\/uploads\/2020\/02\/paula-gonzalez-768x511.jpg 768w, https:\/\/mitsp.org\/2020\/wp-content\/uploads\/2020\/02\/paula-gonzalez-800x533.jpg 800w, https:\/\/mitsp.org\/2020\/wp-content\/uploads\/2020\/02\/paula-gonzalez.jpg 1000w\" sizes=\"(max-width: 400px) 100vw, 400px\" \/><\/p>\n<p><span style=\"font-weight: 400;\">Como bisneta da machi Rosa Marileo Ingl\u00e9s, autoridade ancestral do povo mapuche, Paula dedica-se ao resgate da mem\u00f3ria, da oralidade, da linguagem, da cosmovis\u00e3o e da cultura do povo mapuche e da defesa dos direitos humanos ind\u00edgenas por meio das artes c\u00eanicas, da m\u00fasica e do cinema com o trabalho da companhia KIMVN Teatro, criada em 2008, da qual \u00e9 fundadora e diretora art\u00edstica. Nesse di\u00e1logo, Paula partilhar\u00e1 os desafios de fazer arte no convulsionado Chile atual, cujos casos de viola\u00e7\u00f5es de direitos humanos t\u00eam aumentado de modo assustador, em especial os abusos contra o povo mapuche. <\/span><\/p>\n<p><b>Atividade gratuita e aberta ao p\u00fablico.<\/b><\/p>\n<p><img class=\"alignnone size-full wp-image-6077\" src=\"https:\/\/mitsp.org\/2020\/wp-content\/uploads\/2020\/02\/divider-acoes-pedagogicas.jpg\" alt=\"\" width=\"300\" height=\"8\" srcset=\"https:\/\/mitsp.org\/2020\/wp-content\/uploads\/2020\/02\/divider-acoes-pedagogicas-200x5.jpg 200w, https:\/\/mitsp.org\/2020\/wp-content\/uploads\/2020\/02\/divider-acoes-pedagogicas.jpg 300w\" sizes=\"(max-width: 300px) 100vw, 300px\" \/><\/p>\n<h5><span style=\"color: #cb898a;\"><strong>QUANDO<\/strong><\/span><\/h5>\n<p>7 de mar\u00e7o, s\u00e1b., das 11h \u00e0s 13h.<\/p>\n<h5><span style=\"color: #cb898a;\"><strong>ONDE<\/strong><\/span><\/h5>\n<p><a href=\"https:\/\/goo.gl\/maps\/1TY3EeJW9mKejwGV9\" target=\"_blank\" rel=\"noopener noreferrer\">Oficina Cultural Oswald de Andrade, Sala 11<\/a><\/p>\n<div class=\"fusion-modal modal fade modal-1 bt01\" tabindex=\"-1\" role=\"dialog\" aria-labelledby=\"modal-heading-1\" aria-hidden=\"true\"><style type=\"text\/css\">.modal-1 .modal-header, .modal-1 .modal-footer{border-color:#ebebeb;}<\/style><div class=\"modal-dialog modal-lg\" role=\"document\"><div class=\"modal-content fusion-modal-content\" style=\"background-color:#f6f6f6\"><div class=\"modal-header\"><button class=\"close\" type=\"button\" data-dismiss=\"modal\" aria-hidden=\"true\" aria-label=\"Fechar\">&times;<\/button><h3 class=\"modal-title\" id=\"modal-heading-1\" data-dismiss=\"modal\" aria-hidden=\"true\">Atividades Relacionadas<\/h3><\/div><div class=\"modal-body fusion-clearfix\">\n<ul>\n<li><span style=\"font-weight: 400;\"><strong>LABEXP2:<\/strong> Mem\u00f3rias Insurgentes: <\/span><a href=\"https:\/\/mitsp.org\/2020\/labexp2-memorias-insurgentes\/\"><span style=\"font-weight: 400;\">https:\/\/mitsp.org\/2020\/labexp2-memorias-insurgentes\/<\/span><\/a><span style=\"font-weight: 400;\">\u00a0<\/span><\/li>\n<li><span style=\"font-weight: 400;\"><strong>LABEXP1:<\/strong> Vozes Desobedientes: <\/span><a href=\"https:\/\/mitsp.org\/2020\/labexp1-vozes-desobedientes\/\"><span style=\"font-weight: 400;\">https:\/\/mitsp.org\/2020\/labexp1-vozes-desobedientes\/<\/span><\/a><\/li>\n<\/ul>\n<h4><\/div><\/div><\/div><\/div><a class=\"fusion-modal-text-link\" data-toggle=\"modal\" data-target=\".fusion-modal.bt01\" href=\"#\"><i class=\"fas fa-info-circle fa-lg\"><\/i> ATIVIDADE RELACIONADAS<\/a><\/h4>\n<div class=\"fusion-widget-area fusion-widget-area-1 fusion-content-widget-area\"><style type=\"text\/css\">.fusion-widget-area-1 {padding:0px 0px 0px 0px;}.fusion-widget-area-1 .widget h4 {color:#333333;}.fusion-widget-area-1 .widget .heading h4 {color:#333333;}.fusion-widget-area-1 .widget h4 {font-size:20px;}.fusion-widget-area-1 .widget .heading h4 {font-size:20px;}<\/style><div id=\"text-3\" class=\"widget widget_text\">\t\t\t<div class=\"textwidget\"><p><div class=\"fusion-fullwidth fullwidth-box fusion-builder-row-116 fusion-parallax-fixed nonhundred-percent-fullwidth non-hundred-percent-height-scrolling\" style=\"background-color: rgba(255,255,255,0);background-image: url(&quot;https:\/\/mitsp.org\/2020\/wp-content\/uploads\/2020\/01\/footer-eixos1.png&quot;);background-position: center center;background-repeat: no-repeat;padding-top:130px;padding-right:0px;padding-bottom:130px;padding-left:0px;margin-bottom: 0px;margin-top: 0px;border-width: 0px 0px 0px 0px;border-color:#eae9e9;border-style:solid;-webkit-background-size:cover;-moz-background-size:cover;-o-background-size:cover;background-size:cover;background-attachment:fixed;\" ><div class=\"fusion-builder-row fusion-row\"><div class=\"fusion-layout-column fusion_builder_column fusion-builder-column-207 fusion_builder_column_1_1 1_1 fusion-one-full fusion-column-first fusion-column-last\" style=\"margin-top:0px;margin-bottom:20px;\"><div class=\"fusion-column-wrapper fusion-flex-column-wrapper-legacy\" style=\"background-position:left top;background-repeat:no-repeat;-webkit-background-size:cover;-moz-background-size:cover;-o-background-size:cover;background-size:cover;padding: 0px 0px 0px 0px;\"><div class=\"fusion-clearfix\"><\/div><\/div><\/div><\/div><\/div><div class=\"fusion-fullwidth fullwidth-box fusion-builder-row-117 hundred-percent-fullwidth non-hundred-percent-height-scrolling\" style=\"background-color: rgba(255,255,255,0);background-position: center center;background-repeat: no-repeat;padding-top:0px;padding-right:0px;padding-bottom:0px;padding-left:0px;margin-bottom: 0px;margin-top: 0px;border-width: 0px 0px 0px 0px;border-color:#eae9e9;border-style:solid;\" ><div class=\"fusion-builder-row fusion-row\"><div class=\"fusion-layout-column fusion_builder_column fusion-builder-column-208 fusion_builder_column_1_1 1_1 fusion-one-full fusion-column-first fusion-column-last\" style=\"margin-top:0px;margin-bottom:20px;\"><div class=\"fusion-column-wrapper fusion-flex-column-wrapper-legacy\" style=\"background-position:left top;background-repeat:no-repeat;-webkit-background-size:cover;-moz-background-size:cover;-o-background-size:cover;background-size:cover;border-bottom:12px solid #cb898a;padding: 0px 0px 0px 0px;\"><div class=\"fusion-clearfix\"><\/div><\/div><\/div><\/div><\/div><\/p>\n<\/div>\n\t\t<\/div><div class=\"fusion-additional-widget-content\"><\/div><\/div>\n","protected":false},"excerpt":{"rendered":"<p>Rodas de conversa MEM\u00d3RIAS, RA\u00cdZES E TEATRO MAPUCHE NO CHILE DE HOJE COM Paula Gonz\u00e1lez [&hellip;]<\/p>\n","protected":false},"author":6,"featured_media":6430,"comment_status":"closed","ping_status":"open","sticky":false,"template":"","format":"standard","meta":{"_links_to":"","_links_to_target":""},"categories":[5,54],"tags":[],"yst_prominent_words":[],"acf":{"synopsis":"A chilena Paula Gonz\u00e1lez Seguel partilhar\u00e1 os desafios de fazer arte no convulsionado Chile atual, cujos casos de viola\u00e7\u00f5es de direitos humanos t\u00eam aumentado de modo assustador, em especial os abusos contra o povo mapuche.","age_restriction":"0","duration":"","director":"Paula Gonz\u00e1lez Seguel e Maria Fernanda Vomero","teaser_url":"","payment_type":"lottery","purchase_url":"","places":[{"place":6920,"region":"1","date":"2020-03-07 11:00:00"}],"activities":[6266,6275],"payment_info":"","live":false},"_links":{"self":[{"href":"https:\/\/mitsp.org\/2020\/wp-json\/wp\/v2\/posts\/6373"}],"collection":[{"href":"https:\/\/mitsp.org\/2020\/wp-json\/wp\/v2\/posts"}],"about":[{"href":"https:\/\/mitsp.org\/2020\/wp-json\/wp\/v2\/types\/post"}],"author":[{"embeddable":true,"href":"https:\/\/mitsp.org\/2020\/wp-json\/wp\/v2\/users\/6"}],"replies":[{"embeddable":true,"href":"https:\/\/mitsp.org\/2020\/wp-json\/wp\/v2\/comments?post=6373"}],"version-history":[{"count":0,"href":"https:\/\/mitsp.org\/2020\/wp-json\/wp\/v2\/posts\/6373\/revisions"}],"wp:featuredmedia":[{"embeddable":true,"href":"https:\/\/mitsp.org\/2020\/wp-json\/wp\/v2\/media\/6430"}],"wp:attachment":[{"href":"https:\/\/mitsp.org\/2020\/wp-json\/wp\/v2\/media?parent=6373"}],"wp:term":[{"taxonomy":"category","embeddable":true,"href":"https:\/\/mitsp.org\/2020\/wp-json\/wp\/v2\/categories?post=6373"},{"taxonomy":"post_tag","embeddable":true,"href":"https:\/\/mitsp.org\/2020\/wp-json\/wp\/v2\/tags?post=6373"},{"taxonomy":"yst_prominent_words","embeddable":true,"href":"https:\/\/mitsp.org\/2020\/wp-json\/wp\/v2\/yst_prominent_words?post=6373"}],"curies":[{"name":"wp","href":"https:\/\/api.w.org\/{rel}","templated":true}]}}