{"id":6367,"date":"2020-02-03T20:42:34","date_gmt":"2020-02-03T23:42:34","guid":{"rendered":"https:\/\/mitsp.org\/2020\/?p=6367"},"modified":"2020-03-05T09:35:35","modified_gmt":"2020-03-05T12:35:35","slug":"escritas-de-si-feminismo-performance-e-politica","status":"publish","type":"post","link":"https:\/\/mitsp.org\/2020\/escritas-de-si-feminismo-performance-e-politica\/","title":{"rendered":"Escritas de Si: Feminismo, Performance e Pol\u00edtica"},"content":{"rendered":"<h6>Rodas de conversa<\/h6>\n<h3><strong>ESCRITAS DE SI: FEMINISMO, PERFORMANCE E POL\u00cdTICA<\/strong><\/h3>\n<p><span style=\"color: #cb898a;\"><b>COM <\/b><span style=\"font-weight: 400;\">Regina Jos\u00e9 Galindo (GUATEMALA) e Janaina Leite (BRASIL)<\/span><\/span><\/p>\n<p><img class=\"size-fusion-400 wp-image-6425 alignright\" src=\"https:\/\/mitsp.org\/2020\/wp-content\/uploads\/2020\/02\/escritas-em-si-400x266.jpg\" alt=\"Escritas de Si: Feminismo, Performance e Pol\u00edtica\" width=\"400\" height=\"266\" srcset=\"https:\/\/mitsp.org\/2020\/wp-content\/uploads\/2020\/02\/escritas-em-si-200x133.jpg 200w, https:\/\/mitsp.org\/2020\/wp-content\/uploads\/2020\/02\/escritas-em-si-300x200.jpg 300w, https:\/\/mitsp.org\/2020\/wp-content\/uploads\/2020\/02\/escritas-em-si-400x266.jpg 400w, https:\/\/mitsp.org\/2020\/wp-content\/uploads\/2020\/02\/escritas-em-si-600x400.jpg 600w, https:\/\/mitsp.org\/2020\/wp-content\/uploads\/2020\/02\/escritas-em-si-768x511.jpg 768w, https:\/\/mitsp.org\/2020\/wp-content\/uploads\/2020\/02\/escritas-em-si-800x533.jpg 800w, https:\/\/mitsp.org\/2020\/wp-content\/uploads\/2020\/02\/escritas-em-si.jpg 1000w\" sizes=\"(max-width: 400px) 100vw, 400px\" \/><\/p>\n<p><span style=\"font-weight: 400;\">A artista Janaina Leite, pesquisadora em foco da MITsp, entrevista a performer guatemalteca Regina Galindo sobre como as pr\u00e1ticas art\u00edsticas podem desafiar as imposi\u00e7\u00f5es de retrocesso que pairam sobre o mundo, em especial o continente americano.<\/span><\/p>\n<p><b>Atividade gratuita e aberta ao p\u00fablico.<\/b><\/p>\n<p><strong><span style=\"color: #ff0000;\">COMUNICADO<\/span><\/strong><\/p>\n<p><span style=\"color: #ff0000;\">A performer guatemalteca Regina Galindo cancelou sua participa\u00e7\u00e3o na 7\u00aa MITsp. Como ela viajou nos \u00faltimos meses por China, Jap\u00e3o, Espanha e It\u00e1lia, as autoridades aeroportu\u00e1rias da Guatemala alertaram sobre a poss\u00edvel dissemina\u00e7\u00e3o do coronav\u00edrus. Por precau\u00e7\u00e3o, Galindo foi aconselhada a n\u00e3o embarcar. A equipe da MITsp lamenta o fato e mant\u00e9m as portas abertas para uma futura colabora\u00e7\u00e3o com a artista.\u00a0<\/span><\/p>\n<p><img class=\"alignnone size-full wp-image-6077\" src=\"https:\/\/mitsp.org\/2020\/wp-content\/uploads\/2020\/02\/divider-acoes-pedagogicas.jpg\" alt=\"\" width=\"300\" height=\"8\" srcset=\"https:\/\/mitsp.org\/2020\/wp-content\/uploads\/2020\/02\/divider-acoes-pedagogicas-200x5.jpg 200w, https:\/\/mitsp.org\/2020\/wp-content\/uploads\/2020\/02\/divider-acoes-pedagogicas.jpg 300w\" sizes=\"(max-width: 300px) 100vw, 300px\" \/><\/p>\n<h5><span style=\"color: #cb898a;\"><strong>QUANDO<\/strong><\/span><\/h5>\n<p>10 de mar\u00e7o, ter., das 11h \u00e0s 13h<\/p>\n<h5><span style=\"color: #cb898a;\"><strong>ONDE<\/strong><\/span><\/h5>\n<p><a href=\"https:\/\/g.page\/teatrodausp?share\"><strong>Tusp &#8211; Teatro da USP, Sala de Oficina (2\u00ba andar do CEUMA\/TUSP)<\/strong><\/a><\/p>\n<div class=\"fusion-modal modal fade modal-1 bt01\" tabindex=\"-1\" role=\"dialog\" aria-labelledby=\"modal-heading-1\" aria-hidden=\"true\"><style type=\"text\/css\">.modal-1 .modal-header, .modal-1 .modal-footer{border-color:#ebebeb;}<\/style><div class=\"modal-dialog modal-lg\" role=\"document\"><div class=\"modal-content fusion-modal-content\" style=\"background-color:#f6f6f6\"><div class=\"modal-header\"><button class=\"close\" type=\"button\" data-dismiss=\"modal\" aria-hidden=\"true\" aria-label=\"Fechar\">&times;<\/button><h3 class=\"modal-title\" id=\"modal-heading-1\" data-dismiss=\"modal\" aria-hidden=\"true\">Atividades Relacionadas<\/h3><\/div><div class=\"modal-body fusion-clearfix\">\n<ul>\n<li><strong>O Corpo da Mulher, Suas Representa\u00e7\u00f5es e a Coragem da Verdade: <\/strong><a href=\"https:\/\/mitsp.org\/2020\/o-corpo-da-mulher-suas-representacoes-e-coragem-da-verdade\/\"><span style=\"font-weight: 400;\">https:\/\/mitsp.org\/2020\/o-corpo-da-mulher-suas-representacoes-e-coragem-da-verdade\/<\/span><\/a><\/li>\n<li><strong>Desmontagem Stabat Mater: <\/strong><a href=\"https:\/\/mitsp.org\/2020\/desmontagem-de-stabat-mater\/\"><span style=\"font-weight: 400;\">https:\/\/mitsp.org\/2020\/desmontagem-de-stabat-mater\/<\/span><\/a><\/li>\n<li><strong>Di\u00e1logos transversais: <\/strong><a href=\"https:\/\/mitsp.org\/2020\/dialogos-transversais\/\"><span style=\"font-weight: 400;\">https:\/\/mitsp.org\/2020\/dialogos-transversais\/<\/span><\/a><\/li>\n<li><strong>O Grande Retorno: Nenhum Passo Atr\u00e1s: <\/strong><a href=\"https:\/\/mitsp.org\/2020\/o-grande-retorno-nenhum-passo-atras\/\">https:\/\/mitsp.org\/2020\/o-grande-retorno-nenhum-passo-atras\/<\/a><\/li>\n<\/ul>\n<h4><\/div><\/div><\/div><\/div><a class=\"fusion-modal-text-link\" data-toggle=\"modal\" data-target=\".fusion-modal.bt01\" href=\"#\"><i class=\"fas fa-info-circle fa-lg\"><\/i> ATIVIDADE RELACIONADAS<\/a><\/h4>\n<div class=\"fusion-widget-area fusion-widget-area-1 fusion-content-widget-area\"><style type=\"text\/css\">.fusion-widget-area-1 {padding:0px 0px 0px 0px;}.fusion-widget-area-1 .widget h4 {color:#333333;}.fusion-widget-area-1 .widget .heading h4 {color:#333333;}.fusion-widget-area-1 .widget h4 {font-size:20px;}.fusion-widget-area-1 .widget .heading h4 {font-size:20px;}<\/style><div id=\"text-3\" class=\"widget widget_text\">\t\t\t<div class=\"textwidget\"><p><div class=\"fusion-fullwidth fullwidth-box fusion-builder-row-116 fusion-parallax-fixed nonhundred-percent-fullwidth non-hundred-percent-height-scrolling\" style=\"background-color: rgba(255,255,255,0);background-image: url(&quot;https:\/\/mitsp.org\/2020\/wp-content\/uploads\/2020\/01\/footer-eixos1.png&quot;);background-position: center center;background-repeat: no-repeat;padding-top:130px;padding-right:0px;padding-bottom:130px;padding-left:0px;margin-bottom: 0px;margin-top: 0px;border-width: 0px 0px 0px 0px;border-color:#eae9e9;border-style:solid;-webkit-background-size:cover;-moz-background-size:cover;-o-background-size:cover;background-size:cover;background-attachment:fixed;\" ><div class=\"fusion-builder-row fusion-row\"><div class=\"fusion-layout-column fusion_builder_column fusion-builder-column-207 fusion_builder_column_1_1 1_1 fusion-one-full fusion-column-first fusion-column-last\" style=\"margin-top:0px;margin-bottom:20px;\"><div class=\"fusion-column-wrapper fusion-flex-column-wrapper-legacy\" style=\"background-position:left top;background-repeat:no-repeat;-webkit-background-size:cover;-moz-background-size:cover;-o-background-size:cover;background-size:cover;padding: 0px 0px 0px 0px;\"><div class=\"fusion-clearfix\"><\/div><\/div><\/div><\/div><\/div><div class=\"fusion-fullwidth fullwidth-box fusion-builder-row-117 hundred-percent-fullwidth non-hundred-percent-height-scrolling\" style=\"background-color: rgba(255,255,255,0);background-position: center center;background-repeat: no-repeat;padding-top:0px;padding-right:0px;padding-bottom:0px;padding-left:0px;margin-bottom: 0px;margin-top: 0px;border-width: 0px 0px 0px 0px;border-color:#eae9e9;border-style:solid;\" ><div class=\"fusion-builder-row fusion-row\"><div class=\"fusion-layout-column fusion_builder_column fusion-builder-column-208 fusion_builder_column_1_1 1_1 fusion-one-full fusion-column-first fusion-column-last\" style=\"margin-top:0px;margin-bottom:20px;\"><div class=\"fusion-column-wrapper fusion-flex-column-wrapper-legacy\" style=\"background-position:left top;background-repeat:no-repeat;-webkit-background-size:cover;-moz-background-size:cover;-o-background-size:cover;background-size:cover;border-bottom:12px solid #cb898a;padding: 0px 0px 0px 0px;\"><div class=\"fusion-clearfix\"><\/div><\/div><\/div><\/div><\/div><\/p>\n<\/div>\n\t\t<\/div><div class=\"fusion-additional-widget-content\"><\/div><\/div>\n","protected":false},"excerpt":{"rendered":"<p>Rodas de conversa ESCRITAS DE SI: FEMINISMO, PERFORMANCE E POL\u00cdTICA COM Regina Jos\u00e9 Galindo (GUATEMALA) [&hellip;]<\/p>\n","protected":false},"author":6,"featured_media":6425,"comment_status":"closed","ping_status":"open","sticky":false,"template":"","format":"standard","meta":{"_links_to":"","_links_to_target":""},"categories":[5,54],"tags":[],"yst_prominent_words":[],"acf":{"synopsis":"","age_restriction":"0","duration":"120","director":"Regina Jos\u00e9 Galindo (GUATEMALA) e Janaina Leite (BRASIL)","teaser_url":"","payment_type":"lottery","purchase_url":"","places":[{"place":6916,"region":"1","date":"2020-03-10 11:00:00"}],"activities":[6220,6218,6239,6254],"payment_info":"","live":false},"_links":{"self":[{"href":"https:\/\/mitsp.org\/2020\/wp-json\/wp\/v2\/posts\/6367"}],"collection":[{"href":"https:\/\/mitsp.org\/2020\/wp-json\/wp\/v2\/posts"}],"about":[{"href":"https:\/\/mitsp.org\/2020\/wp-json\/wp\/v2\/types\/post"}],"author":[{"embeddable":true,"href":"https:\/\/mitsp.org\/2020\/wp-json\/wp\/v2\/users\/6"}],"replies":[{"embeddable":true,"href":"https:\/\/mitsp.org\/2020\/wp-json\/wp\/v2\/comments?post=6367"}],"version-history":[{"count":0,"href":"https:\/\/mitsp.org\/2020\/wp-json\/wp\/v2\/posts\/6367\/revisions"}],"wp:featuredmedia":[{"embeddable":true,"href":"https:\/\/mitsp.org\/2020\/wp-json\/wp\/v2\/media\/6425"}],"wp:attachment":[{"href":"https:\/\/mitsp.org\/2020\/wp-json\/wp\/v2\/media?parent=6367"}],"wp:term":[{"taxonomy":"category","embeddable":true,"href":"https:\/\/mitsp.org\/2020\/wp-json\/wp\/v2\/categories?post=6367"},{"taxonomy":"post_tag","embeddable":true,"href":"https:\/\/mitsp.org\/2020\/wp-json\/wp\/v2\/tags?post=6367"},{"taxonomy":"yst_prominent_words","embeddable":true,"href":"https:\/\/mitsp.org\/2020\/wp-json\/wp\/v2\/yst_prominent_words?post=6367"}],"curies":[{"name":"wp","href":"https:\/\/api.w.org\/{rel}","templated":true}]}}