{"id":6311,"date":"2020-01-29T13:05:07","date_gmt":"2020-01-29T16:05:07","guid":{"rendered":"https:\/\/mitsp.org\/2020\/?p=6311"},"modified":"2020-03-07T16:45:27","modified_gmt":"2020-03-07T19:45:27","slug":"sabado-descontraido","status":"publish","type":"post","link":"https:\/\/mitsp.org\/2020\/sabado-descontraido\/","title":{"rendered":"S\u00c1BADO DESCONTRA\u00cdDO"},"content":{"rendered":"<p><div class=\"fusion-fullwidth fullwidth-box fusion-builder-row-1 nonhundred-percent-fullwidth non-hundred-percent-height-scrolling\" style=\"background-color: rgba(255,255,255,0);background-position: center center;background-repeat: no-repeat;padding-top:0px;padding-right:0px;padding-bottom:0px;padding-left:0px;margin-bottom: 0px;margin-top: 0px;border-width: 0px 0px 0px 0px;border-color:#eae9e9;border-style:solid;\" ><div class=\"fusion-builder-row fusion-row\"><div class=\"fusion-layout-column fusion_builder_column fusion-builder-column-0 fusion_builder_column_1_1 1_1 fusion-one-full fusion-column-first fusion-column-last\" style=\"margin-top:0px;margin-bottom:20px;\"><div class=\"fusion-column-wrapper fusion-flex-column-wrapper-legacy\" style=\"background-position:left top;background-repeat:no-repeat;-webkit-background-size:cover;-moz-background-size:cover;-o-background-size:cover;background-size:cover;padding: 0px 0px 0px 0px;\"><div class=\"fusion-text fusion-text-1\"><h2>S\u00c1BADO DESCONTRA\u00cdDO<\/h2>\n<div class=\"fusion-sep-clear\"><\/div><div class=\"fusion-separator fusion-full-width-sep\" style=\"margin-left: auto;margin-right: auto;margin-bottom:-30px;width:100%;\"><\/div><div class=\"fusion-sep-clear\"><\/div>\n<h4><strong>T\u00cdTULO ORIGINAL: <em>Samedi D\u00e9tente<\/em><\/strong><\/h4>\n<h4><strong>DIRE\u00c7\u00c3O<\/strong><strong>:<\/strong> <b>Doroth\u00e9e Munyaneza<\/b><\/h4>\n<p>RUANDA\/FRAN\u00c7A, 2014 | <span style=\"font-weight: 400;\">1h15min<\/span> | Classifica\u00e7\u00e3o indicativa: 16 anos<\/p>\n<\/div><div class=\"fusion-clearfix\"><\/div><\/div><\/div><div class=\"fusion-layout-column fusion_builder_column fusion-builder-column-1 fusion_builder_column_1_1 1_1 fusion-one-full fusion-column-first fusion-column-last fusion-column-no-min-height\" style=\"margin-top:0px;margin-bottom:20px;\"><div class=\"fusion-column-wrapper fusion-flex-column-wrapper-legacy\" style=\"background-position:left top;background-repeat:no-repeat;-webkit-background-size:cover;-moz-background-size:cover;-o-background-size:cover;background-size:cover;padding: 0px 0px 0px 0px;\"><div class=\"fusion-text fusion-text-2\"><h6 style=\"text-align: right;\"><img class=\"alignnone size-full wp-image-6318\" src=\"https:\/\/mitsp.org\/2020\/wp-content\/uploads\/2020\/02\/Samedi-DetenteCred_Jose-Caldeira.jpg\" alt=\"Samedi D\u00e9tente \u00a9Jose Caldeira\" width=\"1200\" height=\"700\" srcset=\"https:\/\/mitsp.org\/2020\/wp-content\/uploads\/2020\/02\/Samedi-DetenteCred_Jose-Caldeira-200x117.jpg 200w, https:\/\/mitsp.org\/2020\/wp-content\/uploads\/2020\/02\/Samedi-DetenteCred_Jose-Caldeira-300x175.jpg 300w, https:\/\/mitsp.org\/2020\/wp-content\/uploads\/2020\/02\/Samedi-DetenteCred_Jose-Caldeira-400x233.jpg 400w, https:\/\/mitsp.org\/2020\/wp-content\/uploads\/2020\/02\/Samedi-DetenteCred_Jose-Caldeira-600x350.jpg 600w, https:\/\/mitsp.org\/2020\/wp-content\/uploads\/2020\/02\/Samedi-DetenteCred_Jose-Caldeira-768x448.jpg 768w, https:\/\/mitsp.org\/2020\/wp-content\/uploads\/2020\/02\/Samedi-DetenteCred_Jose-Caldeira-800x467.jpg 800w, https:\/\/mitsp.org\/2020\/wp-content\/uploads\/2020\/02\/Samedi-DetenteCred_Jose-Caldeira-1024x597.jpg 1024w, https:\/\/mitsp.org\/2020\/wp-content\/uploads\/2020\/02\/Samedi-DetenteCred_Jose-Caldeira.jpg 1200w\" sizes=\"(max-width: 1200px) 100vw, 1200px\" \/><br \/>\n\u00a9Jose Caldeira<\/h6>\n<\/div><div class=\"fusion-clearfix\"><\/div><\/div><\/div><\/div><\/div><div class=\"fusion-fullwidth fullwidth-box fusion-builder-row-2 nonhundred-percent-fullwidth non-hundred-percent-height-scrolling\" style=\"background-color: rgba(255,255,255,0);background-position: center center;background-repeat: no-repeat;padding-top:0px;padding-right:0px;padding-bottom:0px;padding-left:0px;margin-bottom: 0px;margin-top: 0px;border-width: 0px 0px 0px 0px;border-color:#eae9e9;border-style:solid;\" ><div class=\"fusion-builder-row fusion-row\"><div class=\"fusion-layout-column fusion_builder_column fusion-builder-column-2 fusion_builder_column_1_2 1_2 fusion-one-half fusion-column-first\" style=\"width:50%;width:calc(50% - ( ( 4% ) * 0.5 ) );margin-right: 4%;margin-top:-20px;margin-bottom:20px;\"><div class=\"fusion-column-wrapper fusion-flex-column-wrapper-legacy\" style=\"background-position:left top;background-repeat:no-repeat;-webkit-background-size:cover;-moz-background-size:cover;-o-background-size:cover;background-size:cover;padding: 0px 0px 0px 0px;\"><div class=\"fusion-text fusion-text-3\"><h3>6\/3, \u00e0s 21h<br \/>\n7\/3, \u00e0s 21h<br \/>\n8\/3, \u00e0s 18h<\/h3>\n<p><strong>Local: <a href=\"https:\/\/g.page\/sescavpaulista?share\" target=\"_blank\" rel=\"noopener noreferrer\">Sesc Avenida Paulista<\/a><\/strong><\/p>\n<\/div><div class=\"fusion-clearfix\"><\/div><\/div><\/div><div class=\"fusion-layout-column fusion_builder_column fusion-builder-column-3 fusion_builder_column_1_2 1_2 fusion-one-half fusion-column-last bt-hide\" style=\"width:50%;width:calc(50% - ( ( 4% ) * 0.5 ) );margin-top:0px;margin-bottom:20px;\"><div class=\"fusion-column-wrapper fusion-flex-column-wrapper-legacy\" style=\"background-position:left top;background-repeat:no-repeat;-webkit-background-size:cover;-moz-background-size:cover;-o-background-size:cover;background-size:cover;padding: 0px 0px 0px 0px;\"><div class=\"fusion-align-block\"><style>.fusion-body .fusion-button.button-1{border-color:#ffffff;border-radius:0px 0px 0px 0px;background:#a0cf76;}.fusion-body .fusion-button.button-1 .fusion-button-text,.fusion-body .fusion-button.button-1 i,.fusion-body .fusion-button.button-1:hover .fusion-button-text,.fusion-body .fusion-button.button-1:hover i,.fusion-body .fusion-button.button-1:focus .fusion-button-text,.fusion-body .fusion-button.button-1:focus i,.fusion-body .fusion-button.button-1:active .fusion-button-text,.fusion-body .fusion-button.button-1:active i{color:#ffffff;}.fusion-body .fusion-button.button-1:hover,.fusion-body .fusion-button.button-1:active,.fusion-body .fusion-button.button-1:focus{border-color:#ffffff;background:#a0cf76;}<\/style><a class=\"fusion-button button-flat button-xlarge button-custom button-1 fusion-button-span-yes fusion-button-default-type\" target=\"_blank\" rel=\"noopener noreferrer\" href=\"https:\/\/www.sescsp.org.br\/programacao\/220348_SABADO+DESCONTRAIDO\"><span class=\"fusion-button-text\">Adquira seu ingresso<\/span><\/a><\/div><div class=\"fusion-clearfix\"><\/div><\/div><\/div><\/div><\/div><div class=\"fusion-fullwidth fullwidth-box fusion-builder-row-3 hide nonhundred-percent-fullwidth non-hundred-percent-height-scrolling fusion-equal-height-columns\" style=\"background-color: rgba(255,255,255,0);background-position: center center;background-repeat: no-repeat;padding-top:0px;padding-right:0px;padding-bottom:0px;padding-left:0px;margin-bottom: 0px;margin-top: 60px;border-width: 0px 0px 0px 0px;border-color:#eae9e9;border-style:solid;\" ><div class=\"fusion-builder-row fusion-row\"><div class=\"fusion-layout-column fusion_builder_column fusion-builder-column-4 fusion_builder_column_1_4 1_4 fusion-one-fourth fusion-column-first\" style=\"width:25%;width:calc(25% - ( ( 5px ) * 0.25 ) );margin-right: 5px;margin-top:0px;margin-bottom:20px;\"><div class=\"fusion-column-wrapper fusion-flex-column-wrapper-legacy\" style=\"background-position:left top;background-repeat:no-repeat;-webkit-background-size:cover;-moz-background-size:cover;-o-background-size:cover;background-size:cover;padding: 0px 0px 0px 0px;\"><div class=\"fusion-column-content-centered\"><div class=\"fusion-column-content\"><div class=\"fusion-align-block\"><style>.fusion-body .fusion-button.button-2 .fusion-button-text{color:#ffffff;text-transform:uppercase;}.fusion-body .fusion-button.button-2{border-color:#ffffff;border-radius:0px 0px 0px 0px;background:#515151;}.fusion-body .fusion-button.button-2 i,.fusion-body .fusion-button.button-2:hover .fusion-button-text,.fusion-body .fusion-button.button-2:hover i,.fusion-body .fusion-button.button-2:focus .fusion-button-text,.fusion-body .fusion-button.button-2:focus i,.fusion-body .fusion-button.button-2:active .fusion-button-text,.fusion-body .fusion-button.button-2:active i{color:#ffffff;}.fusion-body .fusion-button.button-2:hover,.fusion-body .fusion-button.button-2:active,.fusion-body .fusion-button.button-2:focus{border-color:#ffffff;background:#3f3f3f;}<\/style><a class=\"fusion-button button-flat button-large button-custom button-2 fusion-button-span-yes fusion-button-default-type\" target=\"_blank\" rel=\"noopener noreferrer\" href=\"https:\/\/mitsp.org\/2019\/pensamento-em-processo\/\"><span class=\"fusion-button-text\">PENSAMENTO EM PROCESSO<\/span><\/a><\/div><\/div><\/div><div class=\"fusion-clearfix\"><\/div><\/div><\/div><div class=\"fusion-layout-column fusion_builder_column fusion-builder-column-5 fusion_builder_column_2_5 2_5 fusion-two-fifth fusion-column-last\" style=\"width:40%;width:calc(40% - ( ( 5px ) * 0.4 ) );margin-top:0px;margin-bottom:20px;\"><div class=\"fusion-column-wrapper fusion-flex-column-wrapper-legacy\" style=\"background-position:left top;background-repeat:no-repeat;-webkit-background-size:cover;-moz-background-size:cover;-o-background-size:cover;background-size:cover;padding: 0px 0px 0px 0px;\"><div class=\"fusion-column-content-centered\"><div class=\"fusion-column-content\"><div class=\"fusion-align-block\"><style>.fusion-body .fusion-button.button-3 .fusion-button-text{color:#ffffff;text-transform:uppercase;}.fusion-body .fusion-button.button-3{border-color:#ffffff;border-radius:0px 0px 0px 0px;background:#515151;}.fusion-body .fusion-button.button-3 i,.fusion-body .fusion-button.button-3:hover .fusion-button-text,.fusion-body .fusion-button.button-3:hover i,.fusion-body .fusion-button.button-3:focus .fusion-button-text,.fusion-body .fusion-button.button-3:focus i,.fusion-body .fusion-button.button-3:active .fusion-button-text,.fusion-body .fusion-button.button-3:active i{color:#ffffff;}.fusion-body .fusion-button.button-3:hover,.fusion-body .fusion-button.button-3:active,.fusion-body .fusion-button.button-3:focus{border-color:#ffffff;background:#3f3f3f;}<\/style><a class=\"fusion-button button-flat button-large button-custom button-3 fusion-button-span-yes fusion-button-default-type\" target=\"_blank\" rel=\"noopener noreferrer\" href=\"https:\/\/mitsp.org\/2019\/dialogo-entre-milo-rau-e-wagner-schwartz\/\"><span class=\"fusion-button-text\">DI\u00c1LOGO ENTRE MILO RAU E WAGNER SCHWARTZ<\/span><\/a><\/div><\/div><\/div><div class=\"fusion-clearfix\"><\/div><\/div><\/div><\/div><\/div><div class=\"fusion-fullwidth fullwidth-box fusion-builder-row-4 nonhundred-percent-fullwidth non-hundred-percent-height-scrolling fusion-equal-height-columns\" style=\"background-color: rgba(255,255,255,0);background-position: center center;background-repeat: no-repeat;padding-top:0px;padding-right:0px;padding-bottom:0px;padding-left:0px;margin-bottom: 60px;margin-top: 60px;border-width: 0px 0px 0px 0px;border-color:#eae9e9;border-style:solid;\" ><div class=\"fusion-builder-row fusion-row\"><div class=\"fusion-layout-column fusion_builder_column fusion-builder-column-6 fusion_builder_column_4_5 4_5 fusion-four-fifth fusion-column-first\" style=\"width:80%;width:calc(80% - ( ( 30px ) * 0.8 ) );margin-right: 30px;margin-top:0px;margin-bottom:20px;\"><div class=\"fusion-column-wrapper fusion-flex-column-wrapper-legacy\" style=\"background-position:left top;background-repeat:no-repeat;-webkit-background-size:cover;-moz-background-size:cover;-o-background-size:cover;background-size:cover;padding: 0px 0px 0px 0px;\"><div class=\"fusion-text fusion-text-4\"><p style=\"padding-left: 120px;\"><img class=\"alignleft wp-image-2608\" title=\"Sinopse\" src=\"https:\/\/mitsp.org\/2019\/wp-content\/uploads\/2019\/02\/tit-sinopse-71x300.jpg\" alt=\"Sinopse\" width=\"61\" height=\"258\" \/><\/p>\n<p><span style=\"font-weight: 400;\">Por meio de suas lembran\u00e7as de inf\u00e2ncia, a ruandense Doroth\u00e9e Munyaneza reconta a guerra civil que assolou seu pa\u00eds em 1994, levando ao genoc\u00eddio de 800 mil pessoas. A artista estava prestes a completar 12 anos quando se viu em meio aos conflitos, e desde ent\u00e3o n\u00e3o conseguiu mais ouvir <\/span><i><span style=\"font-weight: 400;\">Samedi D\u00e9tente<\/span><\/i><span style=\"font-weight: 400;\"> (algo como S\u00e1bado Descontra\u00eddo, em franc\u00eas), um programa de r\u00e1dio que embalava toda a popula\u00e7\u00e3o do pa\u00eds, com m\u00fasicas de v\u00e1rias partes do mundo. Mas as can\u00e7\u00f5es daquela \u00e9poca ainda hoje ressurgem na mente e no corpo da artista, trazendo \u00e0 tona as lembran\u00e7as de amigos e da fam\u00edlia. No espet\u00e1culo, esp\u00e9cie de testemunho c\u00eanico, Munyaneza tenta dar conta dos horrores do conflito atrav\u00e9s dessas mem\u00f3rias afetivas. Narra as hist\u00f3rias de guerra mesclando linguagens do teatro, da dan\u00e7a e da m\u00fasica e trazendo elementos que remetem \u00e0 jornada de conflitos, como mesas e lonas (que serviam de abrigos contra os tiroteios) e camadas diversas de roupas (seus escudos).<\/span><\/p>\n<\/div><div class=\"fusion-sep-clear\"><\/div><div class=\"fusion-separator fusion-full-width-sep\" style=\"margin-left: auto;margin-right: auto;margin-top:60px;width:100%;\"><\/div><div class=\"fusion-sep-clear\"><\/div><div class=\"fusion-video fusion-youtube\" style=\"max-width:900px;max-height:480px;\"><div class=\"video-shortcode\"><iframe title=\"YouTube video player 1\" src=\"https:\/\/www.youtube.com\/embed\/Zn4iXGw6z80?wmode=transparent&autoplay=0\" width=\"900\" height=\"480\" allowfullscreen allow=\"autoplay; fullscreen\"><\/iframe><\/div><\/div><div class=\"fusion-sep-clear\"><\/div><div class=\"fusion-separator fusion-full-width-sep\" style=\"margin-left: auto;margin-right: auto;margin-top:60px;width:100%;\"><\/div><div class=\"fusion-sep-clear\"><\/div><div class=\"fusion-text fusion-text-5\"><p style=\"padding-left: 120px;\"><img class=\"alignleft wp-image-2607\" title=\"Hist\u00f3rico\" src=\"https:\/\/mitsp.org\/2019\/wp-content\/uploads\/2019\/02\/tit-historico.jpg\" alt=\"Hist\u00f3rico\" width=\"50\" height=\"257\" \/><\/p>\n<p><span style=\"font-weight: 400;\">Nascida em Ruanda, Doroth\u00e9e Munyaneza deixou seu pa\u00eds aos 12 anos, durante a guerra civil de 1994. Estabeleceu-se com a fam\u00edlia na Inglaterra, onde estudou m\u00fasica na Funda\u00e7\u00e3o Jonas e ci\u00eancias sociais em Canterbury, e logo depois mudou-se para a Fran\u00e7a, onde desenvolve trabalhos como musicista, autora e core\u00f3grafa. Suas obras partem de acontecimentos reais para capturar seus reflexos na mem\u00f3ria e no corpo, no \u00e2mbito individual e no coletivo, para dar voz \u00e0queles que foram silenciados. Em 2004, A artista comp\u00f4s e interpretou a trilha sonora do filme <\/span><i><span style=\"font-weight: 400;\">Hotel Ruanda<\/span><\/i><span style=\"font-weight: 400;\">, de Terry George, e seis anos depois lan\u00e7ou seu primeiro \u00e1lbum solo, gravado com o produtor Martin Russell. Com <\/span><i><span style=\"font-weight: 400;\">Samedi D\u00e9tente<\/span><\/i><span style=\"font-weight: 400;\">, seu primeiro espet\u00e1culo teatral, fundou em 2013 a companhia Kadidi, e lan\u00e7ou sua segunda pe\u00e7a, <\/span><i><span style=\"font-weight: 400;\">Unwanted<\/span><\/i><span style=\"font-weight: 400;\">, no Festival de Avignon de 2017. Como artista associada do Th\u00e9\u00e2tre de la Ville, em Paris, apresentou com os m\u00fasicos Benjamin Colin e Daniel Ngarukiye o concerto-performance <\/span><i><span style=\"font-weight: 400;\">Woad<\/span><\/i><span style=\"font-weight: 400;\">, em 2019. O pr\u00f3ximo trabalho de Munyaneza, <\/span><i><span style=\"font-weight: 400;\">MAILLES<\/span><\/i><span style=\"font-weight: 400;\">, ir\u00e1 reunir artistas afrodescendentes de v\u00e1rias partes do mundo e tem estreia prevista para outubro de 2020 em Chaleroi, na B\u00e9lgica.<\/span><\/p>\n<\/div><div class=\"fusion-sep-clear\"><\/div><div class=\"fusion-separator fusion-full-width-sep\" style=\"margin-left: auto;margin-right: auto;margin-top:30px;width:100%;\"><\/div><div class=\"fusion-sep-clear\"><\/div><div class=\"fusion-text fusion-text-6\"><h2 style=\"text-align: right;\"><span style=\"font-size: 44px; color: #000000;\">CR\u00cdTICAS<\/span><\/h2>\n<p><em><span style=\"font-weight: 400;\">Munyaneza fala e canta, eventualmente pulando sobre uma mesa, semelhante \u00e0s que ela e os amigos costumavam usar como abrigo, e \u00e9 acompanhada pela bailarina marfinesa Nadia Beugr\u00e9 e pelo compositor franc\u00eas Alain Mah\u00e9. Seus esfor\u00e7os poderiam dar maior teatralidade ao espet\u00e1culo, traduzindo eventos reais em som e imagem viscerais. Em vez disso, mostram como a met\u00e1fora pode falhar diante de tamanha atrocidade (&#8230;) \u00c9 quase imposs\u00edvel imaginar um som, um passo, um s\u00edmbolo que consiga representar os horrores que Munyaneza detalha.<\/span><\/em><\/p>\n<p><strong><a href=\"https:\/\/www.nytimes.com\/2016\/01\/16\/theater\/review-samedi-detente-looks-back-at-the-horrors-of-rwanda.html\" target=\"_blank\" rel=\"noopener noreferrer\">ALEXIS SOLOSKI, The New York Times<\/a><\/strong><\/p>\n<p><em><span style=\"font-weight: 400;\">Por essa soma de a\u00e7\u00f5es elegantes, tamb\u00e9m por essa incr\u00edvel cena de dan\u00e7a zouglou (uma cena coreogr\u00e1fica louca e reconfortante) que Nadia Beugr\u00e9 (excelente bailarina marfinense) e Doroth\u00e9e Munyaneza dissipam sobre o palco, a pe\u00e7a prop\u00f5e um contraponto \u00edntimo aos livros de hist\u00f3ria.<\/span><\/em><\/p>\n<p><strong><a href=\"https:\/\/next.liberation.fr\/theatre\/2015\/01\/19\/exorciser-le-massacre-en-chantant_1184046\" target=\"_blank\" rel=\"noopener noreferrer\">\u00c8VE BEAUVALLET, Lib\u00e9ration<\/a><\/strong><\/p>\n<\/div><div class=\"fusion-sep-clear\"><\/div><div class=\"fusion-separator fusion-full-width-sep\" style=\"margin-left: auto;margin-right: auto;margin-top:60px;width:100%;\"><\/div><div class=\"fusion-sep-clear\"><\/div><div class=\"fusion-text fusion-text-7\"><p><img class=\"alignnone wp-image-3067\" src=\"https:\/\/mitsp.org\/2019\/wp-content\/uploads\/2019\/02\/titficha-tecnica.jpg\" alt=\"Ficha T\u00e9cnica\" width=\"320\" height=\"46\" \/><\/p>\n<p><strong>CONCEP\u00c7\u00c3O, COREOGRAFIA E DIRE\u00c7\u00c3O<\/strong>: Doroth\u00e9e Munyaneza<br \/>\n<strong>ELENCO<\/strong>: Nadia Beugr\u00e9, Kamal Hamadache e Doroth\u00e9e Munyaneza<br \/>\n<strong>PROVOCADOR<\/strong>: Mathurin Bolze<br \/>\n<strong>DESENHO DE LUZ<\/strong>: Christian Dubet<br \/>\n<strong>CEN\u00c1RIO<\/strong>: Vincent Gadras<br \/>\n<strong>FIGURINO<\/strong>: Tifenn Morvan<br \/>\n<strong>DIRE\u00c7\u00c3O DE PALCO<\/strong>: Fr\u00e9d\u00e9rique Melin<br \/>\n<strong>DIRE\u00c7\u00c3O DE SOM<\/strong>: Camille Frachet<br \/>\n<strong>DIRE\u00c7\u00c3O DE LUZ:<\/strong> Nara Zocher de Sousa<br \/>\n<strong>PRODU\u00c7\u00c3O<\/strong>: Compagnie Kadidi, Anahi Production<br \/>\n<strong>DIRE\u00c7\u00c3O DE PRODU\u00c7\u00c3O<\/strong>: Emmanuel Magis, Anahi<br \/>\n<strong>ASSISTENTE DE PRODU\u00c7\u00c3O<\/strong>: Leslie Fefeu<br \/>\n<strong>COPRODU\u00c7\u00c3O:<\/strong> Th\u00e9\u00e2tre de N\u00eemes \u2013 Sc\u00e8ne Conventionn\u00e9e pour la Danse, Th\u00e9\u00e2tre La Passerelle \u2013 Sc\u00e8ne Nationale de Gap et des Alpes du Sud, Bois de l&#8217;Aune-Aix-en-Provence, Th\u00e9\u00e2tre des Salins \u2013 Sc\u00e8ne Nationale de Martigues, L\u2019Onde \u2013 Th\u00e9\u00e2tre Centre d&#8217;Art de V\u00e9lizy-Villacoublay, P\u00f4le Sud \u2013 CDCN Strasbourg, Th\u00e9\u00e2tre Jacques Pr\u00e9vert \u2013 Aulnay-sous-Bois, Le Parvis \u2013 Sc\u00e8ne Nationale de Tarbes, Th\u00e9\u00e2tre Garonne \u2013 Toulouse, R\u00e9seau Open Latitudes 2<br \/>\n<strong>APOIO<\/strong>: Cultural European Programme, Th\u00e9\u00e2tre de Li\u00e8ge, Th\u00e9\u00e2tre de la Ville \u2013 Paris, BIT Teatergarasjen \u2013 Bergen. Com apoio do Th\u00e9\u00e2tre Le Monfort\u2013Paris, do Friche Belle de Mai\u2013Marseille, da Dire\u00e7\u00e3o Regional de Assuntos Culturais PACA &#8211; Minist\u00e9rio da Cultura e Comunica\u00e7\u00e3o, do SACD, Association Beaumarchais, Arcadi \u00cele-de-France, ADAMI e Prefeitura de Paris.<\/p>\n<\/div><div class=\"fusion-text fusion-text-8\"><h3>FOTOS<\/h3>\n<p>[wp_plusgallery data_type=&#8221;flickr&#8221; data_userid=&#8221;115974724@N02&#8243; data_albumid=&#8221;72157713391509592&#8243; data_limit=&#8221;80&#8243; box_color=&#8221;#d5313a&#8221;]<\/p>\n<\/div><div class=\"fusion-clearfix\"><\/div><\/div><\/div><div class=\"fusion-layout-column fusion_builder_column fusion-builder-column-7 fusion_builder_column_1_5 1_5 fusion-one-fifth fusion-column-last\" style=\"width:20%;width:calc(20% - ( ( 30px ) * 0.2 ) );margin-top:0px;margin-bottom:20px;\"><div class=\"fusion-column-wrapper fusion-flex-column-wrapper-legacy\" style=\"background-position:left top;background-repeat:no-repeat;-webkit-background-size:cover;-moz-background-size:cover;-o-background-size:cover;background-size:cover;border-left:3px solid #e0efd2;padding: 0px 0px 0px 30px;\"><div class=\"fusion-align-block\"><style>.fusion-body .fusion-button.button-4{border-color:#ffffff;border-radius:0px 0px 0px 0px;background:#a0cf76;}.fusion-body .fusion-button.button-4 .fusion-button-text,.fusion-body .fusion-button.button-4 i,.fusion-body .fusion-button.button-4:hover .fusion-button-text,.fusion-body .fusion-button.button-4:hover i,.fusion-body .fusion-button.button-4:focus .fusion-button-text,.fusion-body .fusion-button.button-4:focus i,.fusion-body .fusion-button.button-4:active .fusion-button-text,.fusion-body .fusion-button.button-4:active i{color:#ffffff;}.fusion-body .fusion-button.button-4:hover,.fusion-body .fusion-button.button-4:active,.fusion-body .fusion-button.button-4:focus{border-color:#ffffff;background:#a0cf76;}<\/style><a class=\"fusion-button button-flat button-xlarge button-custom button-4 fusion-button-span-yes fusion-button-default-type\" target=\"_self\"><span class=\"fusion-button-text\">Cr\u00edticas<\/span><\/a><\/div><div class=\"fusion-recent-posts fusion-recent-posts-1 avada-container layout-default layout-columns-1\"><section class=\"fusion-columns columns fusion-columns-1 columns-1\"><article class=\"post fusion-column column col col-lg-12 col-md-12 col-sm-12\"><div class=\"fusion-flexslider fusion-flexslider-loading flexslider flexslider-hover-type-none\"><ul class=\"slides\"><li><a href=\"https:\/\/mitsp.org\/2020\/escuta-das-historias-vozes-silencios-e-lutas-em-paisagens-sonoras-por-wellington-junior\/\" aria-label=\"A escuta das hist\u00f3rias: vozes, sil\u00eancios e lutas em paisagens sonoras por Wellington J\u00fanior\" class=\"hover-type-none\"><img width=\"700\" height=\"441\" src=\"https:\/\/mitsp.org\/2020\/wp-content\/uploads\/2020\/03\/49628571918_8386e0ec86_o-700x441.jpg\" class=\"attachment-recent-posts size-recent-posts\" alt=\"S\u00e1bado Descontra\u00eddo @Guto Muniz\" srcset=\"https:\/\/mitsp.org\/2020\/wp-content\/uploads\/2020\/03\/49628571918_8386e0ec86_o-320x202.jpg 320w, https:\/\/mitsp.org\/2020\/wp-content\/uploads\/2020\/03\/49628571918_8386e0ec86_o-700x441.jpg 700w\" sizes=\"(max-width: 700px) 100vw, 700px\" \/><\/a><\/li><\/ul><\/div><div class=\"recent-posts-content\"><h4 class=\"\"><a href=\"https:\/\/mitsp.org\/2020\/escuta-das-historias-vozes-silencios-e-lutas-em-paisagens-sonoras-por-wellington-junior\/\">A escuta das hist\u00f3rias: vozes, sil\u00eancios e lutas em paisagens sonoras  <h6>por Wellington J\u00fanior<\/h6><\/a><\/h4><p class=\"meta\"><span>3  junho  2020<\/span><span class=\"fusion-inline-sep\">|<\/span><\/p><\/div><\/article><article class=\"post fusion-column column col col-lg-12 col-md-12 col-sm-12\"><div class=\"fusion-flexslider fusion-flexslider-loading flexslider flexslider-hover-type-none\"><ul class=\"slides\"><li><a href=\"https:\/\/mitsp.org\/2020\/lampejos-da-memoria-corpo-e-narratividade-por-guilherme-diniz\/\" aria-label=\"Lampejos da mem\u00f3ria: corpo e narratividade por Guilherme Diniz\" class=\"hover-type-none\"><img width=\"700\" height=\"441\" src=\"https:\/\/mitsp.org\/2020\/wp-content\/uploads\/2020\/05\/49654230907_1bd4264122_o-700x441.jpg\" class=\"attachment-recent-posts size-recent-posts\" alt=\"\" srcset=\"https:\/\/mitsp.org\/2020\/wp-content\/uploads\/2020\/05\/49654230907_1bd4264122_o-320x202.jpg 320w, https:\/\/mitsp.org\/2020\/wp-content\/uploads\/2020\/05\/49654230907_1bd4264122_o-700x441.jpg 700w\" sizes=\"(max-width: 700px) 100vw, 700px\" \/><\/a><\/li><\/ul><\/div><div class=\"recent-posts-content\"><h4 class=\"\"><a href=\"https:\/\/mitsp.org\/2020\/lampejos-da-memoria-corpo-e-narratividade-por-guilherme-diniz\/\">Lampejos da mem\u00f3ria: corpo e narratividade <h6>por Guilherme Diniz<\/h6><\/a><\/h4><p class=\"meta\"><span>18  maio  2020<\/span><span class=\"fusion-inline-sep\">|<\/span><\/p><\/div><\/article><article class=\"post fusion-column column col col-lg-12 col-md-12 col-sm-12\"><div class=\"fusion-flexslider fusion-flexslider-loading flexslider flexslider-hover-type-none\"><ul class=\"slides\"><li><a href=\"https:\/\/mitsp.org\/2020\/reinventar-riqueza-redistribuir-o-poder-por-daniel-toledo\/\" aria-label=\"Reinventar a riqueza, redistribuir o poder por Daniel Toledo\" class=\"hover-type-none\"><img width=\"700\" height=\"441\" src=\"https:\/\/mitsp.org\/2020\/wp-content\/uploads\/2020\/05\/49629963846_c83f453898_o-700x441.jpg\" class=\"attachment-recent-posts size-recent-posts\" alt=\"\" srcset=\"https:\/\/mitsp.org\/2020\/wp-content\/uploads\/2020\/05\/49629963846_c83f453898_o-320x202.jpg 320w, https:\/\/mitsp.org\/2020\/wp-content\/uploads\/2020\/05\/49629963846_c83f453898_o-700x441.jpg 700w\" sizes=\"(max-width: 700px) 100vw, 700px\" \/><\/a><\/li><\/ul><\/div><div class=\"recent-posts-content\"><h4 class=\"\"><a href=\"https:\/\/mitsp.org\/2020\/reinventar-riqueza-redistribuir-o-poder-por-daniel-toledo\/\">Reinventar a riqueza, redistribuir o poder  <h6>por Daniel Toledo<\/h6><\/a><\/h4><p class=\"meta\"><span>15  maio  2020<\/span><span class=\"fusion-inline-sep\">|<\/span><\/p><\/div><\/article><article class=\"post fusion-column column col col-lg-12 col-md-12 col-sm-12\"><div class=\"fusion-flexslider fusion-flexslider-loading flexslider flexslider-hover-type-none\"><ul class=\"slides\"><li><a href=\"https:\/\/mitsp.org\/2020\/fratura-espectral-por-guilherme-diniz\/\" aria-label=\"Fratura espectral por Guilherme Diniz\" class=\"hover-type-none\"><img width=\"700\" height=\"441\" src=\"https:\/\/mitsp.org\/2020\/wp-content\/uploads\/2020\/03\/49628571918_8386e0ec86_o-700x441.jpg\" class=\"attachment-recent-posts size-recent-posts\" alt=\"S\u00e1bado Descontra\u00eddo @Guto Muniz\" srcset=\"https:\/\/mitsp.org\/2020\/wp-content\/uploads\/2020\/03\/49628571918_8386e0ec86_o-320x202.jpg 320w, https:\/\/mitsp.org\/2020\/wp-content\/uploads\/2020\/03\/49628571918_8386e0ec86_o-700x441.jpg 700w\" sizes=\"(max-width: 700px) 100vw, 700px\" \/><\/a><\/li><\/ul><\/div><div class=\"recent-posts-content\"><h4 class=\"\"><a href=\"https:\/\/mitsp.org\/2020\/fratura-espectral-por-guilherme-diniz\/\">Fratura espectral <h6>por Guilherme Diniz<\/h6><\/a><\/h4><p class=\"meta\"><span>7  mar\u00e7o  2020<\/span><span class=\"fusion-inline-sep\">|<\/span><\/p><\/div><\/article><article class=\"post fusion-column column col col-lg-12 col-md-12 col-sm-12\"><div class=\"fusion-flexslider fusion-flexslider-loading flexslider flexslider-hover-type-none\"><ul class=\"slides\"><li><a href=\"https:\/\/mitsp.org\/2020\/o-fio-da-lamina-da-memoria-por-lais-machado\/\" aria-label=\"O fio da l\u00e2mina da mem\u00f3ria por La\u00eds Machado\" class=\"hover-type-none\"><img width=\"700\" height=\"441\" src=\"https:\/\/mitsp.org\/2020\/wp-content\/uploads\/2020\/03\/49629087516_2354490e68_o-700x441.jpg\" class=\"attachment-recent-posts size-recent-posts\" alt=\"S\u00e1bado Descontra\u00eddo @Guto Muniz\" srcset=\"https:\/\/mitsp.org\/2020\/wp-content\/uploads\/2020\/03\/49629087516_2354490e68_o-320x202.jpg 320w, https:\/\/mitsp.org\/2020\/wp-content\/uploads\/2020\/03\/49629087516_2354490e68_o-700x441.jpg 700w\" sizes=\"(max-width: 700px) 100vw, 700px\" \/><\/a><\/li><\/ul><\/div><div class=\"recent-posts-content\"><h4 class=\"\"><a href=\"https:\/\/mitsp.org\/2020\/o-fio-da-lamina-da-memoria-por-lais-machado\/\">O fio da l\u00e2mina da mem\u00f3ria <h6>por La\u00eds Machado<\/h6><\/a><\/h4><p class=\"meta\"><span>7  mar\u00e7o  2020<\/span><span class=\"fusion-inline-sep\">|<\/span><\/p><\/div><\/article><\/section><\/div><div class=\"fusion-clearfix\"><\/div><\/div><\/div><\/div><\/div><div class=\"fusion-fullwidth fullwidth-box fusion-builder-row-5 hundred-percent-fullwidth non-hundred-percent-height-scrolling\" style=\"background-color: rgba(255,255,255,0);background-position: center center;background-repeat: no-repeat;padding-top:0px;padding-right:0px;padding-bottom:0px;padding-left:0px;margin-bottom: 0px;margin-top: 0px;border-width: 0px 0px 0px 0px;border-color:#eae9e9;border-style:solid;\" ><div class=\"fusion-builder-row fusion-row\"><div class=\"fusion-layout-column fusion_builder_column fusion-builder-column-8 fusion_builder_column_1_1 1_1 fusion-one-full fusion-column-first fusion-column-last\" style=\"margin-top:0px;margin-bottom:20px;\"><div class=\"fusion-column-wrapper fusion-flex-column-wrapper-legacy\" style=\"background-position:left top;background-repeat:no-repeat;-webkit-background-size:cover;-moz-background-size:cover;-o-background-size:cover;background-size:cover;padding: 0px 0px 0px 0px;\"><div class=\"fusion-widget-area fusion-widget-area-1 fusion-content-widget-area\"><style type=\"text\/css\">.fusion-widget-area-1 {padding:0px 0px 0px 0px;}.fusion-widget-area-1 .widget h4 {color:#333333;}.fusion-widget-area-1 .widget .heading h4 {color:#333333;}.fusion-widget-area-1 .widget h4 {font-size:20px;}.fusion-widget-area-1 .widget .heading h4 {font-size:20px;}<\/style><div id=\"text-5\" class=\"widget widget_text\">\t\t\t<div class=\"textwidget\"><p><div class=\"fusion-fullwidth fullwidth-box fusion-builder-row-5-1 fusion-parallax-fixed nonhundred-percent-fullwidth non-hundred-percent-height-scrolling\" style=\"background-color: rgba(255,255,255,0);background-image: url(&quot;https:\/\/mitsp.org\/2020\/wp-content\/uploads\/2019\/12\/fundo-espera-mitsp2020-1.jpg&quot;);background-position: center center;background-repeat: no-repeat;padding-top:130px;padding-right:30px;padding-bottom:130px;padding-left:30px;margin-bottom: 0px;margin-top: 0px;border-width: 0px 0px 0px 0px;border-color:#eae9e9;border-style:solid;-webkit-background-size:cover;-moz-background-size:cover;-o-background-size:cover;background-size:cover;background-attachment:fixed;\" ><div class=\"fusion-builder-row fusion-row\"><div class=\"fusion-layout-column fusion_builder_column fusion-builder-column-8 fusion_builder_column_1_1 1_1 fusion-one-full fusion-column-first fusion-column-last\" style=\"margin-top:0px;margin-bottom:20px;\"><div class=\"fusion-column-wrapper fusion-flex-column-wrapper-legacy\" style=\"background-position:left top;background-repeat:no-repeat;-webkit-background-size:cover;-moz-background-size:cover;-o-background-size:cover;background-size:cover;padding: 0px 0px 0px 0px;\"><div class=\"fusion-clearfix\"><\/div><\/div><\/div><\/div><\/div><div class=\"fusion-fullwidth fullwidth-box fusion-builder-row-5-2 hundred-percent-fullwidth non-hundred-percent-height-scrolling\" style=\"background-color: rgba(255,255,255,0);background-position: center center;background-repeat: no-repeat;padding-top:0px;padding-right:0px;padding-bottom:0px;padding-left:0px;margin-bottom: 0px;margin-top: 0px;border-width: 0px 0px 0px 0px;border-color:#eae9e9;border-style:solid;\" ><div class=\"fusion-builder-row fusion-row\"><div class=\"fusion-layout-column fusion_builder_column fusion-builder-column-9 fusion_builder_column_1_1 1_1 fusion-one-full fusion-column-first fusion-column-last\" style=\"margin-top:0px;margin-bottom:20px;\"><div class=\"fusion-column-wrapper fusion-flex-column-wrapper-legacy\" style=\"background-position:left top;background-repeat:no-repeat;-webkit-background-size:cover;-moz-background-size:cover;-o-background-size:cover;background-size:cover;border-bottom:12px solid #a0cf76;padding: 0px 0px 0px 0px;\"><div class=\"fusion-clearfix\"><\/div><\/div><\/div><\/div><\/div><\/p>\n<\/div>\n\t\t<\/div><div class=\"fusion-additional-widget-content\"><\/div><\/div><div class=\"fusion-clearfix\"><\/div><\/div><\/div><\/div><\/div><\/p>\n","protected":false},"excerpt":{"rendered":"<p>Doroth\u00e9e Munyaneza<\/p>\n","protected":false},"author":1,"featured_media":6318,"comment_status":"open","ping_status":"open","sticky":false,"template":"","format":"standard","meta":{"_links_to":"","_links_to_target":""},"categories":[1,130],"tags":[],"yst_prominent_words":[],"acf":{"age_restriction":"18","duration":"55","director":"Dire\u00e7\u00e3o: Gis\u00e8le Vienne","teaser_url":"https:\/\/youtu.be\/Zn4iXGw6z80","payment_type":"paid","price":"R$ 40 e R$ 20 (meia-entrada)","sold_by":"SESC SP","purchase_url":"https:\/\/www.sescsp.org.br\/programacao\/220348_SABADO+DESCONTRAIDO","places":[{"place":7330,"region":"1","date":"2020-03-06 21:00:00"},{"place":7330,"region":"1","date":"2020-03-07 21:00:00"},{"place":7330,"region":"1","date":"2020-03-08 18:00:00"}],"activities":"","payment_info":"","live":false,"synopsis":"A ruandense Doroth\u00e9e Munyaneza reconta a guerra civil que assolou seu pa\u00eds em 1994, levando ao genoc\u00eddio de 800 mil pessoas. A artista mescla linguagens do teatro, da dan\u00e7a e da m\u00fasica e tenta dar conta dos horrores do conflito atrav\u00e9s de sua mem\u00f3ria afetiva.\r\n"},"_links":{"self":[{"href":"https:\/\/mitsp.org\/2020\/wp-json\/wp\/v2\/posts\/6311"}],"collection":[{"href":"https:\/\/mitsp.org\/2020\/wp-json\/wp\/v2\/posts"}],"about":[{"href":"https:\/\/mitsp.org\/2020\/wp-json\/wp\/v2\/types\/post"}],"author":[{"embeddable":true,"href":"https:\/\/mitsp.org\/2020\/wp-json\/wp\/v2\/users\/1"}],"replies":[{"embeddable":true,"href":"https:\/\/mitsp.org\/2020\/wp-json\/wp\/v2\/comments?post=6311"}],"version-history":[{"count":0,"href":"https:\/\/mitsp.org\/2020\/wp-json\/wp\/v2\/posts\/6311\/revisions"}],"wp:featuredmedia":[{"embeddable":true,"href":"https:\/\/mitsp.org\/2020\/wp-json\/wp\/v2\/media\/6318"}],"wp:attachment":[{"href":"https:\/\/mitsp.org\/2020\/wp-json\/wp\/v2\/media?parent=6311"}],"wp:term":[{"taxonomy":"category","embeddable":true,"href":"https:\/\/mitsp.org\/2020\/wp-json\/wp\/v2\/categories?post=6311"},{"taxonomy":"post_tag","embeddable":true,"href":"https:\/\/mitsp.org\/2020\/wp-json\/wp\/v2\/tags?post=6311"},{"taxonomy":"yst_prominent_words","embeddable":true,"href":"https:\/\/mitsp.org\/2020\/wp-json\/wp\/v2\/yst_prominent_words?post=6311"}],"curies":[{"name":"wp","href":"https:\/\/api.w.org\/{rel}","templated":true}]}}