{"id":6275,"date":"2020-02-03T16:05:55","date_gmt":"2020-02-03T19:05:55","guid":{"rendered":"https:\/\/mitsp.org\/2020\/?p=6275"},"modified":"2020-03-06T16:27:56","modified_gmt":"2020-03-06T19:27:56","slug":"labexp2-memorias-insurgentes","status":"publish","type":"post","link":"https:\/\/mitsp.org\/2020\/labexp2-memorias-insurgentes\/","title":{"rendered":"LABEXP2 &#8211; Mem\u00f3rias Insurgentes"},"content":{"rendered":"<h6>Laborat\u00f3rios de experimenta\u00e7\u00e3o<\/h6>\n<h3>LABEXP2 &#8211; Mem\u00f3rias Insurgentes<\/h3>\n<h4><span style=\"color: #cb898a;\">COM Paula Gonz\u00e1lez Seguel (CHILE) e Eduardo Chatagnier Perez (BRASIL)<\/span><\/h4>\n<p><img class=\"size-fusion-400 wp-image-6278 alignright\" src=\"https:\/\/mitsp.org\/2020\/wp-content\/uploads\/2020\/02\/Paula-gonzalez-Eduardo-Chatagnier-400x266.jpg\" alt=\"Paula Gonz\u00e1lez Seguel e Eduardo Chatagnier Perez\" width=\"400\" height=\"266\" srcset=\"https:\/\/mitsp.org\/2020\/wp-content\/uploads\/2020\/02\/Paula-gonzalez-Eduardo-Chatagnier-200x133.jpg 200w, https:\/\/mitsp.org\/2020\/wp-content\/uploads\/2020\/02\/Paula-gonzalez-Eduardo-Chatagnier-300x200.jpg 300w, https:\/\/mitsp.org\/2020\/wp-content\/uploads\/2020\/02\/Paula-gonzalez-Eduardo-Chatagnier-400x266.jpg 400w, https:\/\/mitsp.org\/2020\/wp-content\/uploads\/2020\/02\/Paula-gonzalez-Eduardo-Chatagnier-600x400.jpg 600w, https:\/\/mitsp.org\/2020\/wp-content\/uploads\/2020\/02\/Paula-gonzalez-Eduardo-Chatagnier-768x511.jpg 768w, https:\/\/mitsp.org\/2020\/wp-content\/uploads\/2020\/02\/Paula-gonzalez-Eduardo-Chatagnier-800x533.jpg 800w, https:\/\/mitsp.org\/2020\/wp-content\/uploads\/2020\/02\/Paula-gonzalez-Eduardo-Chatagnier.jpg 1000w\" sizes=\"(max-width: 400px) 100vw, 400px\" \/><\/p>\n<p>A encenadora e ativista chilena Paula Gonz\u00e1lez e o videomaker brasileiro Eduardo Perez prop\u00f5em um laborat\u00f3rio de experimenta\u00e7\u00e3o autobiogr\u00e1fica, no qual os participantes ter\u00e3o a possibilidade de investigar \u2013 por meio de entrevistas e do registro de depoimentos com moradores de uma ocupa\u00e7\u00e3o \u2013 mem\u00f3rias, feridas e dores enraizadas em seus corpos. Isso a fim de buscar uma raiz, uma conex\u00e3o com a terra, com seus ancestrais e as diversas problem\u00e1ticas sociais e pol\u00edticas, hist\u00f3ricas e contingentes que atravessam seu territ\u00f3rio (o corporal e o geogr\u00e1fico), concebendo a arte como uma ferramenta profunda de transforma\u00e7\u00e3o pol\u00edtico-social do indiv\u00edduo e de seu contexto. O v\u00eddeo entra como uma tentativa de capturar o ef\u00eamero e transformar o relato em registro palp\u00e1vel e direto.<br \/>\n<div class=\"fusion-modal modal fade modal-1 bt01\" tabindex=\"-1\" role=\"dialog\" aria-labelledby=\"modal-heading-1\" aria-hidden=\"true\"><style type=\"text\/css\">.modal-1 .modal-header, .modal-1 .modal-footer{border-color:#ebebeb;}<\/style><div class=\"modal-dialog modal-lg\" role=\"document\"><div class=\"modal-content fusion-modal-content\" style=\"background-color:#f6f6f6\"><div class=\"modal-header\"><button class=\"close\" type=\"button\" data-dismiss=\"modal\" aria-hidden=\"true\" aria-label=\"Fechar\">&times;<\/button><h3 class=\"modal-title\" id=\"modal-heading-1\" data-dismiss=\"modal\" aria-hidden=\"true\">Laborat\u00f3rios de Experimenta\u00e7\u00e3o<\/h3><\/div><div class=\"modal-body fusion-clearfix\"><br \/>\nComo desestabilizar a suposta normalidade que, na verdade, apenas cristalizava mecanismos excludentes e a imposi\u00e7\u00e3o de formas de vida hegem\u00f4nicas? Em tr\u00eas atividades independentes, mas interligadas pela provoca\u00e7\u00e3o de arriscar propostas e formatos, artistas latino-americanas \u2013 com apoio de artistas brasileiros de diferentes linguagens \u2013 prop\u00f5em experi\u00eancias intensivas de cria\u00e7\u00e3o relacionadas a temas candentes da realidade do continente.<\/p>\n<p><\/div><\/div><\/div><\/div><a class=\"fusion-modal-text-link\" data-toggle=\"modal\" data-target=\".fusion-modal.bt01\" href=\"#\"><\/p>\n<blockquote><p><span style=\"color: #000;\"><strong><span style=\"color: #000;\">&gt;&gt;&gt; Saiba mais sobre os Laborat\u00f3rios de Experimenta\u00e7\u00e3o<\/span><\/a><\/strong><\/span><\/p><\/blockquote>\n<p><strong>*Atividade com sele\u00e7\u00e3o.<\/strong><\/p>\n<p><img class=\"alignnone size-full wp-image-6077\" src=\"https:\/\/mitsp.org\/2020\/wp-content\/uploads\/2020\/02\/divider-acoes-pedagogicas.jpg\" alt=\"\" width=\"300\" height=\"8\" srcset=\"https:\/\/mitsp.org\/2020\/wp-content\/uploads\/2020\/02\/divider-acoes-pedagogicas-200x5.jpg 200w, https:\/\/mitsp.org\/2020\/wp-content\/uploads\/2020\/02\/divider-acoes-pedagogicas.jpg 300w\" sizes=\"(max-width: 300px) 100vw, 300px\" \/><\/p>\n<h5><span style=\"color: #cb898a;\"><strong>QUANDO<\/strong><\/span><\/h5>\n<p><span style=\"font-weight: 400;\">4 a 6 de mar\u00e7o, qua. a sex. Dias 4 e 6, das 9h \u00e0s 13h, e dia 5, das 9h \u00e0s 16h.<\/span><\/p>\n<h5><span style=\"color: #cb898a;\"><strong>ONDE<\/strong><\/span><\/h5>\n<p>Dias 4 e 6: <strong><a href=\"https:\/\/goo.gl\/maps\/1TY3EeJW9mKejwGV9\">Oficina Cultural Oswald de Andrade, Sala 7<\/a><\/strong><br \/>\nDia 5: <strong><a href=\"https:\/\/goo.gl\/maps\/XPamj9oWk3qDY66N9\">Ocupa\u00e7\u00e3o 9 de Julho<\/a><\/strong><\/p>\n<h5><span style=\"color: #cb898a;\"><strong>P\u00daBLICO-ALVO<\/strong><\/span><\/h5>\n<p>A atividade vai selecionar 16 participantes, entre artistas de v\u00e1rias linguagens, ativistas, l\u00edderes ind\u00edgenas e quilombolas, integrantes de movimentos sociais, estudantes secundaristas, jornalistas.<\/p>\n<h5><span style=\"color: #cb898a;\"><strong>INSCRI\u00c7\u00c3O<\/strong><\/span><\/h5>\n<p><span style=\"font-weight: 400;\">De 4 a 29 de fevereiro de 2020, at\u00e9 as 17h. O resultado ser\u00e1 divulgado em 2 de mar\u00e7o, a partir das 17h.<\/span><\/p>\n<p>[popup_anything id=&#8221;6277&#8243;]<\/p>\n<p>[popup_anything id=&#8221;6279&#8243;]<\/p>\n<p>&nbsp;<\/p>\n<div class=\"fusion-modal modal fade modal-2 bt02\" tabindex=\"-1\" role=\"dialog\" aria-labelledby=\"modal-heading-2\" aria-hidden=\"true\"><style type=\"text\/css\">.modal-2 .modal-header, .modal-2 .modal-footer{border-color:#ebebeb;}<\/style><div class=\"modal-dialog modal-lg\" role=\"document\"><div class=\"modal-content fusion-modal-content\" style=\"background-color:#f6f6f6\"><div class=\"modal-header\"><button class=\"close\" type=\"button\" data-dismiss=\"modal\" aria-hidden=\"true\" aria-label=\"Fechar\">&times;<\/button><h3 class=\"modal-title\" id=\"modal-heading-2\" data-dismiss=\"modal\" aria-hidden=\"true\">Atividades Relacionadas<\/h3><\/div><div class=\"modal-body fusion-clearfix\">\n<ul>\n<li><strong>Mem\u00f3rias, Ra\u00edzes e Teatro Mapuche no Chile de Hoje:<\/strong> <a href=\"https:\/\/mitsp.org\/2020\/memorias-raizes-e-teatro-mapuche-no-chile-de-hoje\/\"><span style=\"font-weight: 400;\">https:\/\/mitsp.org\/2020\/memorias-raizes-e-teatro-mapuche-no-chile-de-hoje\/<\/span><\/a><\/li>\n<\/ul>\n<h4><\/div><\/div><\/div><\/div><a class=\"fusion-modal-text-link\" data-toggle=\"modal\" data-target=\".fusion-modal.bt02\" href=\"#\"><i class=\"fas fa-info-circle fa-lg\"><\/i> ATIVIDADE RELACIONADAS<\/a><\/h4>\n<p>&nbsp;<\/p>\n<p><img class=\"alignnone size-full wp-image-6077\" src=\"https:\/\/mitsp.org\/2020\/wp-content\/uploads\/2020\/02\/divider-acoes-pedagogicas.jpg\" alt=\"\" width=\"300\" height=\"8\" srcset=\"https:\/\/mitsp.org\/2020\/wp-content\/uploads\/2020\/02\/divider-acoes-pedagogicas-200x5.jpg 200w, https:\/\/mitsp.org\/2020\/wp-content\/uploads\/2020\/02\/divider-acoes-pedagogicas.jpg 300w\" sizes=\"(max-width: 300px) 100vw, 300px\" \/><\/p>\n<h3>FOTOS<\/h3>\n<p>[wp_plusgallery data_type=&#8221;flickr&#8221; data_userid=&#8221;115974724@N02&#8243; data_albumid=&#8221;72157713384716047&#8243; data_limit=&#8221;80&#8243;  box_color=&#8221;#d5313a&#8221;]<br \/>\n<div class=\"fusion-widget-area fusion-widget-area-1 fusion-content-widget-area\"><style type=\"text\/css\">.fusion-widget-area-1 {padding:0px 0px 0px 0px;}.fusion-widget-area-1 .widget h4 {color:#333333;}.fusion-widget-area-1 .widget .heading h4 {color:#333333;}.fusion-widget-area-1 .widget h4 {font-size:20px;}.fusion-widget-area-1 .widget .heading h4 {font-size:20px;}<\/style><div id=\"text-3\" class=\"widget widget_text\">\t\t\t<div class=\"textwidget\"><p><div class=\"fusion-fullwidth fullwidth-box fusion-builder-row-116 fusion-parallax-fixed nonhundred-percent-fullwidth non-hundred-percent-height-scrolling\" style=\"background-color: rgba(255,255,255,0);background-image: url(&quot;https:\/\/mitsp.org\/2020\/wp-content\/uploads\/2020\/01\/footer-eixos1.png&quot;);background-position: center center;background-repeat: no-repeat;padding-top:130px;padding-right:0px;padding-bottom:130px;padding-left:0px;margin-bottom: 0px;margin-top: 0px;border-width: 0px 0px 0px 0px;border-color:#eae9e9;border-style:solid;-webkit-background-size:cover;-moz-background-size:cover;-o-background-size:cover;background-size:cover;background-attachment:fixed;\" ><div class=\"fusion-builder-row fusion-row\"><div class=\"fusion-layout-column fusion_builder_column fusion-builder-column-207 fusion_builder_column_1_1 1_1 fusion-one-full fusion-column-first fusion-column-last\" style=\"margin-top:0px;margin-bottom:20px;\"><div class=\"fusion-column-wrapper fusion-flex-column-wrapper-legacy\" style=\"background-position:left top;background-repeat:no-repeat;-webkit-background-size:cover;-moz-background-size:cover;-o-background-size:cover;background-size:cover;padding: 0px 0px 0px 0px;\"><div class=\"fusion-clearfix\"><\/div><\/div><\/div><\/div><\/div><div class=\"fusion-fullwidth fullwidth-box fusion-builder-row-117 hundred-percent-fullwidth non-hundred-percent-height-scrolling\" style=\"background-color: rgba(255,255,255,0);background-position: center center;background-repeat: no-repeat;padding-top:0px;padding-right:0px;padding-bottom:0px;padding-left:0px;margin-bottom: 0px;margin-top: 0px;border-width: 0px 0px 0px 0px;border-color:#eae9e9;border-style:solid;\" ><div class=\"fusion-builder-row fusion-row\"><div class=\"fusion-layout-column fusion_builder_column fusion-builder-column-208 fusion_builder_column_1_1 1_1 fusion-one-full fusion-column-first fusion-column-last\" style=\"margin-top:0px;margin-bottom:20px;\"><div class=\"fusion-column-wrapper fusion-flex-column-wrapper-legacy\" style=\"background-position:left top;background-repeat:no-repeat;-webkit-background-size:cover;-moz-background-size:cover;-o-background-size:cover;background-size:cover;border-bottom:12px solid #cb898a;padding: 0px 0px 0px 0px;\"><div class=\"fusion-clearfix\"><\/div><\/div><\/div><\/div><\/div><\/p>\n<\/div>\n\t\t<\/div><div class=\"fusion-additional-widget-content\"><\/div><\/div><\/p>\n","protected":false},"excerpt":{"rendered":"<p>Laborat\u00f3rios de experimenta\u00e7\u00e3o LABEXP2 &#8211; Mem\u00f3rias Insurgentes COM Paula Gonz\u00e1lez Seguel (CHILE) e Eduardo Chatagnier [&hellip;]<\/p>\n","protected":false},"author":1,"featured_media":6278,"comment_status":"closed","ping_status":"open","sticky":false,"template":"","format":"standard","meta":{"_links_to":"","_links_to_target":""},"categories":[5,97],"tags":[],"yst_prominent_words":[],"acf":{"synopsis":"A encenadora e ativista chilena Paula Gonz\u00e1lez e o videomaker brasileiro Eduardo Perez prop\u00f5em um laborat\u00f3rio de experimenta\u00e7\u00e3o autobiogr\u00e1fica, no qual os participantes investigar\u00e3o mem\u00f3rias, feridas e dores enraizadas em seus corpos.\r\n","age_restriction":"0","duration":"","director":"Paula Gonz\u00e1lez Seguel (CHILE) e Eduardo Chatagnier Perez (BRASIL)","teaser_url":"","payment_type":"lottery","purchase_url":"https:\/\/inscricoes.mitsp.org\/laboratorios-de-experimentacao-labexp2-memorias-insurgentes\/","places":[{"place":6920,"region":"1","date":"2020-03-04 09:00:00"},{"place":8324,"region":"1","date":"2020-03-05 09:00:00"},{"place":6920,"region":"1","date":"2020-03-06 09:00:00"}],"activities":[6373],"payment_info":"","live":false},"_links":{"self":[{"href":"https:\/\/mitsp.org\/2020\/wp-json\/wp\/v2\/posts\/6275"}],"collection":[{"href":"https:\/\/mitsp.org\/2020\/wp-json\/wp\/v2\/posts"}],"about":[{"href":"https:\/\/mitsp.org\/2020\/wp-json\/wp\/v2\/types\/post"}],"author":[{"embeddable":true,"href":"https:\/\/mitsp.org\/2020\/wp-json\/wp\/v2\/users\/1"}],"replies":[{"embeddable":true,"href":"https:\/\/mitsp.org\/2020\/wp-json\/wp\/v2\/comments?post=6275"}],"version-history":[{"count":0,"href":"https:\/\/mitsp.org\/2020\/wp-json\/wp\/v2\/posts\/6275\/revisions"}],"wp:featuredmedia":[{"embeddable":true,"href":"https:\/\/mitsp.org\/2020\/wp-json\/wp\/v2\/media\/6278"}],"wp:attachment":[{"href":"https:\/\/mitsp.org\/2020\/wp-json\/wp\/v2\/media?parent=6275"}],"wp:term":[{"taxonomy":"category","embeddable":true,"href":"https:\/\/mitsp.org\/2020\/wp-json\/wp\/v2\/categories?post=6275"},{"taxonomy":"post_tag","embeddable":true,"href":"https:\/\/mitsp.org\/2020\/wp-json\/wp\/v2\/tags?post=6275"},{"taxonomy":"yst_prominent_words","embeddable":true,"href":"https:\/\/mitsp.org\/2020\/wp-json\/wp\/v2\/yst_prominent_words?post=6275"}],"curies":[{"name":"wp","href":"https:\/\/api.w.org\/{rel}","templated":true}]}}