{"id":6254,"date":"2020-02-03T12:35:24","date_gmt":"2020-02-03T15:35:24","guid":{"rendered":"https:\/\/mitsp.org\/2020\/?p=6254"},"modified":"2020-03-05T09:34:05","modified_gmt":"2020-03-05T12:34:05","slug":"o-grande-retorno-nenhum-passo-atras","status":"publish","type":"post","link":"https:\/\/mitsp.org\/2020\/o-grande-retorno-nenhum-passo-atras\/","title":{"rendered":"O Grande Retorno: Nenhum Passo Atr\u00e1s"},"content":{"rendered":"<p><strong><span style=\"color: #ff0000;\">COMUNICADO<\/span><\/strong><\/p>\n<p><span style=\"color: #ff0000;\">A performer guatemalteca Regina Galindo cancelou sua participa\u00e7\u00e3o na 7\u00aa MITsp. Como ela viajou nos \u00faltimos meses por China, Jap\u00e3o, Espanha e It\u00e1lia, as autoridades aeroportu\u00e1rias da Guatemala alertaram sobre a poss\u00edvel dissemina\u00e7\u00e3o do coronav\u00edrus. Por precau\u00e7\u00e3o, Galindo foi aconselhada a n\u00e3o embarcar. A equipe da MITsp lamenta o fato e mant\u00e9m as portas abertas para uma futura colabora\u00e7\u00e3o com a artista.\u00a0<\/span><\/p>\n<h6>Interc\u00e2mbio Art\u00edstico<\/h6>\n<h3>O GRANDE RETORNO: NENHUM PASSO ATR\u00c1S<\/h3>\n<p><span style=\"color: #cb898a;\"><strong>COM<\/strong> Regina Jos\u00e9 Galindo (GUATEMALA)<\/span><\/p>\n<p><img class=\"size-fusion-400 wp-image-6263 alignright\" src=\"https:\/\/mitsp.org\/2020\/wp-content\/uploads\/2020\/02\/Regina-Galindo_FotoDavid-Perez01-400x266.jpg\" alt=\"Regina Galindo \u00a9David Perez\" width=\"400\" height=\"266\" srcset=\"https:\/\/mitsp.org\/2020\/wp-content\/uploads\/2020\/02\/Regina-Galindo_FotoDavid-Perez01-200x133.jpg 200w, https:\/\/mitsp.org\/2020\/wp-content\/uploads\/2020\/02\/Regina-Galindo_FotoDavid-Perez01-300x200.jpg 300w, https:\/\/mitsp.org\/2020\/wp-content\/uploads\/2020\/02\/Regina-Galindo_FotoDavid-Perez01-400x266.jpg 400w, https:\/\/mitsp.org\/2020\/wp-content\/uploads\/2020\/02\/Regina-Galindo_FotoDavid-Perez01-600x400.jpg 600w, https:\/\/mitsp.org\/2020\/wp-content\/uploads\/2020\/02\/Regina-Galindo_FotoDavid-Perez01-768x511.jpg 768w, https:\/\/mitsp.org\/2020\/wp-content\/uploads\/2020\/02\/Regina-Galindo_FotoDavid-Perez01-800x533.jpg 800w, https:\/\/mitsp.org\/2020\/wp-content\/uploads\/2020\/02\/Regina-Galindo_FotoDavid-Perez01.jpg 1000w\" sizes=\"(max-width: 400px) 100vw, 400px\" \/><\/p>\n<p>\u00c9 preciso ir para tr\u00e1s na linha do tempo somente para entender a hist\u00f3ria e nosso presente; mas n\u00e3o dar um passo mais que nos fa\u00e7a retroceder. Em tempos em que o mundo parece ir em retrocesso para nos levar de volta ao obscurantismo, \u00e9 necess\u00e1rio avaliar o momento presente e sacar for\u00e7as do passado para evitar que sejamos arrastados pelo caminho equivocado. Em tempos em que o fascismo parece ganhar intensidade, \u00e9 necess\u00e1rio reativar nossa atitude de luta a fim de que fantasmas do passado n\u00e3o nos surpreendam.<\/p>\n<p>A performer Regina Galindo prop\u00f5e uma experi\u00eancia de estar juntos e discutir urg\u00eancias, refletir sobre as consequ\u00eancias de bloquear o fluxo natural de ir adiante, encontrar formas de luta para lidar com a imposi\u00e7\u00e3o de retroceder. Teoria e pr\u00e1tica, mente e corpo, passado e presente. Ser\u00e1 um espa\u00e7o para que cada participante possa avan\u00e7ar em seu pr\u00f3prio projeto performativo (c\u00eanico, escrito, visual etc.) em discuss\u00e3o com os demais. No primeiro dia, o grupo visitar\u00e1 em caminhada conjunta o Memorial da Resist\u00eancia de S\u00e3o Paulo.<\/p>\n<p><img class=\"alignnone size-full wp-image-6077\" src=\"https:\/\/mitsp.org\/2020\/wp-content\/uploads\/2020\/02\/divider-acoes-pedagogicas.jpg\" alt=\"\" width=\"300\" height=\"8\" srcset=\"https:\/\/mitsp.org\/2020\/wp-content\/uploads\/2020\/02\/divider-acoes-pedagogicas-200x5.jpg 200w, https:\/\/mitsp.org\/2020\/wp-content\/uploads\/2020\/02\/divider-acoes-pedagogicas.jpg 300w\" sizes=\"(max-width: 300px) 100vw, 300px\" \/><\/p>\n<h5><span style=\"color: #cb898a;\"><strong>QUANDO<\/strong><\/span><\/h5>\n<p>5 a 9 de mar\u00e7o, qui. a seg., das 9h \u00e0s 13h.<\/p>\n<h5><span style=\"color: #cb898a;\"><strong>ONDE<\/strong><\/span><\/h5>\n<p><a href=\"https:\/\/g.page\/teatrodausp?share\" target=\"_blank\" rel=\"noopener noreferrer\">TUSP &#8211; Teatro da USP, Sala de Oficina (2\u00ba andar do CEUMA\/TUSP)<\/a><\/p>\n<h5><span style=\"color: #cb898a;\"><strong>P\u00daBLICO-ALVO<\/strong><\/span><\/h5>\n<p>A atividade vai selecionar 14 participantes: sete artistas ou estudantes de artes (c\u00eanicas, visuais, perform\u00e1ticas) e sete jornalistas, comunicadores, investigadores de humanidades ou ci\u00eancias sociais e ativistas.<\/p>\n<h5><span style=\"color: #cb898a;\"><strong>INSCRI\u00c7\u00c3O<\/strong><\/span><\/h5>\n<p>De 4 de fevereiro a 26 de fevereiro de 2020, at\u00e9 as 17h. O resultado ser\u00e1 divulgado em 1\u00ba de mar\u00e7o, a partir das 17h<\/p>\n<p><strong><em>*Atividade com sele\u00e7\u00e3o.<\/em><\/strong><\/p>\n<p>[popup_anything id=&#8221;6249&#8243;]<\/p>\n<p>[popup_anything id=&#8221;6251&#8243;]<\/p>\n<p>&nbsp;<\/p>\n<div class=\"fusion-modal modal fade modal-1 bt01\" tabindex=\"-1\" role=\"dialog\" aria-labelledby=\"modal-heading-1\" aria-hidden=\"true\"><style type=\"text\/css\">.modal-1 .modal-header, .modal-1 .modal-footer{border-color:#ebebeb;}<\/style><div class=\"modal-dialog modal-lg\" role=\"document\"><div class=\"modal-content fusion-modal-content\" style=\"background-color:#f6f6f6\"><div class=\"modal-header\"><button class=\"close\" type=\"button\" data-dismiss=\"modal\" aria-hidden=\"true\" aria-label=\"Fechar\">&times;<\/button><h3 class=\"modal-title\" id=\"modal-heading-1\" data-dismiss=\"modal\" aria-hidden=\"true\">Atividades Relacionadas<\/h3><\/div><div class=\"modal-body fusion-clearfix\">\n<ul>\n<li><strong>Escritas de Si: Feminismo, Performance e Pol\u00edtica: <\/strong><a href=\"https:\/\/mitsp.org\/2020\/escritas-de-si-feminismo-performance-e-politica\/\"><span style=\"font-weight: 400;\">https:\/\/mitsp.org\/2020\/escritas-de-si-feminismo-performance-e-politica\/<\/span><\/a><\/li>\n<\/ul>\n<h4><\/div><\/div><\/div><\/div><a class=\"fusion-modal-text-link\" data-toggle=\"modal\" data-target=\".fusion-modal.bt01\" href=\"#\"><i class=\"fas fa-info-circle fa-lg\"><\/i> ATIVIDADE RELACIONADAS<\/a><\/h4>\n<div class=\"fusion-widget-area fusion-widget-area-1 fusion-content-widget-area\"><style type=\"text\/css\">.fusion-widget-area-1 {padding:0px 0px 0px 0px;}.fusion-widget-area-1 .widget h4 {color:#333333;}.fusion-widget-area-1 .widget .heading h4 {color:#333333;}.fusion-widget-area-1 .widget h4 {font-size:20px;}.fusion-widget-area-1 .widget .heading h4 {font-size:20px;}<\/style><div id=\"text-3\" class=\"widget widget_text\">\t\t\t<div class=\"textwidget\"><p><div class=\"fusion-fullwidth fullwidth-box fusion-builder-row-116 fusion-parallax-fixed nonhundred-percent-fullwidth non-hundred-percent-height-scrolling\" style=\"background-color: rgba(255,255,255,0);background-image: url(&quot;https:\/\/mitsp.org\/2020\/wp-content\/uploads\/2020\/01\/footer-eixos1.png&quot;);background-position: center center;background-repeat: no-repeat;padding-top:130px;padding-right:0px;padding-bottom:130px;padding-left:0px;margin-bottom: 0px;margin-top: 0px;border-width: 0px 0px 0px 0px;border-color:#eae9e9;border-style:solid;-webkit-background-size:cover;-moz-background-size:cover;-o-background-size:cover;background-size:cover;background-attachment:fixed;\" ><div class=\"fusion-builder-row fusion-row\"><div class=\"fusion-layout-column fusion_builder_column fusion-builder-column-207 fusion_builder_column_1_1 1_1 fusion-one-full fusion-column-first fusion-column-last\" style=\"margin-top:0px;margin-bottom:20px;\"><div class=\"fusion-column-wrapper fusion-flex-column-wrapper-legacy\" style=\"background-position:left top;background-repeat:no-repeat;-webkit-background-size:cover;-moz-background-size:cover;-o-background-size:cover;background-size:cover;padding: 0px 0px 0px 0px;\"><div class=\"fusion-clearfix\"><\/div><\/div><\/div><\/div><\/div><div class=\"fusion-fullwidth fullwidth-box fusion-builder-row-117 hundred-percent-fullwidth non-hundred-percent-height-scrolling\" style=\"background-color: rgba(255,255,255,0);background-position: center center;background-repeat: no-repeat;padding-top:0px;padding-right:0px;padding-bottom:0px;padding-left:0px;margin-bottom: 0px;margin-top: 0px;border-width: 0px 0px 0px 0px;border-color:#eae9e9;border-style:solid;\" ><div class=\"fusion-builder-row fusion-row\"><div class=\"fusion-layout-column fusion_builder_column fusion-builder-column-208 fusion_builder_column_1_1 1_1 fusion-one-full fusion-column-first fusion-column-last\" style=\"margin-top:0px;margin-bottom:20px;\"><div class=\"fusion-column-wrapper fusion-flex-column-wrapper-legacy\" style=\"background-position:left top;background-repeat:no-repeat;-webkit-background-size:cover;-moz-background-size:cover;-o-background-size:cover;background-size:cover;border-bottom:12px solid #cb898a;padding: 0px 0px 0px 0px;\"><div class=\"fusion-clearfix\"><\/div><\/div><\/div><\/div><\/div><\/p>\n<\/div>\n\t\t<\/div><div class=\"fusion-additional-widget-content\"><\/div><\/div>\n","protected":false},"excerpt":{"rendered":"<p>COMUNICADO A performer guatemalteca Regina Galindo cancelou sua participa\u00e7\u00e3o na 7\u00aa MITsp. Como ela viajou [&hellip;]<\/p>\n","protected":false},"author":1,"featured_media":6263,"comment_status":"closed","ping_status":"open","sticky":false,"template":"","format":"standard","meta":{"_links_to":"","_links_to_target":""},"categories":[5,29],"tags":[],"yst_prominent_words":[],"acf":{"synopsis":"A performer Regina Galindo prop\u00f5e estar juntos e discutir urg\u00eancias, refletir sobre as consequ\u00eancias de bloquear o fluxo natural, encontrar formas de impedir o retrocesso. No primeiro dia, o grupo visitar\u00e1 em caminhada conjunta o Memorial da Resist\u00eancia de S\u00e3o Paulo.\r\n","age_restriction":"0","duration":"","director":"Regina Jos\u00e9 Galindo","teaser_url":"","payment_type":"lottery","purchase_url":"https:\/\/inscricoes.mitsp.org\/intercambio-artistico-o-grande-retorno-nenhum-passo-atras\/","places":[{"place":6916,"region":"1","date":"2020-03-05 09:00:00"},{"place":6916,"region":"1","date":"2020-03-06 09:00:00"},{"place":6916,"region":"1","date":"2020-03-07 09:00:00"},{"place":6916,"region":"1","date":"2020-03-08 09:00:00"},{"place":false,"region":"1","date":"2020-03-09 09:00:00"}],"activities":[6367],"payment_info":"","live":false},"_links":{"self":[{"href":"https:\/\/mitsp.org\/2020\/wp-json\/wp\/v2\/posts\/6254"}],"collection":[{"href":"https:\/\/mitsp.org\/2020\/wp-json\/wp\/v2\/posts"}],"about":[{"href":"https:\/\/mitsp.org\/2020\/wp-json\/wp\/v2\/types\/post"}],"author":[{"embeddable":true,"href":"https:\/\/mitsp.org\/2020\/wp-json\/wp\/v2\/users\/1"}],"replies":[{"embeddable":true,"href":"https:\/\/mitsp.org\/2020\/wp-json\/wp\/v2\/comments?post=6254"}],"version-history":[{"count":0,"href":"https:\/\/mitsp.org\/2020\/wp-json\/wp\/v2\/posts\/6254\/revisions"}],"wp:featuredmedia":[{"embeddable":true,"href":"https:\/\/mitsp.org\/2020\/wp-json\/wp\/v2\/media\/6263"}],"wp:attachment":[{"href":"https:\/\/mitsp.org\/2020\/wp-json\/wp\/v2\/media?parent=6254"}],"wp:term":[{"taxonomy":"category","embeddable":true,"href":"https:\/\/mitsp.org\/2020\/wp-json\/wp\/v2\/categories?post=6254"},{"taxonomy":"post_tag","embeddable":true,"href":"https:\/\/mitsp.org\/2020\/wp-json\/wp\/v2\/tags?post=6254"},{"taxonomy":"yst_prominent_words","embeddable":true,"href":"https:\/\/mitsp.org\/2020\/wp-json\/wp\/v2\/yst_prominent_words?post=6254"}],"curies":[{"name":"wp","href":"https:\/\/api.w.org\/{rel}","templated":true}]}}