{"id":6252,"date":"2020-02-03T12:24:55","date_gmt":"2020-02-03T15:24:55","guid":{"rendered":"https:\/\/mitsp.org\/2020\/?p=6252"},"modified":"2020-03-12T09:55:51","modified_gmt":"2020-03-12T12:55:51","slug":"revista-cartografias","status":"publish","type":"post","link":"https:\/\/mitsp.org\/2020\/revista-cartografias\/","title":{"rendered":"Revista Cartografias"},"content":{"rendered":"<h2><span style=\"color: #000000;\">REVISTA CARTOGRAFIAS<\/span><\/h2>\n<h2><span style=\"color: #000000;\"><img class=\"size-fusion-400 wp-image-9917 alignright\" src=\"https:\/\/mitsp.org\/2020\/wp-content\/uploads\/2020\/02\/capa-revistascartografias-400x266.jpg\" alt=\"\" width=\"400\" height=\"266\" srcset=\"https:\/\/mitsp.org\/2020\/wp-content\/uploads\/2020\/02\/capa-revistascartografias-200x133.jpg 200w, https:\/\/mitsp.org\/2020\/wp-content\/uploads\/2020\/02\/capa-revistascartografias-300x200.jpg 300w, https:\/\/mitsp.org\/2020\/wp-content\/uploads\/2020\/02\/capa-revistascartografias-400x266.jpg 400w, https:\/\/mitsp.org\/2020\/wp-content\/uploads\/2020\/02\/capa-revistascartografias-600x399.jpg 600w, https:\/\/mitsp.org\/2020\/wp-content\/uploads\/2020\/02\/capa-revistascartografias-768x511.jpg 768w, https:\/\/mitsp.org\/2020\/wp-content\/uploads\/2020\/02\/capa-revistascartografias.jpg 800w\" sizes=\"(max-width: 400px) 100vw, 400px\" \/><\/span><\/h2>\n<p><i><span style=\"font-weight: 400;\">Curadoria de Daniele Avila Small, Luciana Eastwood Romagnolli e Silvia Fernandes<\/span><\/i><\/p>\n<p><b>ENTREVISTAS:<\/b><span style=\"font-weight: 400;\"> com Artistas em Foco, Pesquisadora em Foco e Pedagogo em Foco da 7\u00aa MITsp, feitas por Cl\u00f3vis Domingos, Daniele Avila Small, Francis Wilker, Maria Fernanda Vomero, Maria Jo\u00e3o Brilhante, Luciana Eastwood Romagnolli e Silvia Fernandes.<\/span><\/p>\n<p><b>ARTIGOS:<\/b><span style=\"font-weight: 400;\"> escritos por pesquisadores e pesquisadoras de programas de p\u00f3s-gradua\u00e7\u00e3o de universidades brasileiras ou de outras institui\u00e7\u00f5es de ensino e pesquisa, bem como pelos cr\u00edticos e artistas participantes da Resid\u00eancia Pr\u00e1tica da Cr\u00edtica sobre os espet\u00e1culos, resid\u00eancias e outros projetos apresentados na MITsp.<\/span><\/p>\n<p><b>A\u00c7\u00d5ES PEDAG\u00d3GICAS:<\/b><span style=\"font-weight: 400;\"> Textos de Dodi Leal, Maria Fernanda Vomero e Ana Harcha.<\/span><\/p>\n<p><b>DOSSI\u00ca: INTERNACIONALIZA\u00c7\u00c3O DAS ARTES C\u00caNICAS NO BRASIL<\/b><span style=\"font-weight: 400;\"> Textos de Christine Greiner, L\u00facia Maciel, Maria Lucia Pupo e entrevista com Christiane Jatahy.\u00a0<\/span><\/p>\n<h3><b>Confira a revista Cartografias MITsp 2020<\/b><\/h3>\n<p><iframe style=\"border: none; width: 100%; height: 700px;\" src=\"https:\/\/e.issuu.com\/anonymous-embed.html?u=mitsp&amp;d=catalogo_mit_2020_completo\" allowfullscreen=\"allowfullscreen\"><\/iframe><br \/>\n<a href=\"https:\/\/mitsp.org\/2020\/wp-content\/uploads\/2020\/03\/catalogo-MITsp-2020-COMPLETO.pdf\" target=\"_blank\" rel=\"noopener noreferrer\">Revista Cartografias MITsp 2020 em PDF<\/a><\/p>\n<div class=\"fusion-widget-area fusion-widget-area-1 fusion-content-widget-area\"><style type=\"text\/css\">.fusion-widget-area-1 {padding:0px 0px 0px 0px;}.fusion-widget-area-1 .widget h4 {color:#333333;}.fusion-widget-area-1 .widget .heading h4 {color:#333333;}.fusion-widget-area-1 .widget h4 {font-size:20px;}.fusion-widget-area-1 .widget .heading h4 {font-size:20px;}<\/style><div id=\"text-6\" class=\"widget widget_text\">\t\t\t<div class=\"textwidget\"><p><div class=\"fusion-fullwidth fullwidth-box fusion-builder-row-118 fusion-parallax-fixed nonhundred-percent-fullwidth non-hundred-percent-height-scrolling\" style=\"background-color: rgba(255,255,255,0);background-image: url(&quot;https:\/\/mitsp.org\/2020\/wp-content\/uploads\/2020\/01\/footer-eixos4.png&quot;);background-position: center center;background-repeat: no-repeat;padding-top:130px;padding-right:0px;padding-bottom:130px;padding-left:0px;margin-bottom: 0px;margin-top: 0px;border-width: 0px 0px 0px 0px;border-color:#eae9e9;border-style:solid;-webkit-background-size:cover;-moz-background-size:cover;-o-background-size:cover;background-size:cover;background-attachment:fixed;\" ><\/div><div class=\"fusion-fullwidth fullwidth-box fusion-builder-row-119 hundred-percent-fullwidth non-hundred-percent-height-scrolling\" style=\"background-color: rgba(255,255,255,0);background-position: center center;background-repeat: no-repeat;padding-top:0px;padding-right:0px;padding-bottom:0px;padding-left:0px;margin-bottom: 0px;margin-top: 0px;border-width: 0px 0px 0px 0px;border-color:#eae9e9;border-style:solid;\" ><div class=\"fusion-builder-row fusion-row\"><div class=\"fusion-layout-column fusion_builder_column fusion-builder-column-209 fusion_builder_column_1_1 1_1 fusion-one-full fusion-column-first fusion-column-last\" style=\"margin-top:0px;margin-bottom:20px;\"><div class=\"fusion-column-wrapper fusion-flex-column-wrapper-legacy\" style=\"background-position:left top;background-repeat:no-repeat;-webkit-background-size:cover;-moz-background-size:cover;-o-background-size:cover;background-size:cover;border-bottom:12px solid #e38f27;padding: 0px 0px 0px 0px;\"><div class=\"fusion-clearfix\"><\/div><\/div><\/div><\/div><\/div><\/p>\n<\/div>\n\t\t<\/div><div class=\"fusion-additional-widget-content\"><\/div><\/div>\n","protected":false},"excerpt":{"rendered":"<p>REVISTA CARTOGRAFIAS Curadoria de Daniele Avila Small, Luciana Eastwood Romagnolli e Silvia Fernandes ENTREVISTAS: com [&hellip;]<\/p>\n","protected":false},"author":6,"featured_media":9917,"comment_status":"closed","ping_status":"open","sticky":false,"template":"","format":"standard","meta":{"_links_to":"","_links_to_target":""},"categories":[4,56],"tags":[],"yst_prominent_words":[],"acf":{"synopsis":"","age_restriction":"0","duration":"","director":"","teaser_url":"","payment_type":"free","purchase_url":"","places":false,"activities":"","payment_info":"","live":false},"_links":{"self":[{"href":"https:\/\/mitsp.org\/2020\/wp-json\/wp\/v2\/posts\/6252"}],"collection":[{"href":"https:\/\/mitsp.org\/2020\/wp-json\/wp\/v2\/posts"}],"about":[{"href":"https:\/\/mitsp.org\/2020\/wp-json\/wp\/v2\/types\/post"}],"author":[{"embeddable":true,"href":"https:\/\/mitsp.org\/2020\/wp-json\/wp\/v2\/users\/6"}],"replies":[{"embeddable":true,"href":"https:\/\/mitsp.org\/2020\/wp-json\/wp\/v2\/comments?post=6252"}],"version-history":[{"count":0,"href":"https:\/\/mitsp.org\/2020\/wp-json\/wp\/v2\/posts\/6252\/revisions"}],"wp:featuredmedia":[{"embeddable":true,"href":"https:\/\/mitsp.org\/2020\/wp-json\/wp\/v2\/media\/9917"}],"wp:attachment":[{"href":"https:\/\/mitsp.org\/2020\/wp-json\/wp\/v2\/media?parent=6252"}],"wp:term":[{"taxonomy":"category","embeddable":true,"href":"https:\/\/mitsp.org\/2020\/wp-json\/wp\/v2\/categories?post=6252"},{"taxonomy":"post_tag","embeddable":true,"href":"https:\/\/mitsp.org\/2020\/wp-json\/wp\/v2\/tags?post=6252"},{"taxonomy":"yst_prominent_words","embeddable":true,"href":"https:\/\/mitsp.org\/2020\/wp-json\/wp\/v2\/yst_prominent_words?post=6252"}],"curies":[{"name":"wp","href":"https:\/\/api.w.org\/{rel}","templated":true}]}}