{"id":6227,"date":"2020-02-03T11:48:06","date_gmt":"2020-02-03T14:48:06","guid":{"rendered":"https:\/\/mitsp.org\/2020\/?p=6227"},"modified":"2020-03-05T18:34:00","modified_gmt":"2020-03-05T21:34:00","slug":"entrevista-publica-com-andreia-pires","status":"publish","type":"post","link":"https:\/\/mitsp.org\/2020\/entrevista-publica-com-andreia-pires\/","title":{"rendered":"Entrevista p\u00fablica com Andr\u00e9ia Pires"},"content":{"rendered":"<h6><strong>Artista em Foco<\/strong><\/h6>\n<p><img class=\"size-fusion-400 wp-image-6397 alignright\" src=\"https:\/\/mitsp.org\/2020\/wp-content\/uploads\/2020\/02\/entrevista-publica-Andreia-Pires-400x266.jpg\" alt=\"Entrevista p\u00fablica com Andr\u00e9ia Pires\" width=\"400\" height=\"266\" srcset=\"https:\/\/mitsp.org\/2020\/wp-content\/uploads\/2020\/02\/entrevista-publica-Andreia-Pires-200x133.jpg 200w, https:\/\/mitsp.org\/2020\/wp-content\/uploads\/2020\/02\/entrevista-publica-Andreia-Pires-300x200.jpg 300w, https:\/\/mitsp.org\/2020\/wp-content\/uploads\/2020\/02\/entrevista-publica-Andreia-Pires-400x266.jpg 400w, https:\/\/mitsp.org\/2020\/wp-content\/uploads\/2020\/02\/entrevista-publica-Andreia-Pires-600x400.jpg 600w, https:\/\/mitsp.org\/2020\/wp-content\/uploads\/2020\/02\/entrevista-publica-Andreia-Pires-768x511.jpg 768w, https:\/\/mitsp.org\/2020\/wp-content\/uploads\/2020\/02\/entrevista-publica-Andreia-Pires-800x533.jpg 800w, https:\/\/mitsp.org\/2020\/wp-content\/uploads\/2020\/02\/entrevista-publica-Andreia-Pires.jpg 1000w\" sizes=\"(max-width: 400px) 100vw, 400px\" \/><\/p>\n<h3><strong>ENTREVISTA P\u00daBLICA COM ANDR\u00c9IA PIRES<\/strong><\/h3>\n<p>Soraya Portela, artista da dan\u00e7a de Teresina, ligada ao N\u00facleo do Dirceu, e Clarice Lima, core\u00f3grafa e performer cearense, entrevistam a artista em foco da MITbr &#8211; Plataforma Brasil. Andr\u00e9ia Pires, bailarina e core\u00f3grafa da Inquieta Cia., de Fortaleza, apresenta dois espet\u00e1culos na mostra: <em>PRA FRENTE O PIOR <\/em>e<em> Fortaleza 2040.<\/em><\/p>\n<h4><img class=\"alignnone size-full wp-image-6103\" src=\"https:\/\/mitsp.org\/2020\/wp-content\/uploads\/2020\/02\/divider-olhares-criticos.jpg\" alt=\"\" width=\"300\" height=\"8\" srcset=\"https:\/\/mitsp.org\/2020\/wp-content\/uploads\/2020\/02\/divider-olhares-criticos-200x5.jpg 200w, https:\/\/mitsp.org\/2020\/wp-content\/uploads\/2020\/02\/divider-olhares-criticos.jpg 300w\" sizes=\"(max-width: 300px) 100vw, 300px\" \/><\/h4>\n<h4><span style=\"color: #e38f27;\">Quando<\/span><\/h4>\n<p>12 de mar\u00e7o, qui., das 20h \u00e0s 22h (ap\u00f3s o espet\u00e1culo <em>Fortaleza 2040<\/em>)<\/p>\n<h4><span style=\"color: #e38f27;\">Onde<\/span><\/h4>\n<p><a href=\"https:\/\/goo.gl\/maps\/URYmKCGKeXhegXSm9\" target=\"_blank\" rel=\"noopener noreferrer\"><strong>Ita\u00fa Cultural, Sala Multiuso<\/strong><\/a><\/p>\n<p><a href=\"https:\/\/mitsp.org\/2020\/acervo-de-transmissoes\/\"><img class=\"alignnone wp-image-8886\" src=\"https:\/\/mitsp.org\/2020\/wp-content\/uploads\/2020\/02\/bt-ao-vivo.png\" alt=\"\" width=\"90\" height=\"27\" \/><\/a><\/p>\n<div class=\"fusion-modal modal fade modal-1 bt01\" tabindex=\"-1\" role=\"dialog\" aria-labelledby=\"modal-heading-1\" aria-hidden=\"true\"><style type=\"text\/css\">.modal-1 .modal-header, .modal-1 .modal-footer{border-color:#ebebeb;}<\/style><div class=\"modal-dialog modal-lg\" role=\"document\"><div class=\"modal-content fusion-modal-content\" style=\"background-color:#f6f6f6\"><div class=\"modal-header\"><button class=\"close\" type=\"button\" data-dismiss=\"modal\" aria-hidden=\"true\" aria-label=\"Fechar\">&times;<\/button><h3 class=\"modal-title\" id=\"modal-heading-1\" data-dismiss=\"modal\" aria-hidden=\"true\">Atividades Relacionadas<\/h3><\/div><div class=\"modal-body fusion-clearfix\">\n<ul>\n<li><span style=\"font-weight: 400;\"><strong>Oficina: Investiga\u00e7\u00f5es para a Selvageria do Corpo:<\/strong> <\/span><a href=\"https:\/\/mitsp.org\/2020\/investigacoes-para-selvageria-do-corpo\/\"><span style=\"font-weight: 400;\">https:\/\/mitsp.org\/2020\/investigacoes-para-selvageria-do-corpo\/<\/span><\/a><\/li>\n<li><strong>Di\u00e1logos transversais: <\/strong><a href=\"https:\/\/mitsp.org\/2020\/dialogos-transversais\/\"><span style=\"font-weight: 400;\">https:\/\/mitsp.org\/2020\/dialogos-transversais\/<\/span><\/a><\/li>\n<li><strong>FORTALEZA 2040: <\/strong><a href=\"https:\/\/mitsp.org\/2020\/fortaleza-2040\/\"><span style=\"font-weight: 400;\">https:\/\/mitsp.org\/2020\/fortaleza-2040\/<\/span><\/a><\/li>\n<li><strong>PRA FRENTE O PIOR: <\/strong><a href=\"https:\/\/mitsp.org\/2020\/pra-frente-o-pior\/\"><span style=\"font-weight: 400;\">https:\/\/mitsp.org\/2020\/pra-frente-o-pior\/<\/span><\/a><\/li>\n<\/ul>\n<h4><\/div><\/div><\/div><\/div><a class=\"fusion-modal-text-link\" data-toggle=\"modal\" data-target=\".fusion-modal.bt01\" href=\"#\"><i class=\"fas fa-info-circle fa-lg\"><\/i> ATIVIDADE RELACIONADAS<\/a><\/h4>\n<div class=\"fusion-widget-area fusion-widget-area-1 fusion-content-widget-area\"><style type=\"text\/css\">.fusion-widget-area-1 {padding:0px 0px 0px 0px;}.fusion-widget-area-1 .widget h4 {color:#333333;}.fusion-widget-area-1 .widget .heading h4 {color:#333333;}.fusion-widget-area-1 .widget h4 {font-size:20px;}.fusion-widget-area-1 .widget .heading h4 {font-size:20px;}<\/style><div id=\"text-6\" class=\"widget widget_text\">\t\t\t<div class=\"textwidget\"><p><div class=\"fusion-fullwidth fullwidth-box fusion-builder-row-118 fusion-parallax-fixed nonhundred-percent-fullwidth non-hundred-percent-height-scrolling\" style=\"background-color: rgba(255,255,255,0);background-image: url(&quot;https:\/\/mitsp.org\/2020\/wp-content\/uploads\/2020\/01\/footer-eixos4.png&quot;);background-position: center center;background-repeat: no-repeat;padding-top:130px;padding-right:0px;padding-bottom:130px;padding-left:0px;margin-bottom: 0px;margin-top: 0px;border-width: 0px 0px 0px 0px;border-color:#eae9e9;border-style:solid;-webkit-background-size:cover;-moz-background-size:cover;-o-background-size:cover;background-size:cover;background-attachment:fixed;\" ><\/div><div class=\"fusion-fullwidth fullwidth-box fusion-builder-row-119 hundred-percent-fullwidth non-hundred-percent-height-scrolling\" style=\"background-color: rgba(255,255,255,0);background-position: center center;background-repeat: no-repeat;padding-top:0px;padding-right:0px;padding-bottom:0px;padding-left:0px;margin-bottom: 0px;margin-top: 0px;border-width: 0px 0px 0px 0px;border-color:#eae9e9;border-style:solid;\" ><div class=\"fusion-builder-row fusion-row\"><div class=\"fusion-layout-column fusion_builder_column fusion-builder-column-209 fusion_builder_column_1_1 1_1 fusion-one-full fusion-column-first fusion-column-last\" style=\"margin-top:0px;margin-bottom:20px;\"><div class=\"fusion-column-wrapper fusion-flex-column-wrapper-legacy\" style=\"background-position:left top;background-repeat:no-repeat;-webkit-background-size:cover;-moz-background-size:cover;-o-background-size:cover;background-size:cover;border-bottom:12px solid #e38f27;padding: 0px 0px 0px 0px;\"><div class=\"fusion-clearfix\"><\/div><\/div><\/div><\/div><\/div><\/p>\n<\/div>\n\t\t<\/div><div class=\"fusion-additional-widget-content\"><\/div><\/div>\n","protected":false},"excerpt":{"rendered":"<p>Artista em Foco ENTREVISTA P\u00daBLICA COM ANDR\u00c9IA PIRES Soraya Portela, artista da dan\u00e7a de Teresina, [&hellip;]<\/p>\n","protected":false},"author":6,"featured_media":6397,"comment_status":"closed","ping_status":"open","sticky":false,"template":"","format":"standard","meta":{"_links_to":"","_links_to_target":""},"categories":[4,44],"tags":[],"yst_prominent_words":[],"acf":{"synopsis":"Soraya Portela, artista da dan\u00e7a de Teresina, ligada ao N\u00facleo do Dirceu, e o core\u00f3grafo portugu\u00eas Jo\u00e3o Fiadeiro, pedagogo em foco da MITsp, entrevistam a artista em foco da MITbr - Plataforma Brasil, Andr\u00e9ia Pires.","age_restriction":"0","duration":"120","director":"Com Andr\u00e9ia Pires","teaser_url":"","payment_type":"free","purchase_url":"","places":[{"place":6957,"region":"1","date":"2020-03-12 20:00:00"}],"activities":[6320,6239,6188,6167],"payment_info":"","live":false},"_links":{"self":[{"href":"https:\/\/mitsp.org\/2020\/wp-json\/wp\/v2\/posts\/6227"}],"collection":[{"href":"https:\/\/mitsp.org\/2020\/wp-json\/wp\/v2\/posts"}],"about":[{"href":"https:\/\/mitsp.org\/2020\/wp-json\/wp\/v2\/types\/post"}],"author":[{"embeddable":true,"href":"https:\/\/mitsp.org\/2020\/wp-json\/wp\/v2\/users\/6"}],"replies":[{"embeddable":true,"href":"https:\/\/mitsp.org\/2020\/wp-json\/wp\/v2\/comments?post=6227"}],"version-history":[{"count":0,"href":"https:\/\/mitsp.org\/2020\/wp-json\/wp\/v2\/posts\/6227\/revisions"}],"wp:featuredmedia":[{"embeddable":true,"href":"https:\/\/mitsp.org\/2020\/wp-json\/wp\/v2\/media\/6397"}],"wp:attachment":[{"href":"https:\/\/mitsp.org\/2020\/wp-json\/wp\/v2\/media?parent=6227"}],"wp:term":[{"taxonomy":"category","embeddable":true,"href":"https:\/\/mitsp.org\/2020\/wp-json\/wp\/v2\/categories?post=6227"},{"taxonomy":"post_tag","embeddable":true,"href":"https:\/\/mitsp.org\/2020\/wp-json\/wp\/v2\/tags?post=6227"},{"taxonomy":"yst_prominent_words","embeddable":true,"href":"https:\/\/mitsp.org\/2020\/wp-json\/wp\/v2\/yst_prominent_words?post=6227"}],"curies":[{"name":"wp","href":"https:\/\/api.w.org\/{rel}","templated":true}]}}