{"id":6220,"date":"2020-02-03T11:40:32","date_gmt":"2020-02-03T14:40:32","guid":{"rendered":"https:\/\/mitsp.org\/2020\/?p=6220"},"modified":"2020-03-02T14:25:53","modified_gmt":"2020-03-02T17:25:53","slug":"o-corpo-da-mulher-suas-representacoes-e-coragem-da-verdade","status":"publish","type":"post","link":"https:\/\/mitsp.org\/2020\/o-corpo-da-mulher-suas-representacoes-e-coragem-da-verdade\/","title":{"rendered":"O Corpo da Mulher, Suas Representa\u00e7\u00f5es e a Coragem da Verdade"},"content":{"rendered":"<h6><strong>Pesquisadora em Foco<\/strong><\/h6>\n<p><img class=\"size-fusion-400 wp-image-6406 alignright\" src=\"https:\/\/mitsp.org\/2020\/wp-content\/uploads\/2020\/02\/o-corpo-da-mulher-400x266.jpg\" alt=\"O Corpo da Mulher, Suas Representa\u00e7\u00f5es e a Coragem da Verdade\" width=\"400\" height=\"266\" srcset=\"https:\/\/mitsp.org\/2020\/wp-content\/uploads\/2020\/02\/o-corpo-da-mulher-200x133.jpg 200w, https:\/\/mitsp.org\/2020\/wp-content\/uploads\/2020\/02\/o-corpo-da-mulher-300x200.jpg 300w, https:\/\/mitsp.org\/2020\/wp-content\/uploads\/2020\/02\/o-corpo-da-mulher-400x266.jpg 400w, https:\/\/mitsp.org\/2020\/wp-content\/uploads\/2020\/02\/o-corpo-da-mulher-600x400.jpg 600w, https:\/\/mitsp.org\/2020\/wp-content\/uploads\/2020\/02\/o-corpo-da-mulher-768x511.jpg 768w, https:\/\/mitsp.org\/2020\/wp-content\/uploads\/2020\/02\/o-corpo-da-mulher-800x533.jpg 800w, https:\/\/mitsp.org\/2020\/wp-content\/uploads\/2020\/02\/o-corpo-da-mulher.jpg 1000w\" sizes=\"(max-width: 400px) 100vw, 400px\" \/><\/p>\n<h3><strong>O CORPO DA MULHER, SUAS REPRESENTA\u00c7\u00d5ES E A CORAGEM DA VERDADE<\/strong><\/h3>\n<p><span style=\"font-weight: 400;\">Conversa a partir da obra de Janaina Leite, entrecruzando perspectivas da psican\u00e1lise, filosofia, religi\u00e3o e arte. <\/span><\/p>\n<p><b>COM:<\/b><span style=\"font-weight: 400;\"> Ivone Gebara, freira cat\u00f3lica, fil\u00f3sofa e te\u00f3loga feminista (SP); Vera Iaconelli, psicanalista, colunista da Folha de <\/span><i><span style=\"font-weight: 400;\">S.Paulo<\/span><\/i><span style=\"font-weight: 400;\"> (SP); Priscila Piazentini Vieira, professora de hist\u00f3ria da UFPR, especialista em Michel Foucault (PR); e La\u00eds Machado, alarinj\u00f3 da Plataforma Arak\u00e1 e cr\u00edtica de teatro (BA)<\/span><\/p>\n<p><b>MEDIA\u00c7\u00c3O: <\/b><span style=\"font-weight: 400;\">Maria Lu\u00edsa Barsanelli (SP)<\/span><\/p>\n<p><img class=\"alignnone size-full wp-image-6103\" src=\"https:\/\/mitsp.org\/2020\/wp-content\/uploads\/2020\/02\/divider-olhares-criticos.jpg\" alt=\"\" width=\"300\" height=\"8\" srcset=\"https:\/\/mitsp.org\/2020\/wp-content\/uploads\/2020\/02\/divider-olhares-criticos-200x5.jpg 200w, https:\/\/mitsp.org\/2020\/wp-content\/uploads\/2020\/02\/divider-olhares-criticos.jpg 300w\" sizes=\"(max-width: 300px) 100vw, 300px\" \/><\/p>\n<h4><span style=\"color: #e38f27;\">Quando<\/span><\/h4>\n<p>13 de mar\u00e7o, sex., 16h \u00e0s 18h<\/p>\n<h4><span style=\"color: #e38f27;\">Onde<\/span><\/h4>\n<p><a href=\"https:\/\/goo.gl\/maps\/ZJBe2tFhvP9Lznem8\" target=\"_blank\" rel=\"noopener noreferrer\"><strong>Teatro Cacilda Becker<\/strong><\/a><\/p>\n<p><a href=\"https:\/\/mitsp.org\/2020\/acervo-de-transmissoes\/\"><img class=\"alignnone wp-image-8886\" src=\"https:\/\/mitsp.org\/2020\/wp-content\/uploads\/2020\/02\/bt-ao-vivo.png\" alt=\"\" width=\"90\" height=\"27\" \/><\/a><\/p>\n<div class=\"fusion-modal modal fade modal-1 bt01\" tabindex=\"-1\" role=\"dialog\" aria-labelledby=\"modal-heading-1\" aria-hidden=\"true\"><style type=\"text\/css\">.modal-1 .modal-header, .modal-1 .modal-footer{border-color:#ebebeb;}<\/style><div class=\"modal-dialog modal-lg\" role=\"document\"><div class=\"modal-content fusion-modal-content\" style=\"background-color:#f6f6f6\"><div class=\"modal-header\"><button class=\"close\" type=\"button\" data-dismiss=\"modal\" aria-hidden=\"true\" aria-label=\"Fechar\">&times;<\/button><h3 class=\"modal-title\" id=\"modal-heading-1\" data-dismiss=\"modal\" aria-hidden=\"true\">Atividades Relacionadas<\/h3><\/div><div class=\"modal-body fusion-clearfix\">\n<ul>\n<li><strong>STABAT MATER: <\/strong><a href=\"https:\/\/mitsp.org\/2020\/stabat-mater\/\"><span style=\"font-weight: 400;\">https:\/\/mitsp.org\/2020\/stabat-mater\/<\/span><\/a><\/li>\n<li><strong>O Corpo da Mulher, Suas Representa\u00e7\u00f5es e a Coragem da Verdade: <\/strong><a href=\"https:\/\/mitsp.org\/2020\/o-corpo-da-mulher-suas-representacoes-e-coragem-da-verdade\/\"><span style=\"font-weight: 400;\">https:\/\/mitsp.org\/2020\/o-corpo-da-mulher-suas-representacoes-e-coragem-da-verdade\/<\/span><\/a><\/li>\n<li><strong>Escritas de Si: Feminismo, Performance e Pol\u00edtica: <\/strong><a href=\"https:\/\/mitsp.org\/2020\/escritas-de-si-feminismo-performance-e-politica\/\"><span style=\"font-weight: 400;\">https:\/\/mitsp.org\/2020\/escritas-de-si-feminismo-performance-e-politica\/<\/span><\/a><\/li>\n<li><strong>Di\u00e1logos transversais: <\/strong><a href=\"https:\/\/mitsp.org\/2020\/dialogos-transversais\/\"><span style=\"font-weight: 400;\">https:\/\/mitsp.org\/2020\/dialogos-transversais\/<\/span><\/a><\/li>\n<li><strong>Desmontagem Stabat Mater: <\/strong><a href=\"https:\/\/mitsp.org\/2020\/desmontagem-de-stabat-mater\/\"><span style=\"font-weight: 400;\">https:\/\/mitsp.org\/2020\/desmontagem-de-stabat-mater\/<\/span><\/a><\/li>\n<\/ul>\n<h4><\/div><\/div><\/div><\/div><a class=\"fusion-modal-text-link\" data-toggle=\"modal\" data-target=\".fusion-modal.bt01\" href=\"#\"><i class=\"fas fa-info-circle fa-lg\"><\/i> ATIVIDADE RELACIONADAS<\/a><\/h4>\n<div class=\"fusion-widget-area fusion-widget-area-1 fusion-content-widget-area\"><style type=\"text\/css\">.fusion-widget-area-1 {padding:0px 0px 0px 0px;}.fusion-widget-area-1 .widget h4 {color:#333333;}.fusion-widget-area-1 .widget .heading h4 {color:#333333;}.fusion-widget-area-1 .widget h4 {font-size:20px;}.fusion-widget-area-1 .widget .heading h4 {font-size:20px;}<\/style><div id=\"text-6\" class=\"widget widget_text\">\t\t\t<div class=\"textwidget\"><p><div class=\"fusion-fullwidth fullwidth-box fusion-builder-row-118 fusion-parallax-fixed nonhundred-percent-fullwidth non-hundred-percent-height-scrolling\" style=\"background-color: rgba(255,255,255,0);background-image: url(&quot;https:\/\/mitsp.org\/2020\/wp-content\/uploads\/2020\/01\/footer-eixos4.png&quot;);background-position: center center;background-repeat: no-repeat;padding-top:130px;padding-right:0px;padding-bottom:130px;padding-left:0px;margin-bottom: 0px;margin-top: 0px;border-width: 0px 0px 0px 0px;border-color:#eae9e9;border-style:solid;-webkit-background-size:cover;-moz-background-size:cover;-o-background-size:cover;background-size:cover;background-attachment:fixed;\" ><\/div><div class=\"fusion-fullwidth fullwidth-box fusion-builder-row-119 hundred-percent-fullwidth non-hundred-percent-height-scrolling\" style=\"background-color: rgba(255,255,255,0);background-position: center center;background-repeat: no-repeat;padding-top:0px;padding-right:0px;padding-bottom:0px;padding-left:0px;margin-bottom: 0px;margin-top: 0px;border-width: 0px 0px 0px 0px;border-color:#eae9e9;border-style:solid;\" ><div class=\"fusion-builder-row fusion-row\"><div class=\"fusion-layout-column fusion_builder_column fusion-builder-column-209 fusion_builder_column_1_1 1_1 fusion-one-full fusion-column-first fusion-column-last\" style=\"margin-top:0px;margin-bottom:20px;\"><div class=\"fusion-column-wrapper fusion-flex-column-wrapper-legacy\" style=\"background-position:left top;background-repeat:no-repeat;-webkit-background-size:cover;-moz-background-size:cover;-o-background-size:cover;background-size:cover;border-bottom:12px solid #e38f27;padding: 0px 0px 0px 0px;\"><div class=\"fusion-clearfix\"><\/div><\/div><\/div><\/div><\/div><\/p>\n<\/div>\n\t\t<\/div><div class=\"fusion-additional-widget-content\"><\/div><\/div>\n","protected":false},"excerpt":{"rendered":"<p>Pesquisadora em Foco O CORPO DA MULHER, SUAS REPRESENTA\u00c7\u00d5ES E A CORAGEM DA VERDADE Conversa [&hellip;]<\/p>\n","protected":false},"author":6,"featured_media":6406,"comment_status":"closed","ping_status":"open","sticky":false,"template":"","format":"standard","meta":{"_links_to":"","_links_to_target":""},"categories":[4,96],"tags":[],"yst_prominent_words":[],"acf":{"synopsis":"A freira Ivone Gebara, a psicanalista Vera Iaconelli, a professora de filosofia Priscila Piazentini Vieira e a alarinj\u00f3 e cr\u00edtica teatral La\u00eds Machado conversam sobre a obra de Janaina Leite.","age_restriction":"0","duration":"121","director":"MEDIA\u00c7\u00c3O: Maria Lu\u00edsa Barsanelli (SP)","teaser_url":"","payment_type":"free","purchase_url":"","places":[{"place":6904,"region":"4","date":"2020-03-13 16:00:00"}],"activities":[6160,6239,6218,6220,6367],"payment_info":"","live":false},"_links":{"self":[{"href":"https:\/\/mitsp.org\/2020\/wp-json\/wp\/v2\/posts\/6220"}],"collection":[{"href":"https:\/\/mitsp.org\/2020\/wp-json\/wp\/v2\/posts"}],"about":[{"href":"https:\/\/mitsp.org\/2020\/wp-json\/wp\/v2\/types\/post"}],"author":[{"embeddable":true,"href":"https:\/\/mitsp.org\/2020\/wp-json\/wp\/v2\/users\/6"}],"replies":[{"embeddable":true,"href":"https:\/\/mitsp.org\/2020\/wp-json\/wp\/v2\/comments?post=6220"}],"version-history":[{"count":0,"href":"https:\/\/mitsp.org\/2020\/wp-json\/wp\/v2\/posts\/6220\/revisions"}],"wp:featuredmedia":[{"embeddable":true,"href":"https:\/\/mitsp.org\/2020\/wp-json\/wp\/v2\/media\/6406"}],"wp:attachment":[{"href":"https:\/\/mitsp.org\/2020\/wp-json\/wp\/v2\/media?parent=6220"}],"wp:term":[{"taxonomy":"category","embeddable":true,"href":"https:\/\/mitsp.org\/2020\/wp-json\/wp\/v2\/categories?post=6220"},{"taxonomy":"post_tag","embeddable":true,"href":"https:\/\/mitsp.org\/2020\/wp-json\/wp\/v2\/tags?post=6220"},{"taxonomy":"yst_prominent_words","embeddable":true,"href":"https:\/\/mitsp.org\/2020\/wp-json\/wp\/v2\/yst_prominent_words?post=6220"}],"curies":[{"name":"wp","href":"https:\/\/api.w.org\/{rel}","templated":true}]}}