{"id":6213,"date":"2020-02-03T11:16:56","date_gmt":"2020-02-03T14:16:56","guid":{"rendered":"https:\/\/mitsp.org\/2020\/?p=6213"},"modified":"2020-03-14T13:24:00","modified_gmt":"2020-03-14T16:24:00","slug":"curadoria-na-encruzilhada","status":"publish","type":"post","link":"https:\/\/mitsp.org\/2020\/curadoria-na-encruzilhada\/","title":{"rendered":"Curadoria na Encruzilhada"},"content":{"rendered":"<h6><strong>Reflex\u00f5es Est\u00e9tico-Pol\u00edticas\u00a0<\/strong><\/h6>\n<h3><strong><img class=\"size-fusion-400 wp-image-8926 alignright\" src=\"https:\/\/mitsp.org\/2020\/wp-content\/uploads\/2020\/02\/Andreia-Grace-400x266.jpg\" alt=\"Andreia Duarte e Grace Pass\u00f4\" width=\"400\" height=\"266\" srcset=\"https:\/\/mitsp.org\/2020\/wp-content\/uploads\/2020\/02\/Andreia-Grace-200x133.jpg 200w, https:\/\/mitsp.org\/2020\/wp-content\/uploads\/2020\/02\/Andreia-Grace-300x200.jpg 300w, https:\/\/mitsp.org\/2020\/wp-content\/uploads\/2020\/02\/Andreia-Grace-400x266.jpg 400w, https:\/\/mitsp.org\/2020\/wp-content\/uploads\/2020\/02\/Andreia-Grace-600x400.jpg 600w, https:\/\/mitsp.org\/2020\/wp-content\/uploads\/2020\/02\/Andreia-Grace-768x511.jpg 768w, https:\/\/mitsp.org\/2020\/wp-content\/uploads\/2020\/02\/Andreia-Grace-800x533.jpg 800w, https:\/\/mitsp.org\/2020\/wp-content\/uploads\/2020\/02\/Andreia-Grace.jpg 1000w\" sizes=\"(max-width: 400px) 100vw, 400px\" \/>CURADORIA NA ENCRUZILHADA<\/strong><\/h3>\n<p><span style=\"font-weight: 400;\">Curadoras e curadores das diferentes frentes da MITsp conversam sobre os desafios e impasses do exerc\u00edcio da curadoria, considerando atravessamentos interseccionais entre categorias de etnia, g\u00eanero e classe, diante das rela\u00e7\u00f5es de poder e das formas de silenciamento e exclus\u00e3o institucionalizadas.<\/span><\/p>\n<p><b>Com:<\/b><span style=\"font-weight: 400;\"> Andreia Duarte (SP), Dodi Leal (SP\/BA), Grace Pass\u00f4 (MG), Maria Fernanda Vomero (SP) e Jos\u00e9 Fernando Azevedo (SP)<br \/>\n<\/span><\/p>\n<p><b>Media\u00e7\u00e3o:<\/b><span style=\"font-weight: 400;\"> Daniele Avila Small (RJ)<br \/>\n<\/span><\/p>\n<p><strong>Atividade gratuita e aberta ao p\u00fablico.<\/strong><\/p>\n<p><img class=\"alignnone size-full wp-image-6103\" src=\"https:\/\/mitsp.org\/2020\/wp-content\/uploads\/2020\/02\/divider-olhares-criticos.jpg\" alt=\"\" width=\"300\" height=\"8\" srcset=\"https:\/\/mitsp.org\/2020\/wp-content\/uploads\/2020\/02\/divider-olhares-criticos-200x5.jpg 200w, https:\/\/mitsp.org\/2020\/wp-content\/uploads\/2020\/02\/divider-olhares-criticos.jpg 300w\" sizes=\"(max-width: 300px) 100vw, 300px\" \/><\/p>\n<h4><span style=\"color: #e38f27;\">Quando<\/span><\/h4>\n<p>15 de mar\u00e7o, dom., de 14h \u00e0s 16h<\/p>\n<h4><span style=\"color: #e38f27;\">Onde<\/span><\/h4>\n<p><a href=\"https:\/\/goo.gl\/maps\/1TY3EeJW9mKejwGV9\" target=\"_blank\" rel=\"noopener noreferrer\"><strong>Oficina Cultural Oswald de Andrade<\/strong><\/a><\/p>\n<div class=\"fusion-widget-area fusion-widget-area-1 fusion-content-widget-area\"><style type=\"text\/css\">.fusion-widget-area-1 {padding:0px 0px 0px 0px;}.fusion-widget-area-1 .widget h4 {color:#333333;}.fusion-widget-area-1 .widget .heading h4 {color:#333333;}.fusion-widget-area-1 .widget h4 {font-size:20px;}.fusion-widget-area-1 .widget .heading h4 {font-size:20px;}<\/style><div id=\"text-6\" class=\"widget widget_text\">\t\t\t<div class=\"textwidget\"><p><div class=\"fusion-fullwidth fullwidth-box fusion-builder-row-118 fusion-parallax-fixed nonhundred-percent-fullwidth non-hundred-percent-height-scrolling\" style=\"background-color: rgba(255,255,255,0);background-image: url(&quot;https:\/\/mitsp.org\/2020\/wp-content\/uploads\/2020\/01\/footer-eixos4.png&quot;);background-position: center center;background-repeat: no-repeat;padding-top:130px;padding-right:0px;padding-bottom:130px;padding-left:0px;margin-bottom: 0px;margin-top: 0px;border-width: 0px 0px 0px 0px;border-color:#eae9e9;border-style:solid;-webkit-background-size:cover;-moz-background-size:cover;-o-background-size:cover;background-size:cover;background-attachment:fixed;\" ><\/div><div class=\"fusion-fullwidth fullwidth-box fusion-builder-row-119 hundred-percent-fullwidth non-hundred-percent-height-scrolling\" style=\"background-color: rgba(255,255,255,0);background-position: center center;background-repeat: no-repeat;padding-top:0px;padding-right:0px;padding-bottom:0px;padding-left:0px;margin-bottom: 0px;margin-top: 0px;border-width: 0px 0px 0px 0px;border-color:#eae9e9;border-style:solid;\" ><div class=\"fusion-builder-row fusion-row\"><div class=\"fusion-layout-column fusion_builder_column fusion-builder-column-209 fusion_builder_column_1_1 1_1 fusion-one-full fusion-column-first fusion-column-last\" style=\"margin-top:0px;margin-bottom:20px;\"><div class=\"fusion-column-wrapper fusion-flex-column-wrapper-legacy\" style=\"background-position:left top;background-repeat:no-repeat;-webkit-background-size:cover;-moz-background-size:cover;-o-background-size:cover;background-size:cover;border-bottom:12px solid #e38f27;padding: 0px 0px 0px 0px;\"><div class=\"fusion-clearfix\"><\/div><\/div><\/div><\/div><\/div><\/p>\n<\/div>\n\t\t<\/div><div class=\"fusion-additional-widget-content\"><\/div><\/div>\n","protected":false},"excerpt":{"rendered":"<p>Reflex\u00f5es Est\u00e9tico-Pol\u00edticas\u00a0 CURADORIA NA ENCRUZILHADA Curadoras e curadores das diferentes frentes da MITsp conversam sobre [&hellip;]<\/p>\n","protected":false},"author":6,"featured_media":8926,"comment_status":"closed","ping_status":"open","sticky":false,"template":"","format":"standard","meta":{"_links_to":"","_links_to_target":""},"categories":[4,31],"tags":[],"yst_prominent_words":[],"acf":{"synopsis":"Curadoras e curadores da MITsp conversam sobre os desafios do exerc\u00edcio da curadoria, considerando atravessamentos interseccionais entre categorias de etnia, g\u00eanero e classe, diante das rela\u00e7\u00f5es de poder e formas de silenciamento institucionalizadas.","age_restriction":"0","duration":"120","director":"Com: Andreia Duarte, Dodi Leal, Grace Pass\u00f4, Maria Fernanda Vomero e Jos\u00e9 Fernando Azevedo","teaser_url":"","payment_type":"free","purchase_url":"","places":[{"place":6954,"region":"1","date":"2020-03-15 14:00:00"}],"activities":"","payment_info":"","live":false},"_links":{"self":[{"href":"https:\/\/mitsp.org\/2020\/wp-json\/wp\/v2\/posts\/6213"}],"collection":[{"href":"https:\/\/mitsp.org\/2020\/wp-json\/wp\/v2\/posts"}],"about":[{"href":"https:\/\/mitsp.org\/2020\/wp-json\/wp\/v2\/types\/post"}],"author":[{"embeddable":true,"href":"https:\/\/mitsp.org\/2020\/wp-json\/wp\/v2\/users\/6"}],"replies":[{"embeddable":true,"href":"https:\/\/mitsp.org\/2020\/wp-json\/wp\/v2\/comments?post=6213"}],"version-history":[{"count":0,"href":"https:\/\/mitsp.org\/2020\/wp-json\/wp\/v2\/posts\/6213\/revisions"}],"wp:featuredmedia":[{"embeddable":true,"href":"https:\/\/mitsp.org\/2020\/wp-json\/wp\/v2\/media\/8926"}],"wp:attachment":[{"href":"https:\/\/mitsp.org\/2020\/wp-json\/wp\/v2\/media?parent=6213"}],"wp:term":[{"taxonomy":"category","embeddable":true,"href":"https:\/\/mitsp.org\/2020\/wp-json\/wp\/v2\/categories?post=6213"},{"taxonomy":"post_tag","embeddable":true,"href":"https:\/\/mitsp.org\/2020\/wp-json\/wp\/v2\/tags?post=6213"},{"taxonomy":"yst_prominent_words","embeddable":true,"href":"https:\/\/mitsp.org\/2020\/wp-json\/wp\/v2\/yst_prominent_words?post=6213"}],"curies":[{"name":"wp","href":"https:\/\/api.w.org\/{rel}","templated":true}]}}