{"id":6211,"date":"2020-02-03T11:11:49","date_gmt":"2020-02-03T14:11:49","guid":{"rendered":"https:\/\/mitsp.org\/2020\/?p=6211"},"modified":"2020-03-10T12:15:04","modified_gmt":"2020-03-10T15:15:04","slug":"democracia-em-foco-mecanismos-de-censura","status":"publish","type":"post","link":"https:\/\/mitsp.org\/2020\/democracia-em-foco-mecanismos-de-censura\/","title":{"rendered":"Democracia em Foco: Mecanismos de Censura"},"content":{"rendered":"<h6><strong>Reflex\u00f5es Est\u00e9tico-Pol\u00edticas\u00a0<\/strong><\/h6>\n<p><img class=\"wp-image-9810 size-medium alignright\" src=\"https:\/\/mitsp.org\/2020\/wp-content\/uploads\/2020\/03\/democracia-300x200.png\" alt=\"Eduardo Dias Ferreira, Kenarik Boujikian e Celso Curi\" width=\"300\" height=\"200\" srcset=\"https:\/\/mitsp.org\/2020\/wp-content\/uploads\/2020\/03\/democracia-200x133.png 200w, https:\/\/mitsp.org\/2020\/wp-content\/uploads\/2020\/03\/democracia-300x200.png 300w, https:\/\/mitsp.org\/2020\/wp-content\/uploads\/2020\/03\/democracia.png 400w\" sizes=\"(max-width: 300px) 100vw, 300px\" \/><\/p>\n<h3><strong>DEMOCRACIA EM FOCO: MECANISMOS DE CENSURA<\/strong><\/h3>\n<p><span style=\"font-weight: 400;\">Juristas de S\u00e3o Paulo abordam os complexos mecanismos de censura, a partir de cren\u00e7as e valores ideol\u00f3gicos de uma sociedade capitalista de forma\u00e7\u00e3o crist\u00e3, patriarcal e colonial. Isso em um contexto de uso da cultura como forma de instituir um regime de exce\u00e7\u00e3o, contr\u00e1rio \u00e0 ordem constitucional de uma sociedade democr\u00e1tica pautada pela garantia das liberdades individuais, dentre as quais, a liberdade de express\u00e3o.<\/span><\/p>\n<p><b>Com:<\/b><span style=\"font-weight: 400;\"> Eduardo Dias de Souza Ferreira (Promotor de Justi\u00e7a da Inf\u00e2ncia e Juventude do Minist\u00e9rio P\u00fablico de S\u00e3o Paulo), Eduardo Faria Santos (Movimento a Revolta da L\u00e2mpada), Celso Curi (Movimento Artigo 5\u00ba), Rodrigo S\u00e9rvulo da Cunha (Coade &#8211; Coletivo de Advogados para a Democracia), Kenarik Boujikian (Desembargadora aposentada do TJSP) e Terra Johari Possa Terra (Comiss\u00e3o da Diversidade Sexual da OAB\/SP).<br \/>\n<\/span><\/p>\n<p><strong>Atividade gratuita e aberta ao p\u00fablico.<\/strong><\/p>\n<p><img class=\"alignnone size-full wp-image-6103\" src=\"https:\/\/mitsp.org\/2020\/wp-content\/uploads\/2020\/02\/divider-olhares-criticos.jpg\" alt=\"\" width=\"300\" height=\"8\" srcset=\"https:\/\/mitsp.org\/2020\/wp-content\/uploads\/2020\/02\/divider-olhares-criticos-200x5.jpg 200w, https:\/\/mitsp.org\/2020\/wp-content\/uploads\/2020\/02\/divider-olhares-criticos.jpg 300w\" sizes=\"(max-width: 300px) 100vw, 300px\" \/><\/p>\n<h4><span style=\"color: #e38f27;\">Quando<\/span><\/h4>\n<p>14 de mar\u00e7o, s\u00e1b., das 17h \u00e0s 19h.<\/p>\n<h4><span style=\"color: #e38f27;\">Onde<\/span><\/h4>\n<p><a href=\"https:\/\/goo.gl\/maps\/URYmKCGKeXhegXSm9\" target=\"_blank\" rel=\"noopener noreferrer\"><strong>Ita\u00fa Cultural, Sala Vermelha<\/strong><\/a><\/p>\n<p><a href=\"https:\/\/mitsp.org\/2020\/acervo-de-transmissoes\/\"><img class=\"alignnone wp-image-8886\" src=\"https:\/\/mitsp.org\/2020\/wp-content\/uploads\/2020\/02\/bt-ao-vivo.png\" alt=\"\" width=\"90\" height=\"27\" \/><\/a><\/p>\n<div class=\"fusion-widget-area fusion-widget-area-1 fusion-content-widget-area\"><style type=\"text\/css\">.fusion-widget-area-1 {padding:0px 0px 0px 0px;}.fusion-widget-area-1 .widget h4 {color:#333333;}.fusion-widget-area-1 .widget .heading h4 {color:#333333;}.fusion-widget-area-1 .widget h4 {font-size:20px;}.fusion-widget-area-1 .widget .heading h4 {font-size:20px;}<\/style><div id=\"text-6\" class=\"widget widget_text\">\t\t\t<div class=\"textwidget\"><p><div class=\"fusion-fullwidth fullwidth-box fusion-builder-row-118 fusion-parallax-fixed nonhundred-percent-fullwidth non-hundred-percent-height-scrolling\" style=\"background-color: rgba(255,255,255,0);background-image: url(&quot;https:\/\/mitsp.org\/2020\/wp-content\/uploads\/2020\/01\/footer-eixos4.png&quot;);background-position: center center;background-repeat: no-repeat;padding-top:130px;padding-right:0px;padding-bottom:130px;padding-left:0px;margin-bottom: 0px;margin-top: 0px;border-width: 0px 0px 0px 0px;border-color:#eae9e9;border-style:solid;-webkit-background-size:cover;-moz-background-size:cover;-o-background-size:cover;background-size:cover;background-attachment:fixed;\" ><\/div><div class=\"fusion-fullwidth fullwidth-box fusion-builder-row-119 hundred-percent-fullwidth non-hundred-percent-height-scrolling\" style=\"background-color: rgba(255,255,255,0);background-position: center center;background-repeat: no-repeat;padding-top:0px;padding-right:0px;padding-bottom:0px;padding-left:0px;margin-bottom: 0px;margin-top: 0px;border-width: 0px 0px 0px 0px;border-color:#eae9e9;border-style:solid;\" ><div class=\"fusion-builder-row fusion-row\"><div class=\"fusion-layout-column fusion_builder_column fusion-builder-column-209 fusion_builder_column_1_1 1_1 fusion-one-full fusion-column-first fusion-column-last\" style=\"margin-top:0px;margin-bottom:20px;\"><div class=\"fusion-column-wrapper fusion-flex-column-wrapper-legacy\" style=\"background-position:left top;background-repeat:no-repeat;-webkit-background-size:cover;-moz-background-size:cover;-o-background-size:cover;background-size:cover;border-bottom:12px solid #e38f27;padding: 0px 0px 0px 0px;\"><div class=\"fusion-clearfix\"><\/div><\/div><\/div><\/div><\/div><\/p>\n<\/div>\n\t\t<\/div><div class=\"fusion-additional-widget-content\"><\/div><\/div>\n","protected":false},"excerpt":{"rendered":"<p>Reflex\u00f5es Est\u00e9tico-Pol\u00edticas\u00a0 DEMOCRACIA EM FOCO: MECANISMOS DE CENSURA Juristas de S\u00e3o Paulo abordam os complexos [&hellip;]<\/p>\n","protected":false},"author":6,"featured_media":9810,"comment_status":"closed","ping_status":"open","sticky":false,"template":"","format":"standard","meta":{"_links_to":"","_links_to_target":""},"categories":[4,31],"tags":[],"yst_prominent_words":[],"acf":{"synopsis":"Juristas de S\u00e3o Paulo abordam os complexos mecanismos de censura, a partir de cren\u00e7as e valores ideol\u00f3gicos de uma sociedade capitalista de forma\u00e7\u00e3o crist\u00e3, patriarcal e colonial. Isso em um contexto de uso da cultura como forma de instituir um regime de exce\u00e7\u00e3o, contr\u00e1rio \u00e0 ordem constitucional de uma sociedade democr\u00e1tica pautada pela garantia das liberdades individuais, dentre as quais, a liberdade de express\u00e3o.","age_restriction":"0","duration":"120","director":"","teaser_url":"","payment_type":"free","purchase_url":"","places":[{"place":6957,"region":"1","date":"2020-03-14 17:00:00"}],"activities":"","payment_info":"","live":false},"_links":{"self":[{"href":"https:\/\/mitsp.org\/2020\/wp-json\/wp\/v2\/posts\/6211"}],"collection":[{"href":"https:\/\/mitsp.org\/2020\/wp-json\/wp\/v2\/posts"}],"about":[{"href":"https:\/\/mitsp.org\/2020\/wp-json\/wp\/v2\/types\/post"}],"author":[{"embeddable":true,"href":"https:\/\/mitsp.org\/2020\/wp-json\/wp\/v2\/users\/6"}],"replies":[{"embeddable":true,"href":"https:\/\/mitsp.org\/2020\/wp-json\/wp\/v2\/comments?post=6211"}],"version-history":[{"count":0,"href":"https:\/\/mitsp.org\/2020\/wp-json\/wp\/v2\/posts\/6211\/revisions"}],"wp:featuredmedia":[{"embeddable":true,"href":"https:\/\/mitsp.org\/2020\/wp-json\/wp\/v2\/media\/9810"}],"wp:attachment":[{"href":"https:\/\/mitsp.org\/2020\/wp-json\/wp\/v2\/media?parent=6211"}],"wp:term":[{"taxonomy":"category","embeddable":true,"href":"https:\/\/mitsp.org\/2020\/wp-json\/wp\/v2\/categories?post=6211"},{"taxonomy":"post_tag","embeddable":true,"href":"https:\/\/mitsp.org\/2020\/wp-json\/wp\/v2\/tags?post=6211"},{"taxonomy":"yst_prominent_words","embeddable":true,"href":"https:\/\/mitsp.org\/2020\/wp-json\/wp\/v2\/yst_prominent_words?post=6211"}],"curies":[{"name":"wp","href":"https:\/\/api.w.org\/{rel}","templated":true}]}}