{"id":6209,"date":"2020-02-03T11:06:33","date_gmt":"2020-02-03T14:06:33","guid":{"rendered":"https:\/\/mitsp.org\/2020\/?p=6209"},"modified":"2020-02-20T23:33:31","modified_gmt":"2020-02-21T02:33:31","slug":"contradicoes-no-debate-da-cultura-como-bem-comum","status":"publish","type":"post","link":"https:\/\/mitsp.org\/2020\/contradicoes-no-debate-da-cultura-como-bem-comum\/","title":{"rendered":"Contradi\u00e7\u00f5es no Debate da Cultura como Bem Comum"},"content":{"rendered":"<h6><strong>Reflex\u00f5es Est\u00e9tico-Pol\u00edticas\u00a0<\/strong><\/h6>\n<p><img class=\"size-fusion-400 wp-image-6365 alignright\" src=\"https:\/\/mitsp.org\/2020\/wp-content\/uploads\/2020\/02\/contradicoes-debate-cultura-400x266.jpg\" alt=\"\" width=\"400\" height=\"266\" srcset=\"https:\/\/mitsp.org\/2020\/wp-content\/uploads\/2020\/02\/contradicoes-debate-cultura-200x133.jpg 200w, https:\/\/mitsp.org\/2020\/wp-content\/uploads\/2020\/02\/contradicoes-debate-cultura-300x200.jpg 300w, https:\/\/mitsp.org\/2020\/wp-content\/uploads\/2020\/02\/contradicoes-debate-cultura-400x266.jpg 400w, https:\/\/mitsp.org\/2020\/wp-content\/uploads\/2020\/02\/contradicoes-debate-cultura-600x400.jpg 600w, https:\/\/mitsp.org\/2020\/wp-content\/uploads\/2020\/02\/contradicoes-debate-cultura-768x511.jpg 768w, https:\/\/mitsp.org\/2020\/wp-content\/uploads\/2020\/02\/contradicoes-debate-cultura-800x533.jpg 800w, https:\/\/mitsp.org\/2020\/wp-content\/uploads\/2020\/02\/contradicoes-debate-cultura.jpg 1000w\" sizes=\"(max-width: 400px) 100vw, 400px\" \/><\/p>\n<h3><strong>CONTRADI\u00c7\u00d5ES NO DEBATE DA CULTURA COMO BEM COMUM<\/strong><\/h3>\n<p><span style=\"font-weight: 400;\">A partir de uma perspectiva interseccional, artistas brasileiros de diferentes regi\u00f5es debatem sobre pr\u00e1ticas da cultura como bem comum no contexto capitalista de estrutura\u00e7\u00e3o social classista, que naturaliza diferen\u00e7as como as de classe, etnia e g\u00eanero, definindo complexas partilhas de privil\u00e9gios e exclus\u00f5es no campo da arte.<\/span><\/p>\n<p><b>Com:<\/b><span style=\"font-weight: 400;\"> Carla Akotirene (BA), Grazi Medrado (MG), Jaqueline Elesb\u00e3o (BA), J\u00e9 Oliveira (SP) e Gyl Giffony (CE).<br \/>\n<\/span><\/p>\n<p><span style=\"font-weight: 400;\">M<\/span><b>edia\u00e7\u00e3o: <\/b><span style=\"font-weight: 400;\">Daniele Avila Small (RJ).<\/span><\/p>\n<p><strong>Atividade gratuita e aberta ao p\u00fablico.<\/strong><\/p>\n<p><img class=\"alignnone size-full wp-image-6103\" src=\"https:\/\/mitsp.org\/2020\/wp-content\/uploads\/2020\/02\/divider-olhares-criticos.jpg\" alt=\"\" width=\"300\" height=\"8\" srcset=\"https:\/\/mitsp.org\/2020\/wp-content\/uploads\/2020\/02\/divider-olhares-criticos-200x5.jpg 200w, https:\/\/mitsp.org\/2020\/wp-content\/uploads\/2020\/02\/divider-olhares-criticos.jpg 300w\" sizes=\"(max-width: 300px) 100vw, 300px\" \/><\/p>\n<h4><span style=\"color: #e38f27;\">Quando\u00a0<\/span><\/h4>\n<p>14 de mar\u00e7o, s\u00e1b., das 14h \u00e0s 16h<\/p>\n<h4><span style=\"color: #e38f27;\">Onde<\/span><\/h4>\n<p><a href=\"https:\/\/goo.gl\/maps\/URYmKCGKeXhegXSm9\" target=\"_blank\" rel=\"noopener noreferrer\"><strong>Ita\u00fa Cultural, Sala Vermelha<\/strong><\/a><\/p>\n<div class=\"fusion-modal modal fade modal-1 bt01\" tabindex=\"-1\" role=\"dialog\" aria-labelledby=\"modal-heading-1\" aria-hidden=\"true\"><style type=\"text\/css\">.modal-1 .modal-header, .modal-1 .modal-footer{border-color:#ebebeb;}<\/style><div class=\"modal-dialog modal-lg\" role=\"document\"><div class=\"modal-content fusion-modal-content\" style=\"background-color:#f6f6f6\"><div class=\"modal-header\"><button class=\"close\" type=\"button\" data-dismiss=\"modal\" aria-hidden=\"true\" aria-label=\"Fechar\">&times;<\/button><h3 class=\"modal-title\" id=\"modal-heading-1\" data-dismiss=\"modal\" aria-hidden=\"true\">Atividades Relacionadas<\/h3><\/div><div class=\"modal-body fusion-clearfix\">\n<ul>\n<li><strong>GOTA D\u2019\u00c1GUA {PRETA}: <\/strong><a href=\"https:\/\/mitsp.org\/2020\/gota-dagua-preta\/\"><span style=\"font-weight: 400;\">https:\/\/mitsp.org\/2020\/gota-dagua-preta\/<\/span><\/a><\/li>\n<\/ul>\n<h4><\/div><\/div><\/div><\/div><a class=\"fusion-modal-text-link\" data-toggle=\"modal\" data-target=\".fusion-modal.bt01\" href=\"#\"><i class=\"fas fa-info-circle fa-lg\"><\/i> ATIVIDADE RELACIONADAS<\/a><\/h4>\n<div class=\"fusion-widget-area fusion-widget-area-1 fusion-content-widget-area\"><style type=\"text\/css\">.fusion-widget-area-1 {padding:0px 0px 0px 0px;}.fusion-widget-area-1 .widget h4 {color:#333333;}.fusion-widget-area-1 .widget .heading h4 {color:#333333;}.fusion-widget-area-1 .widget h4 {font-size:20px;}.fusion-widget-area-1 .widget .heading h4 {font-size:20px;}<\/style><div id=\"text-6\" class=\"widget widget_text\">\t\t\t<div class=\"textwidget\"><p><div class=\"fusion-fullwidth fullwidth-box fusion-builder-row-118 fusion-parallax-fixed nonhundred-percent-fullwidth non-hundred-percent-height-scrolling\" style=\"background-color: rgba(255,255,255,0);background-image: url(&quot;https:\/\/mitsp.org\/2020\/wp-content\/uploads\/2020\/01\/footer-eixos4.png&quot;);background-position: center center;background-repeat: no-repeat;padding-top:130px;padding-right:0px;padding-bottom:130px;padding-left:0px;margin-bottom: 0px;margin-top: 0px;border-width: 0px 0px 0px 0px;border-color:#eae9e9;border-style:solid;-webkit-background-size:cover;-moz-background-size:cover;-o-background-size:cover;background-size:cover;background-attachment:fixed;\" ><\/div><div class=\"fusion-fullwidth fullwidth-box fusion-builder-row-119 hundred-percent-fullwidth non-hundred-percent-height-scrolling\" style=\"background-color: rgba(255,255,255,0);background-position: center center;background-repeat: no-repeat;padding-top:0px;padding-right:0px;padding-bottom:0px;padding-left:0px;margin-bottom: 0px;margin-top: 0px;border-width: 0px 0px 0px 0px;border-color:#eae9e9;border-style:solid;\" ><div class=\"fusion-builder-row fusion-row\"><div class=\"fusion-layout-column fusion_builder_column fusion-builder-column-209 fusion_builder_column_1_1 1_1 fusion-one-full fusion-column-first fusion-column-last\" style=\"margin-top:0px;margin-bottom:20px;\"><div class=\"fusion-column-wrapper fusion-flex-column-wrapper-legacy\" style=\"background-position:left top;background-repeat:no-repeat;-webkit-background-size:cover;-moz-background-size:cover;-o-background-size:cover;background-size:cover;border-bottom:12px solid #e38f27;padding: 0px 0px 0px 0px;\"><div class=\"fusion-clearfix\"><\/div><\/div><\/div><\/div><\/div><\/p>\n<\/div>\n\t\t<\/div><div class=\"fusion-additional-widget-content\"><\/div><\/div>\n","protected":false},"excerpt":{"rendered":"<p>Reflex\u00f5es Est\u00e9tico-Pol\u00edticas\u00a0 CONTRADI\u00c7\u00d5ES NO DEBATE DA CULTURA COMO BEM COMUM A partir de uma perspectiva [&hellip;]<\/p>\n","protected":false},"author":6,"featured_media":6365,"comment_status":"closed","ping_status":"open","sticky":false,"template":"","format":"standard","meta":{"_links_to":"","_links_to_target":""},"categories":[4,31],"tags":[],"yst_prominent_words":[],"acf":{"synopsis":"A partir de uma perspectiva interseccional, artistas brasileiros de diferentes regi\u00f5es debatem sobre pr\u00e1ticas da cultura como bem comum no contexto capitalista de estrutura\u00e7\u00e3o social classista, que naturaliza diferen\u00e7as como as de classe, etnia e g\u00eanero, definindo complexas partilhas de privil\u00e9gios e exclus\u00f5es no campo da arte.","age_restriction":"0","duration":"120","director":"Com: Carla Akotirene (Salvador), Grazi Medrado (BH), Jaqueline Elesb\u00e3o (Salvador), J\u00e9 Oliveira (S\u00e3o Paulo)\u00a0e Gyl Giffony (CE)","teaser_url":"","payment_type":"free","purchase_url":"","places":[{"place":6957,"region":"1","date":"2020-03-14 14:00:00"},{"place":false,"region":"1","date":""}],"activities":[6163],"payment_info":"","live":false},"_links":{"self":[{"href":"https:\/\/mitsp.org\/2020\/wp-json\/wp\/v2\/posts\/6209"}],"collection":[{"href":"https:\/\/mitsp.org\/2020\/wp-json\/wp\/v2\/posts"}],"about":[{"href":"https:\/\/mitsp.org\/2020\/wp-json\/wp\/v2\/types\/post"}],"author":[{"embeddable":true,"href":"https:\/\/mitsp.org\/2020\/wp-json\/wp\/v2\/users\/6"}],"replies":[{"embeddable":true,"href":"https:\/\/mitsp.org\/2020\/wp-json\/wp\/v2\/comments?post=6209"}],"version-history":[{"count":0,"href":"https:\/\/mitsp.org\/2020\/wp-json\/wp\/v2\/posts\/6209\/revisions"}],"wp:featuredmedia":[{"embeddable":true,"href":"https:\/\/mitsp.org\/2020\/wp-json\/wp\/v2\/media\/6365"}],"wp:attachment":[{"href":"https:\/\/mitsp.org\/2020\/wp-json\/wp\/v2\/media?parent=6209"}],"wp:term":[{"taxonomy":"category","embeddable":true,"href":"https:\/\/mitsp.org\/2020\/wp-json\/wp\/v2\/categories?post=6209"},{"taxonomy":"post_tag","embeddable":true,"href":"https:\/\/mitsp.org\/2020\/wp-json\/wp\/v2\/tags?post=6209"},{"taxonomy":"yst_prominent_words","embeddable":true,"href":"https:\/\/mitsp.org\/2020\/wp-json\/wp\/v2\/yst_prominent_words?post=6209"}],"curies":[{"name":"wp","href":"https:\/\/api.w.org\/{rel}","templated":true}]}}