{"id":6207,"date":"2020-02-03T11:39:46","date_gmt":"2020-02-03T14:39:46","guid":{"rendered":"https:\/\/mitsp.org\/2020\/?p=6207"},"modified":"2020-03-11T12:35:10","modified_gmt":"2020-03-11T15:35:10","slug":"como-nao-saber-juntos-o-que-fazer-daqui-para-tras_in-situ","status":"publish","type":"post","link":"https:\/\/mitsp.org\/2020\/como-nao-saber-juntos-o-que-fazer-daqui-para-tras_in-situ\/","title":{"rendered":"Como N\u00e3o Saber Juntos: O que Fazer Daqui para Tr\u00e1s_in situ"},"content":{"rendered":"<h6>Interc\u00e2mbio Art\u00edstico + Experimento C\u00eanico<\/h6>\n<h3>COMO N\u00c3O SABER JUNTOS: O QUE FAZER DAQUI PARA TR\u00c1S_IN SITU<\/h3>\n<p><span style=\"color: #cb898a;\"><strong>COM<\/strong> Jo\u00e3o Fiadeiro (PORTUGAL)<\/span><\/p>\n<p><img class=\"size-fusion-400 wp-image-6234 alignright\" src=\"https:\/\/mitsp.org\/2020\/wp-content\/uploads\/2020\/02\/JoaoFiadeiro_cred_Ana-Viotti-400x266.jpg\" alt=\"Jo\u00e3o Fiadeiro \u00a9Ana Viotti\" width=\"400\" height=\"266\" srcset=\"https:\/\/mitsp.org\/2020\/wp-content\/uploads\/2020\/02\/JoaoFiadeiro_cred_Ana-Viotti-200x133.jpg 200w, https:\/\/mitsp.org\/2020\/wp-content\/uploads\/2020\/02\/JoaoFiadeiro_cred_Ana-Viotti-300x200.jpg 300w, https:\/\/mitsp.org\/2020\/wp-content\/uploads\/2020\/02\/JoaoFiadeiro_cred_Ana-Viotti-400x266.jpg 400w, https:\/\/mitsp.org\/2020\/wp-content\/uploads\/2020\/02\/JoaoFiadeiro_cred_Ana-Viotti-600x400.jpg 600w, https:\/\/mitsp.org\/2020\/wp-content\/uploads\/2020\/02\/JoaoFiadeiro_cred_Ana-Viotti-768x511.jpg 768w, https:\/\/mitsp.org\/2020\/wp-content\/uploads\/2020\/02\/JoaoFiadeiro_cred_Ana-Viotti-800x533.jpg 800w, https:\/\/mitsp.org\/2020\/wp-content\/uploads\/2020\/02\/JoaoFiadeiro_cred_Ana-Viotti.jpg 1000w\" sizes=\"(max-width: 400px) 100vw, 400px\" \/><\/p>\n<p>A maioria de n\u00f3s sabe que sabe. E isso nos torna r\u00edgidos e limitados (o saber n\u00e3o \u00e9 pl\u00e1stico). Alguns de n\u00f3s sabem que n\u00e3o sabem. Isso nos torna mais dispon\u00edveis e abertos ao mundo, mas pouco aventureiros. Menor \u00e9 o n\u00famero de pessoas que n\u00e3o sabem que sabem. Essa \u00e9 uma qualidade rara que, quando (o)usada com precis\u00e3o, no lugar e na hora certa, pode abrir brechas inesperadas. Mas a ferramenta mais rara e, por isso, mais potente, \u00e9 quando conseguimos n\u00e3o saber que n\u00e3o sabemos. Quando conseguimos estar aqui e agora sem a influ\u00eancia das ansiedades geradas pelas experi\u00eancias passadas ou expectativas futuras. Como explorar o corpo em perigo, os lugares de colis\u00e3o e as fronteiras do colapso?<\/p>\n<p><span style=\"font-weight: 400;\">A atividade conduzida por Jo\u00e3o Fiadeiro, pedagogo em foco, ter\u00e1 como enquadramento a performance <\/span><i><span style=\"font-weight: 400;\">O que Fazer Daqui para Tr\u00e1s<\/span><\/i><span style=\"font-weight: 400;\"> (a ser apresentada na MITsp), cujo dispositivo \u00e9 bastante simples: performers correm \u00e0 volta de um teatro at\u00e9 ficarem em estado de absoluta exaust\u00e3o e, nessa condi\u00e7\u00e3o exaurida, voltam ao palco para partilhar com o espectador alguma experi\u00eancia que viveram no exterior (algo que viram, sentiram, imaginaram, recolheram). Para isso, Fiadeiro vai trabalhar com os participantes a Composi\u00e7\u00e3o em Tempo Real, ferramenta c\u00eanica que permite transformar os afetos que surgem do confronto com a rua (e com a lenta degrada\u00e7\u00e3o do corpo) em imagens e, em seguida, em formula\u00e7\u00f5es-situa\u00e7\u00f5es. No quinto dia da atividade, o grupo apresentar\u00e1 um experimento c\u00eanico. Haver\u00e1 dois grupos de participantes concomitantes: 16 artistas com experi\u00eancia em improvisa\u00e7\u00e3o e composi\u00e7\u00e3o das \u00e1reas da dan\u00e7a contempor\u00e2nea, teatro e performance, e 10 pedagogos-observadores, que ser\u00e3o respons\u00e1veis pela tessitura narrativa (dramat\u00fargica, discursiva ou c\u00eanica) do processo.<\/span><\/p>\n<p><strong>No \u00faltimo dia (12\/3), haver\u00e1 apresenta\u00e7\u00e3o de um experimento c\u00eanico.<\/strong><\/p>\n<p><i><strong>ATEN\u00c7\u00c3O<\/strong>: \u00e9 importante que os artistas participantes estejam em boa forma f\u00edsica e que n\u00e3o haja nenhuma contra-indica\u00e7\u00e3o f\u00edsica para correr.<\/i><\/p>\n<p><strong><em>*Atividade com sele\u00e7\u00e3o.<\/em><\/strong><\/p>\n<p><img class=\"alignnone size-full wp-image-6077\" src=\"https:\/\/mitsp.org\/2020\/wp-content\/uploads\/2020\/02\/divider-acoes-pedagogicas.jpg\" alt=\"\" width=\"300\" height=\"8\" srcset=\"https:\/\/mitsp.org\/2020\/wp-content\/uploads\/2020\/02\/divider-acoes-pedagogicas-200x5.jpg 200w, https:\/\/mitsp.org\/2020\/wp-content\/uploads\/2020\/02\/divider-acoes-pedagogicas.jpg 300w\" sizes=\"(max-width: 300px) 100vw, 300px\" \/><\/p>\n<h5><span style=\"color: #cb898a;\"><strong>QUANDO<\/strong><\/span><\/h5>\n<p><span style=\"font-weight: 400;\">De 5 a 12\/3, qui. a qui., das 10h \u00e0s 13h, com pausa dias 8 e 9.<\/span><\/p>\n<p><span style=\"font-weight: 400;\">Apresenta\u00e7\u00e3o do experimento c\u00eanico: <\/span><b>12 de mar\u00e7o, qui., das 10h \u00e0s 13h, com conversas pontuais com o p\u00fablico entre as interven\u00e7\u00f5es. Atividade gratuita e aberta ao p\u00fablico.<br \/>\n<\/b><\/p>\n<h5><span style=\"color: #cb898a;\"><strong>ONDE<\/strong><\/span><\/h5>\n<p><a href=\"https:\/\/goo.gl\/maps\/1TY3EeJW9mKejwGV9\"><strong>Oficina Cultural Oswald de Andrade &#8211; Salas 3 e 11<\/strong><\/a><\/p>\n<h5><span style=\"color: #cb898a;\"><strong>P\u00daBLICO-ALVO<\/strong><\/span><\/h5>\n<p><span style=\"font-weight: 400;\">A atividade vai selecionar:<\/span><\/p>\n<ul>\n<li><span style=\"font-weight: 400;\">para o grupo de atuantes (20 participantes): artistas da \u00e1reas da dan\u00e7a contempor\u00e2nea, teatro e performance e estudantes de Artes C\u00eanicas<\/span><\/li>\n<li><span style=\"font-weight: 400;\">para o grupo de observadores-narradores\u00a0 (10 participantes): professores de teatro, pedagogos, cr\u00edticos teatrais, pesquisadores de Artes C\u00eanicas.<\/span><\/li>\n<\/ul>\n<h5><span style=\"color: #cb898a;\"><strong>INSCRI\u00c7\u00c3O<\/strong><\/span><\/h5>\n<p><span style=\"font-weight: 400;\">De 8 de fevereiro a 22 de fevereiro de 2020, at\u00e9 as 17h. O resultado ser\u00e1 divulgado em 2\u00ba de mar\u00e7o, a partir das 17h.<\/span><\/p>\n<p>[popup_anything id=&#8221;6225&#8243;]<\/p>\n<p>[popup_anything id=&#8221;6229&#8243;]<\/p>\n<p>&nbsp;<\/p>\n<div class=\"fusion-modal modal fade modal-1 bt01\" tabindex=\"-1\" role=\"dialog\" aria-labelledby=\"modal-heading-1\" aria-hidden=\"true\"><style type=\"text\/css\">.modal-1 .modal-header, .modal-1 .modal-footer{border-color:#ebebeb;}<\/style><div class=\"modal-dialog modal-lg\" role=\"document\"><div class=\"modal-content fusion-modal-content\" style=\"background-color:#f6f6f6\"><div class=\"modal-header\"><button class=\"close\" type=\"button\" data-dismiss=\"modal\" aria-hidden=\"true\" aria-label=\"Fechar\">&times;<\/button><h3 class=\"modal-title\" id=\"modal-heading-1\" data-dismiss=\"modal\" aria-hidden=\"true\">Atividades Relacionadas<\/h3><\/div><div class=\"modal-body fusion-clearfix\">\n<p>O que Fazer Daqui para Tr\u00e1s: https:\/\/mitsp.org\/2020\/o-que-fazer-daqui-para-tras\/<br \/>\nConversa perform\u00e1tica: O que Eu Sou N\u00e3o Fui Sozinho: https:\/\/mitsp.org\/2020\/conversa-performatica-o-que-eu-sou-nao-fui-sozinho\/<br \/>\nLan\u00e7amento de livros: https:\/\/mitsp.org\/2020\/lancamento-de-livros\/<br \/>\nDi\u00e1logos transversais: https:\/\/mitsp.org\/2020\/dialogos-transversais\/<\/p>\n<h4><\/div><\/div><\/div><\/div><a class=\"fusion-modal-text-link\" data-toggle=\"modal\" data-target=\".fusion-modal.bt01\" href=\"#\"><i class=\"fas fa-info-circle fa-lg\"><\/i> ATIVIDADE RELACIONADAS<\/a><\/h4>\n<div class=\"fusion-widget-area fusion-widget-area-1 fusion-content-widget-area\"><style type=\"text\/css\">.fusion-widget-area-1 {padding:0px 0px 0px 0px;}.fusion-widget-area-1 .widget h4 {color:#333333;}.fusion-widget-area-1 .widget .heading h4 {color:#333333;}.fusion-widget-area-1 .widget h4 {font-size:20px;}.fusion-widget-area-1 .widget .heading h4 {font-size:20px;}<\/style><div id=\"text-3\" class=\"widget widget_text\">\t\t\t<div class=\"textwidget\"><p><div class=\"fusion-fullwidth fullwidth-box fusion-builder-row-116 fusion-parallax-fixed nonhundred-percent-fullwidth non-hundred-percent-height-scrolling\" style=\"background-color: rgba(255,255,255,0);background-image: url(&quot;https:\/\/mitsp.org\/2020\/wp-content\/uploads\/2020\/01\/footer-eixos1.png&quot;);background-position: center center;background-repeat: no-repeat;padding-top:130px;padding-right:0px;padding-bottom:130px;padding-left:0px;margin-bottom: 0px;margin-top: 0px;border-width: 0px 0px 0px 0px;border-color:#eae9e9;border-style:solid;-webkit-background-size:cover;-moz-background-size:cover;-o-background-size:cover;background-size:cover;background-attachment:fixed;\" ><div class=\"fusion-builder-row fusion-row\"><div class=\"fusion-layout-column fusion_builder_column fusion-builder-column-207 fusion_builder_column_1_1 1_1 fusion-one-full fusion-column-first fusion-column-last\" style=\"margin-top:0px;margin-bottom:20px;\"><div class=\"fusion-column-wrapper fusion-flex-column-wrapper-legacy\" style=\"background-position:left top;background-repeat:no-repeat;-webkit-background-size:cover;-moz-background-size:cover;-o-background-size:cover;background-size:cover;padding: 0px 0px 0px 0px;\"><div class=\"fusion-clearfix\"><\/div><\/div><\/div><\/div><\/div><div class=\"fusion-fullwidth fullwidth-box fusion-builder-row-117 hundred-percent-fullwidth non-hundred-percent-height-scrolling\" style=\"background-color: rgba(255,255,255,0);background-position: center center;background-repeat: no-repeat;padding-top:0px;padding-right:0px;padding-bottom:0px;padding-left:0px;margin-bottom: 0px;margin-top: 0px;border-width: 0px 0px 0px 0px;border-color:#eae9e9;border-style:solid;\" ><div class=\"fusion-builder-row fusion-row\"><div class=\"fusion-layout-column fusion_builder_column fusion-builder-column-208 fusion_builder_column_1_1 1_1 fusion-one-full fusion-column-first fusion-column-last\" style=\"margin-top:0px;margin-bottom:20px;\"><div class=\"fusion-column-wrapper fusion-flex-column-wrapper-legacy\" style=\"background-position:left top;background-repeat:no-repeat;-webkit-background-size:cover;-moz-background-size:cover;-o-background-size:cover;background-size:cover;border-bottom:12px solid #cb898a;padding: 0px 0px 0px 0px;\"><div class=\"fusion-clearfix\"><\/div><\/div><\/div><\/div><\/div><\/p>\n<\/div>\n\t\t<\/div><div class=\"fusion-additional-widget-content\"><\/div><\/div>\n","protected":false},"excerpt":{"rendered":"<p>Interc\u00e2mbio Art\u00edstico + Experimento C\u00eanico COMO N\u00c3O SABER JUNTOS: O QUE FAZER DAQUI PARA TR\u00c1S_IN [&hellip;]<\/p>\n","protected":false},"author":1,"featured_media":6234,"comment_status":"closed","ping_status":"open","sticky":false,"template":"","format":"standard","meta":{"_links_to":"","_links_to_target":""},"categories":[5,29],"tags":[],"yst_prominent_words":[],"acf":{"synopsis":"Jo\u00e3o Fiadeiro vai trabalhar com a Composi\u00e7\u00e3o em Tempo Real, ferramenta c\u00eanica que permite transformar os afetos que surgem do confronto com a rua em imagens e, em seguida, em formula\u00e7\u00f5es-situa\u00e7\u00f5es. Depois, o grupo apresentar\u00e1 um experimento c\u00eanico.\r\n","age_restriction":"0","duration":"90","director":"Jo\u00e3o Fiadeiro","teaser_url":"","payment_type":"lottery","purchase_url":"https:\/\/inscricoes.mitsp.org\/intercambio-artistico-como-nao-saber-juntos-o-que-fazer-daqui-para-tras_in-situ\/","places":[{"place":6920,"region":"1","date":"2020-03-05 10:00:00"},{"place":6920,"region":"1","date":"2020-03-06 10:00:00"},{"place":6920,"region":"1","date":"2020-03-07 10:00:00"},{"place":6920,"region":"1","date":"2020-03-10 09:00:00"},{"place":6920,"region":"1","date":"2020-03-11 09:00:00"},{"place":6920,"region":"1","date":"2020-03-12 10:00:00"}],"activities":[5810,6344,6244,6239],"payment_info":"","live":false},"_links":{"self":[{"href":"https:\/\/mitsp.org\/2020\/wp-json\/wp\/v2\/posts\/6207"}],"collection":[{"href":"https:\/\/mitsp.org\/2020\/wp-json\/wp\/v2\/posts"}],"about":[{"href":"https:\/\/mitsp.org\/2020\/wp-json\/wp\/v2\/types\/post"}],"author":[{"embeddable":true,"href":"https:\/\/mitsp.org\/2020\/wp-json\/wp\/v2\/users\/1"}],"replies":[{"embeddable":true,"href":"https:\/\/mitsp.org\/2020\/wp-json\/wp\/v2\/comments?post=6207"}],"version-history":[{"count":0,"href":"https:\/\/mitsp.org\/2020\/wp-json\/wp\/v2\/posts\/6207\/revisions"}],"wp:featuredmedia":[{"embeddable":true,"href":"https:\/\/mitsp.org\/2020\/wp-json\/wp\/v2\/media\/6234"}],"wp:attachment":[{"href":"https:\/\/mitsp.org\/2020\/wp-json\/wp\/v2\/media?parent=6207"}],"wp:term":[{"taxonomy":"category","embeddable":true,"href":"https:\/\/mitsp.org\/2020\/wp-json\/wp\/v2\/categories?post=6207"},{"taxonomy":"post_tag","embeddable":true,"href":"https:\/\/mitsp.org\/2020\/wp-json\/wp\/v2\/tags?post=6207"},{"taxonomy":"yst_prominent_words","embeddable":true,"href":"https:\/\/mitsp.org\/2020\/wp-json\/wp\/v2\/yst_prominent_words?post=6207"}],"curies":[{"name":"wp","href":"https:\/\/api.w.org\/{rel}","templated":true}]}}