{"id":6196,"date":"2020-02-03T10:44:25","date_gmt":"2020-02-03T13:44:25","guid":{"rendered":"https:\/\/mitsp.org\/2020\/?p=6196"},"modified":"2020-03-14T13:24:35","modified_gmt":"2020-03-14T16:24:35","slug":"cena-contemporanea-panoramas-criticos","status":"publish","type":"post","link":"https:\/\/mitsp.org\/2020\/cena-contemporanea-panoramas-criticos\/","title":{"rendered":"Cena Contempor\u00e2nea: Panoramas Cr\u00edticos"},"content":{"rendered":"<h6><strong>Pr\u00e1tica da Cr\u00edtica<\/strong><\/h6>\n<p><img class=\"size-fusion-400 wp-image-2827 alignright\" src=\"https:\/\/mitsp.org\/2020\/wp-content\/uploads\/2019\/02\/panoramas-criticos-400x266.jpg\" alt=\"Panoramas Cr\u00edticos\" width=\"400\" height=\"266\" srcset=\"https:\/\/mitsp.org\/2020\/wp-content\/uploads\/2019\/02\/panoramas-criticos-200x133.jpg 200w, https:\/\/mitsp.org\/2020\/wp-content\/uploads\/2019\/02\/panoramas-criticos-300x200.jpg 300w, https:\/\/mitsp.org\/2020\/wp-content\/uploads\/2019\/02\/panoramas-criticos-400x266.jpg 400w, https:\/\/mitsp.org\/2020\/wp-content\/uploads\/2019\/02\/panoramas-criticos-600x399.jpg 600w, https:\/\/mitsp.org\/2020\/wp-content\/uploads\/2019\/02\/panoramas-criticos-768x511.jpg 768w, https:\/\/mitsp.org\/2020\/wp-content\/uploads\/2019\/02\/panoramas-criticos-800x532.jpg 800w, https:\/\/mitsp.org\/2020\/wp-content\/uploads\/2019\/02\/panoramas-criticos.jpg 900w\" sizes=\"(max-width: 400px) 100vw, 400px\" \/><\/p>\n<h3>CENA CONTEMPOR\u00c2NEA: PANORAMAS CR\u00cdTICOS<\/h3>\n<p><span style=\"font-weight: 400;\">Os cr\u00edticos convidados \u00e0 Resid\u00eancia Pr\u00e1tica da Cr\u00edtica debater\u00e3o o conjunto de espet\u00e1culos apresentados na MITsp, sua repercuss\u00e3o e as quest\u00f5es sobre a cena teatral contempor\u00e2nea suscitada por estes trabalhos.<\/span><\/p>\n<p><strong>Atividade gratuita e aberta ao p\u00fablico.<\/strong><\/p>\n<p><img class=\"alignnone size-full wp-image-6103\" src=\"https:\/\/mitsp.org\/2020\/wp-content\/uploads\/2020\/02\/divider-olhares-criticos.jpg\" alt=\"\" width=\"300\" height=\"8\" srcset=\"https:\/\/mitsp.org\/2020\/wp-content\/uploads\/2020\/02\/divider-olhares-criticos-200x5.jpg 200w, https:\/\/mitsp.org\/2020\/wp-content\/uploads\/2020\/02\/divider-olhares-criticos.jpg 300w\" sizes=\"(max-width: 300px) 100vw, 300px\" \/><\/p>\n<h3>Debate 1<\/h3>\n<h4><span style=\"color: #e38f27;\">Quando<\/span><\/h4>\n<p>8 de mar\u00e7o, das 13h30 \u00e0s 15h30<\/p>\n<h4><span style=\"color: #e38f27;\">Onde<\/span><\/h4>\n<p>Ita\u00fa Cultural, Sala Vermelha<\/p>\n<h3>Debate 2<\/h3>\n<h4><span style=\"color: #e38f27;\">Quando<\/span><\/h4>\n<p>15 de mar\u00e7o, das 16h30 \u00e0s 18h30<\/p>\n<h4><span style=\"color: #e38f27;\">Onde<\/span><\/h4>\n<p><a href=\"https:\/\/goo.gl\/maps\/1TY3EeJW9mKejwGV9\"><strong>Oficina Cultural Oswald de Andrade<\/strong><\/a><\/p>\n<div class=\"fusion-widget-area fusion-widget-area-1 fusion-content-widget-area\"><style type=\"text\/css\">.fusion-widget-area-1 {padding:0px 0px 0px 0px;}.fusion-widget-area-1 .widget h4 {color:#333333;}.fusion-widget-area-1 .widget .heading h4 {color:#333333;}.fusion-widget-area-1 .widget h4 {font-size:20px;}.fusion-widget-area-1 .widget .heading h4 {font-size:20px;}<\/style><div id=\"text-6\" class=\"widget widget_text\">\t\t\t<div class=\"textwidget\"><p><div class=\"fusion-fullwidth fullwidth-box fusion-builder-row-118 fusion-parallax-fixed nonhundred-percent-fullwidth non-hundred-percent-height-scrolling\" style=\"background-color: rgba(255,255,255,0);background-image: url(&quot;https:\/\/mitsp.org\/2020\/wp-content\/uploads\/2020\/01\/footer-eixos4.png&quot;);background-position: center center;background-repeat: no-repeat;padding-top:130px;padding-right:0px;padding-bottom:130px;padding-left:0px;margin-bottom: 0px;margin-top: 0px;border-width: 0px 0px 0px 0px;border-color:#eae9e9;border-style:solid;-webkit-background-size:cover;-moz-background-size:cover;-o-background-size:cover;background-size:cover;background-attachment:fixed;\" ><\/div><div class=\"fusion-fullwidth fullwidth-box fusion-builder-row-119 hundred-percent-fullwidth non-hundred-percent-height-scrolling\" style=\"background-color: rgba(255,255,255,0);background-position: center center;background-repeat: no-repeat;padding-top:0px;padding-right:0px;padding-bottom:0px;padding-left:0px;margin-bottom: 0px;margin-top: 0px;border-width: 0px 0px 0px 0px;border-color:#eae9e9;border-style:solid;\" ><div class=\"fusion-builder-row fusion-row\"><div class=\"fusion-layout-column fusion_builder_column fusion-builder-column-209 fusion_builder_column_1_1 1_1 fusion-one-full fusion-column-first fusion-column-last\" style=\"margin-top:0px;margin-bottom:20px;\"><div class=\"fusion-column-wrapper fusion-flex-column-wrapper-legacy\" style=\"background-position:left top;background-repeat:no-repeat;-webkit-background-size:cover;-moz-background-size:cover;-o-background-size:cover;background-size:cover;border-bottom:12px solid #e38f27;padding: 0px 0px 0px 0px;\"><div class=\"fusion-clearfix\"><\/div><\/div><\/div><\/div><\/div><\/p>\n<\/div>\n\t\t<\/div><div class=\"fusion-additional-widget-content\"><\/div><\/div>\n","protected":false},"excerpt":{"rendered":"<p>Pr\u00e1tica da Cr\u00edtica CENA CONTEMPOR\u00c2NEA: PANORAMAS CR\u00cdTICOS Os cr\u00edticos convidados \u00e0 Resid\u00eancia Pr\u00e1tica da Cr\u00edtica [&hellip;]<\/p>\n","protected":false},"author":6,"featured_media":2827,"comment_status":"closed","ping_status":"open","sticky":false,"template":"","format":"standard","meta":{"_links_to":"","_links_to_target":""},"categories":[4,35],"tags":[],"yst_prominent_words":[],"acf":{"synopsis":"","age_restriction":"0","duration":"","director":"","teaser_url":"","payment_type":"free","purchase_url":"","places":[{"place":false,"region":"1","date":"2020-03-08 13:30:00"},{"place":false,"region":"1","date":"2020-03-15 16:30:00"}],"activities":"","payment_info":"","live":false},"_links":{"self":[{"href":"https:\/\/mitsp.org\/2020\/wp-json\/wp\/v2\/posts\/6196"}],"collection":[{"href":"https:\/\/mitsp.org\/2020\/wp-json\/wp\/v2\/posts"}],"about":[{"href":"https:\/\/mitsp.org\/2020\/wp-json\/wp\/v2\/types\/post"}],"author":[{"embeddable":true,"href":"https:\/\/mitsp.org\/2020\/wp-json\/wp\/v2\/users\/6"}],"replies":[{"embeddable":true,"href":"https:\/\/mitsp.org\/2020\/wp-json\/wp\/v2\/comments?post=6196"}],"version-history":[{"count":0,"href":"https:\/\/mitsp.org\/2020\/wp-json\/wp\/v2\/posts\/6196\/revisions"}],"wp:featuredmedia":[{"embeddable":true,"href":"https:\/\/mitsp.org\/2020\/wp-json\/wp\/v2\/media\/2827"}],"wp:attachment":[{"href":"https:\/\/mitsp.org\/2020\/wp-json\/wp\/v2\/media?parent=6196"}],"wp:term":[{"taxonomy":"category","embeddable":true,"href":"https:\/\/mitsp.org\/2020\/wp-json\/wp\/v2\/categories?post=6196"},{"taxonomy":"post_tag","embeddable":true,"href":"https:\/\/mitsp.org\/2020\/wp-json\/wp\/v2\/tags?post=6196"},{"taxonomy":"yst_prominent_words","embeddable":true,"href":"https:\/\/mitsp.org\/2020\/wp-json\/wp\/v2\/yst_prominent_words?post=6196"}],"curies":[{"name":"wp","href":"https:\/\/api.w.org\/{rel}","templated":true}]}}