{"id":6156,"date":"2020-01-29T14:25:29","date_gmt":"2020-01-29T17:25:29","guid":{"rendered":"https:\/\/mitsp.org\/2020\/?p=6156"},"modified":"2020-02-19T05:40:54","modified_gmt":"2020-02-19T08:40:54","slug":"meia-noite","status":"publish","type":"post","link":"https:\/\/mitsp.org\/2020\/meia-noite\/","title":{"rendered":"MEIA NOITE"},"content":{"rendered":"<p><div class=\"fusion-fullwidth fullwidth-box fusion-builder-row-1 nonhundred-percent-fullwidth non-hundred-percent-height-scrolling\" style=\"background-color: rgba(255,255,255,0);background-position: center center;background-repeat: no-repeat;padding-top:0px;padding-right:0px;padding-bottom:0px;padding-left:0px;margin-bottom: 0px;margin-top: 0px;border-width: 0px 0px 0px 0px;border-color:#eae9e9;border-style:solid;\" ><div class=\"fusion-builder-row fusion-row\"><div class=\"fusion-layout-column fusion_builder_column fusion-builder-column-0 fusion_builder_column_1_1 1_1 fusion-one-full fusion-column-first fusion-column-last\" style=\"margin-top:0px;margin-bottom:20px;\"><div class=\"fusion-column-wrapper fusion-flex-column-wrapper-legacy\" style=\"background-position:left top;background-repeat:no-repeat;-webkit-background-size:cover;-moz-background-size:cover;-o-background-size:cover;background-size:cover;padding: 0px 0px 0px 0px;\"><div class=\"fusion-text fusion-text-1\"><h2>MEIA NOITE<\/h2>\n<div class=\"fusion-sep-clear\"><\/div><div class=\"fusion-separator fusion-full-width-sep\" style=\"margin-left: auto;margin-right: auto;margin-bottom:-30px;width:100%;\"><\/div><div class=\"fusion-sep-clear\"><\/div>\n<h4><strong>DIRE\u00c7\u00c3O<\/strong><strong>: <b>Orun Santana<\/b><\/strong><\/h4>\n<p><span style=\"font-weight: 400;\">RECIFE\/PE, 2018<\/span>| <span style=\"font-weight: 400;\">60min<\/span><span style=\"font-weight: 400;\">\u00a0<\/span>| Classifica\u00e7\u00e3o indicativa: <span style=\"font-weight: 400;\">Livre<\/span><\/p>\n<\/div><div class=\"fusion-clearfix\"><\/div><\/div><\/div><div class=\"fusion-layout-column fusion_builder_column fusion-builder-column-1 fusion_builder_column_1_1 1_1 fusion-one-full fusion-column-first fusion-column-last fusion-column-no-min-height\" style=\"margin-top:0px;margin-bottom:20px;\"><div class=\"fusion-column-wrapper fusion-flex-column-wrapper-legacy\" style=\"background-position:left top;background-repeat:no-repeat;-webkit-background-size:cover;-moz-background-size:cover;-o-background-size:cover;background-size:cover;padding: 0px 0px 0px 0px;\"><div class=\"fusion-text fusion-text-2\"><h6 style=\"text-align: right;\"><img class=\"alignnone size-full wp-image-6059\" src=\"https:\/\/mitsp.org\/2020\/wp-content\/uploads\/2020\/02\/Meia-Noite_cred-Livia-Neves.jpg\" alt=\"Meia Noite \u00a9Livia Neves\" width=\"1200\" height=\"700\" srcset=\"https:\/\/mitsp.org\/2020\/wp-content\/uploads\/2020\/02\/Meia-Noite_cred-Livia-Neves-200x117.jpg 200w, https:\/\/mitsp.org\/2020\/wp-content\/uploads\/2020\/02\/Meia-Noite_cred-Livia-Neves-300x175.jpg 300w, https:\/\/mitsp.org\/2020\/wp-content\/uploads\/2020\/02\/Meia-Noite_cred-Livia-Neves-400x233.jpg 400w, https:\/\/mitsp.org\/2020\/wp-content\/uploads\/2020\/02\/Meia-Noite_cred-Livia-Neves-600x350.jpg 600w, https:\/\/mitsp.org\/2020\/wp-content\/uploads\/2020\/02\/Meia-Noite_cred-Livia-Neves-768x448.jpg 768w, https:\/\/mitsp.org\/2020\/wp-content\/uploads\/2020\/02\/Meia-Noite_cred-Livia-Neves-800x467.jpg 800w, https:\/\/mitsp.org\/2020\/wp-content\/uploads\/2020\/02\/Meia-Noite_cred-Livia-Neves-1024x597.jpg 1024w, https:\/\/mitsp.org\/2020\/wp-content\/uploads\/2020\/02\/Meia-Noite_cred-Livia-Neves.jpg 1200w\" sizes=\"(max-width: 1200px) 100vw, 1200px\" \/><br \/>\n\u00a9Livia Neves<\/h6>\n<\/div><div class=\"fusion-clearfix\"><\/div><\/div><\/div><\/div><\/div><div class=\"fusion-fullwidth fullwidth-box fusion-builder-row-2 nonhundred-percent-fullwidth non-hundred-percent-height-scrolling\" style=\"background-color: rgba(255,255,255,0);background-position: center center;background-repeat: no-repeat;padding-top:0px;padding-right:0px;padding-bottom:0px;padding-left:0px;margin-bottom: 0px;margin-top: 0px;border-width: 0px 0px 0px 0px;border-color:#eae9e9;border-style:solid;\" ><div class=\"fusion-builder-row fusion-row\"><div class=\"fusion-layout-column fusion_builder_column fusion-builder-column-2 fusion_builder_column_1_2 1_2 fusion-one-half fusion-column-first\" style=\"width:50%;width:calc(50% - ( ( 4% ) * 0.5 ) );margin-right: 4%;margin-top:-20px;margin-bottom:20px;\"><div class=\"fusion-column-wrapper fusion-flex-column-wrapper-legacy\" style=\"background-position:left top;background-repeat:no-repeat;-webkit-background-size:cover;-moz-background-size:cover;-o-background-size:cover;background-size:cover;padding: 0px 0px 0px 0px;\"><div class=\"fusion-text fusion-text-3\"><h3>11\/3, \u00e0s 21h<br \/>\n12\/3, \u00e0s 16h<\/h3>\n<h4><strong>LOCAL: <a href=\"https:\/\/goo.gl\/maps\/c2o32QqXAUQC1YZc9\" target=\"_blank\" rel=\"noopener noreferrer\">Teatro Alfredo Mesquita<\/a><\/strong><\/h4>\n<\/div><div class=\"fusion-clearfix\"><\/div><\/div><\/div><div class=\"fusion-layout-column fusion_builder_column fusion-builder-column-3 fusion_builder_column_1_2 1_2 fusion-one-half fusion-column-last bt-hide\" style=\"width:50%;width:calc(50% - ( ( 4% ) * 0.5 ) );margin-top:0px;margin-bottom:20px;\"><div class=\"fusion-column-wrapper fusion-flex-column-wrapper-legacy\" style=\"background-position:left top;background-repeat:no-repeat;-webkit-background-size:cover;-moz-background-size:cover;-o-background-size:cover;background-size:cover;padding: 0px 0px 0px 0px;\"><div class=\"fusion-align-block\"><style>.fusion-body .fusion-button.button-1{border-color:#ffffff;border-radius:0px 0px 0px 0px;background:#81675b;}.fusion-body .fusion-button.button-1 .fusion-button-text,.fusion-body .fusion-button.button-1 i,.fusion-body .fusion-button.button-1:hover .fusion-button-text,.fusion-body .fusion-button.button-1:hover i,.fusion-body .fusion-button.button-1:focus .fusion-button-text,.fusion-body .fusion-button.button-1:focus i,.fusion-body .fusion-button.button-1:active .fusion-button-text,.fusion-body .fusion-button.button-1:active i{color:#ffffff;}.fusion-body .fusion-button.button-1:hover,.fusion-body .fusion-button.button-1:active,.fusion-body .fusion-button.button-1:focus{border-color:#ffffff;background:#81675b;}<\/style><a class=\"fusion-button button-flat button-xlarge button-custom button-1 fusion-button-span-yes fusion-button-default-type\" target=\"_blank\" rel=\"noopener noreferrer\" href=\"https:\/\/bileto.sympla.com.br\/event\/64584\/d\/82868\/s\/430820\"><span class=\"fusion-button-text\">Adquira seu ingresso<\/span><\/a><\/div><div class=\"fusion-clearfix\"><\/div><\/div><\/div><\/div><\/div><div class=\"fusion-fullwidth fullwidth-box fusion-builder-row-3 nonhundred-percent-fullwidth non-hundred-percent-height-scrolling fusion-equal-height-columns\" style=\"background-color: rgba(255,255,255,0);background-position: center center;background-repeat: no-repeat;padding-top:0px;padding-right:0px;padding-bottom:0px;padding-left:0px;margin-bottom: 0px;margin-top: 60px;border-width: 0px 0px 0px 0px;border-color:#eae9e9;border-style:solid;\" ><div class=\"fusion-builder-row fusion-row\"><div class=\"fusion-layout-column fusion_builder_column fusion-builder-column-4 fusion_builder_column_1_1 1_1 fusion-one-full fusion-column-first fusion-column-last\" style=\"margin-top:0px;margin-bottom:20px;\"><div class=\"fusion-column-wrapper fusion-flex-column-wrapper-legacy\" style=\"background-position:left top;background-repeat:no-repeat;-webkit-background-size:cover;-moz-background-size:cover;-o-background-size:cover;background-size:cover;background-color:#515151;padding: 0px 0px 0px 0px;\"><div class=\"fusion-column-content-centered\"><div class=\"fusion-column-content\"><div class=\"fusion-align-block\"><style>.fusion-body .fusion-button.button-2 .fusion-button-text{color:#ffffff;text-transform:uppercase;}.fusion-body .fusion-button.button-2{border-color:#ffffff;border-radius:0px 0px 0px 0px;background:#515151;}.fusion-body .fusion-button.button-2 i,.fusion-body .fusion-button.button-2:hover .fusion-button-text,.fusion-body .fusion-button.button-2:hover i,.fusion-body .fusion-button.button-2:focus .fusion-button-text,.fusion-body .fusion-button.button-2:focus i,.fusion-body .fusion-button.button-2:active .fusion-button-text,.fusion-body .fusion-button.button-2:active i{color:#ffffff;}.fusion-body .fusion-button.button-2:hover,.fusion-body .fusion-button.button-2:active,.fusion-body .fusion-button.button-2:focus{border-color:#ffffff;background:#3f3f3f;}<\/style><a class=\"fusion-button button-flat button-large button-custom button-2 fusion-button-span-yes fusion-button-default-type\" target=\"_blank\" rel=\"noopener noreferrer\" href=\"https:\/\/mitsp.org\/2020\/pensamento-em-processo\/\"><span class=\"fusion-button-text\">Pensamento em processo<\/span><\/a><\/div><\/div><\/div><div class=\"fusion-clearfix\"><\/div><\/div><\/div><\/div><\/div><div class=\"fusion-fullwidth fullwidth-box fusion-builder-row-4 nonhundred-percent-fullwidth non-hundred-percent-height-scrolling fusion-equal-height-columns\" style=\"background-color: rgba(255,255,255,0);background-position: center center;background-repeat: no-repeat;padding-top:0px;padding-right:0px;padding-bottom:0px;padding-left:0px;margin-bottom: 60px;margin-top: 60px;border-width: 0px 0px 0px 0px;border-color:#eae9e9;border-style:solid;\" ><div class=\"fusion-builder-row fusion-row\"><div class=\"fusion-layout-column fusion_builder_column fusion-builder-column-5 fusion_builder_column_4_5 4_5 fusion-four-fifth fusion-column-first\" style=\"width:80%;width:calc(80% - ( ( 30px ) * 0.8 ) );margin-right: 30px;margin-top:0px;margin-bottom:20px;\"><div class=\"fusion-column-wrapper fusion-flex-column-wrapper-legacy\" style=\"background-position:left top;background-repeat:no-repeat;-webkit-background-size:cover;-moz-background-size:cover;-o-background-size:cover;background-size:cover;padding: 0px 0px 0px 0px;\"><div class=\"fusion-text fusion-text-4\"><p style=\"padding-left: 120px;\"><img class=\"alignleft wp-image-2608\" title=\"Sinopse\" src=\"https:\/\/mitsp.org\/2019\/wp-content\/uploads\/2019\/02\/tit-sinopse-71x300.jpg\" alt=\"Sinopse\" width=\"58\" height=\"245\" \/><\/p>\n<p><span style=\"font-weight: 400;\">No espet\u00e1culo, a capoeira \u00e9 tratada como elemento criador e motivador do movimento e tamb\u00e9m como um ponto de partida para se pensar a mem\u00f3<\/span><span style=\"font-weight: 400;\">ria do corpo negro que dan\u00e7a. Para tanto, o bailarino Orun Santana se inspira na viv\u00eancia com seu pai, o mestre Meia-Noite, cofundador do Centro de Educa\u00e7\u00e3o e cultura Daru\u00ea Malungo, na periferia do Recife, espa\u00e7o onde o int\u00e9rprete cresceu e onde desenvolve trabalhos. Em cena, Santana faz um paralelo entre dois universos. Um, pessoal, de sua rela\u00e7\u00e3o familiar, entre pai e filho, mestre e disc\u00edpulo. Outro, social e cu<\/span><span style=\"font-weight: 400;\">ltural, dos movimentos e do imagin\u00e1rio pol\u00edtico-po\u00e9tico do corpo negro na cena. Dessa forma, o int\u00e9rprete costura imagens e mem\u00f3rias da dan\u00e7a negra, de dan\u00e7as populares do Nordeste e do corpo brincante, assim como aspectos de sua pr\u00f3pria ancestralidade.<\/span><\/p>\n<\/div><div class=\"fusion-sep-clear\"><\/div><div class=\"fusion-separator fusion-full-width-sep\" style=\"margin-left: auto;margin-right: auto;margin-top:60px;width:100%;\"><\/div><div class=\"fusion-sep-clear\"><\/div><div class=\"fusion-video fusion-youtube\" style=\"max-width:900px;max-height:480px;\"><div class=\"video-shortcode\"><iframe title=\"YouTube video player 1\" src=\"https:\/\/www.youtube.com\/embed\/Wxiq36wDn24?wmode=transparent&autoplay=0\" width=\"900\" height=\"480\" allowfullscreen allow=\"autoplay; fullscreen\"><\/iframe><\/div><\/div><div class=\"fusion-sep-clear\"><\/div><div class=\"fusion-separator fusion-full-width-sep\" style=\"margin-left: auto;margin-right: auto;margin-top:60px;width:100%;\"><\/div><div class=\"fusion-sep-clear\"><\/div><div class=\"fusion-text fusion-text-5\"><p style=\"padding-left: 120px;\"><img class=\"alignleft wp-image-2607\" title=\"Hist\u00f3rico\" src=\"https:\/\/mitsp.org\/2019\/wp-content\/uploads\/2019\/02\/tit-historico.jpg\" alt=\"Hist\u00f3rico\" width=\"53\" height=\"273\" \/><\/p>\n<p><span style=\"font-weight: 400;\">Orun Santana \u00e9 bailarino, capoeirista, professor, pesquisador em dan\u00e7a e cultura afro do Recife. Formado pelo Centro de Educa\u00e7\u00e3o e Cultura Daru\u00ea Malungo, pelos mestres Meia-Noite e Vilma Carij\u00f3s, o artista \u00e9 brincador da cultura popular e faz das viv\u00eancias com as dan\u00e7as e brinquedos o seu lugar de pesquisa corporal e de investiga\u00e7\u00f5es art\u00edstica para a cena. Ao longo de sua carreira, Santan<\/span><span style=\"font-weight: 400;\">a passou pelo Grupo Grial, pela Compassos Cia. de Dan\u00e7as e pela Cl\u00e1udio Lacerda Dan\u00e7a Amorfa. Atualmente, \u00e9 diretor art\u00edstico da Cia. De Dan\u00e7a Daru\u00ea Malungo. De sua pesquisa Jogar a Dan\u00e7a &#8211; Corpo, Imagem e Ancestralidade Negra na Cena nasceu o espet\u00e1culo <\/span><i><span style=\"font-weight: 400;\">Meia Noite<\/span><\/i><span style=\"font-weight: 400;\">, com o qual recebeu o pr\u00eamio de melhor bailarino no festival Janeiro de Grandes Espet\u00e1culos (PE).<\/span><\/p>\n<\/div><div class=\"fusion-sep-clear\"><\/div><div class=\"fusion-separator fusion-full-width-sep\" style=\"margin-left: auto;margin-right: auto;margin-top:30px;width:100%;\"><\/div><div class=\"fusion-sep-clear\"><\/div><div class=\"fusion-text fusion-text-6\"><h2 style=\"text-align: right;\"><span style=\"font-size: 44px; color: #000000;\">CR\u00cdTICAS<\/span><\/h2>\n<p><em><span style=\"font-weight: 400;\">Orun dan\u00e7a com gestos femininos arrebatadores. Joga a cabe\u00e7a para os lados, os cabelos aspergem a \u00e1gua que se guardaram neles, uma fonte inesgot\u00e1vel. No lugar dos len\u00e7os transparentes, uma masculina cal\u00e7a de capoeirista, branca, engomada, de linhagem. Depois, ele veste uma camisa branca imaculada. Gestos de sacerdote iniciado nos mist\u00e9rios.<\/span><\/em><\/p>\n<p><strong><a href=\"https:\/\/www.revistacontinente.com.br\/secoes\/entremez\/orun-santana-danca-meia-noite\">RONALDO CORREIA DE BRITO, Revista Continente<\/a><\/strong><\/p>\n<\/div><div class=\"fusion-sep-clear\"><\/div><div class=\"fusion-separator fusion-full-width-sep\" style=\"margin-left: auto;margin-right: auto;margin-top:60px;width:100%;\"><\/div><div class=\"fusion-sep-clear\"><\/div><div class=\"fusion-text fusion-text-7\"><p><img class=\"alignnone wp-image-3067\" src=\"https:\/\/mitsp.org\/2019\/wp-content\/uploads\/2019\/02\/titficha-tecnica.jpg\" alt=\"Ficha T\u00e9cnica\" width=\"320\" height=\"46\" \/><\/p>\n<p><strong>INT\u00c9RPRETE-CRIADOR E DIRETOR:<\/strong> Orun Santana<br \/>\n<strong>CONSULTORIA ART\u00cdSTICA:<\/strong> Gabriela Santana<br \/>\n<strong>ASSISTENTE DE DIRE\u00c7\u00c3O:<\/strong> Domingos J\u00fanior<br \/>\n<strong>TRILHA SONORA:<\/strong> Vitor Maia<br \/>\n<strong>ILUMINA\u00c7\u00c3O:<\/strong> Natalie Revor\u00eado<br \/>\n<strong>CENOGRAFIA E FIGURINO:<\/strong> Victor Lima<br \/>\n<strong>PRODU\u00c7\u00c3O:<\/strong> Danilo Carias (Criativo Solu\u00e7\u00f5es)<\/p>\n<\/div><div class=\"fusion-clearfix\"><\/div><\/div><\/div><div class=\"fusion-layout-column fusion_builder_column fusion-builder-column-6 fusion_builder_column_1_5 1_5 fusion-one-fifth fusion-column-last hide\" style=\"width:20%;width:calc(20% - ( ( 30px ) * 0.2 ) );margin-top:0px;margin-bottom:20px;\"><div class=\"fusion-column-wrapper fusion-flex-column-wrapper-legacy\" style=\"background-position:left top;background-repeat:no-repeat;-webkit-background-size:cover;-moz-background-size:cover;-o-background-size:cover;background-size:cover;border-left:3px solid #cfc3bd;padding: 0px 0px 0px 30px;\"><div class=\"fusion-align-block\"><style>.fusion-body .fusion-button.button-3{border-color:#ffffff;border-radius:0px 0px 0px 0px;background:#81675b;}.fusion-body .fusion-button.button-3 .fusion-button-text,.fusion-body .fusion-button.button-3 i,.fusion-body .fusion-button.button-3:hover .fusion-button-text,.fusion-body .fusion-button.button-3:hover i,.fusion-body .fusion-button.button-3:focus .fusion-button-text,.fusion-body .fusion-button.button-3:focus i,.fusion-body .fusion-button.button-3:active .fusion-button-text,.fusion-body .fusion-button.button-3:active i{color:#ffffff;}.fusion-body .fusion-button.button-3:hover,.fusion-body .fusion-button.button-3:active,.fusion-body .fusion-button.button-3:focus{border-color:#ffffff;background:#81675b;}<\/style><a class=\"fusion-button button-flat button-xlarge button-custom button-3 fusion-button-span-yes fusion-button-default-type\" target=\"_self\"><span class=\"fusion-button-text\">ENTREVISTA<\/span><\/a><\/div><div class=\"fusion-recent-posts fusion-recent-posts-1 avada-container layout-default layout-columns-1\"><section class=\"fusion-columns columns fusion-columns-1 columns-1\"><article class=\"post fusion-column column col col-lg-12 col-md-12 col-sm-12\"><div class=\"fusion-flexslider fusion-flexslider-loading flexslider flexslider-hover-type-none\"><ul class=\"slides\"><li><a href=\"https:\/\/mitsp.org\/2020\/biblioteca-mario-de-andrade-apresenta-cancioneiro-terminal-programacao-da-mitbr-de-2020-em-formato-on-line\/\" aria-label=\"Biblioteca M\u00e1rio de Andrade apresenta Cancioneiro Terminal, programa\u00e7\u00e3o da MITbr de 2020, em formato on-line\" class=\"hover-type-none\"><img width=\"700\" height=\"323\" src=\"https:\/\/mitsp.org\/2020\/wp-content\/uploads\/2020\/06\/cancioneiroterminal-live-1-700x323.jpg\" class=\"attachment-recent-posts size-recent-posts\" alt=\"Cancioneiro Terminal\" \/><\/a><\/li><\/ul><\/div><div class=\"recent-posts-content\"><h4 class=\"\"><a href=\"https:\/\/mitsp.org\/2020\/biblioteca-mario-de-andrade-apresenta-cancioneiro-terminal-programacao-da-mitbr-de-2020-em-formato-on-line\/\">Biblioteca M\u00e1rio de Andrade apresenta Cancioneiro Terminal, programa\u00e7\u00e3o da MITbr de 2020, em formato on-line<\/a><\/h4><p class=\"meta\"><span>10  junho  2020<\/span><span class=\"fusion-inline-sep\">|<\/span><\/p><\/div><\/article><article class=\"post fusion-column column col col-lg-12 col-md-12 col-sm-12\"><div class=\"fusion-flexslider fusion-flexslider-loading flexslider flexslider-hover-type-none\"><ul class=\"slides\"><li><a href=\"https:\/\/mitsp.org\/2020\/escuta-das-historias-vozes-silencios-e-lutas-em-paisagens-sonoras-por-wellington-junior\/\" aria-label=\"A escuta das hist\u00f3rias: vozes, sil\u00eancios e lutas em paisagens sonoras por Wellington J\u00fanior\" class=\"hover-type-none\"><img width=\"700\" height=\"441\" src=\"https:\/\/mitsp.org\/2020\/wp-content\/uploads\/2020\/03\/49628571918_8386e0ec86_o-700x441.jpg\" class=\"attachment-recent-posts size-recent-posts\" alt=\"S\u00e1bado Descontra\u00eddo @Guto Muniz\" srcset=\"https:\/\/mitsp.org\/2020\/wp-content\/uploads\/2020\/03\/49628571918_8386e0ec86_o-320x202.jpg 320w, https:\/\/mitsp.org\/2020\/wp-content\/uploads\/2020\/03\/49628571918_8386e0ec86_o-700x441.jpg 700w\" sizes=\"(max-width: 700px) 100vw, 700px\" \/><\/a><\/li><\/ul><\/div><div class=\"recent-posts-content\"><h4 class=\"\"><a href=\"https:\/\/mitsp.org\/2020\/escuta-das-historias-vozes-silencios-e-lutas-em-paisagens-sonoras-por-wellington-junior\/\">A escuta das hist\u00f3rias: vozes, sil\u00eancios e lutas em paisagens sonoras  <h6>por Wellington J\u00fanior<\/h6><\/a><\/h4><p class=\"meta\"><span>3  junho  2020<\/span><span class=\"fusion-inline-sep\">|<\/span><\/p><\/div><\/article><article class=\"post fusion-column column col col-lg-12 col-md-12 col-sm-12\"><div class=\"fusion-flexslider fusion-flexslider-loading flexslider flexslider-hover-type-none\"><ul class=\"slides\"><li><a href=\"https:\/\/mitsp.org\/2020\/centro-cultural-fiesp-exibe-na-integra-em-suas-redes-sociais-o-espetaculo-portugues-sopro-programado-pela-mitsp-de-2020\/\" aria-label=\"Centro Cultural Fiesp exibe na \u00edntegra, em suas redes sociais, o espet\u00e1culo portugu\u00eas Sopro, programado pela MITsp de 2020\" class=\"hover-type-none\"><img width=\"700\" height=\"258\" src=\"https:\/\/mitsp.org\/2020\/wp-content\/uploads\/2020\/05\/banner-sopro-ao-vivo-700x258.jpg\" class=\"attachment-recent-posts size-recent-posts\" alt=\"Sopro\" \/><\/a><\/li><\/ul><\/div><div class=\"recent-posts-content\"><h4 class=\"\"><a href=\"https:\/\/mitsp.org\/2020\/centro-cultural-fiesp-exibe-na-integra-em-suas-redes-sociais-o-espetaculo-portugues-sopro-programado-pela-mitsp-de-2020\/\">Centro Cultural Fiesp exibe na \u00edntegra, em suas redes sociais, o espet\u00e1culo portugu\u00eas Sopro, programado pela MITsp de 2020<\/a><\/h4><p class=\"meta\"><span>30  maio  2020<\/span><span class=\"fusion-inline-sep\">|<\/span><\/p><\/div><\/article><article class=\"post fusion-column column col col-lg-12 col-md-12 col-sm-12\"><div class=\"fusion-flexslider fusion-flexslider-loading flexslider flexslider-hover-type-none\"><ul class=\"slides\"><li><a href=\"https:\/\/mitsp.org\/2020\/teatro-ensino-e-aprendizagem-por-renan-ji\/\" aria-label=\"Teatro, ensino e aprendizagem por Renan Ji\" class=\"hover-type-none\"><img width=\"700\" height=\"441\" src=\"https:\/\/mitsp.org\/2020\/wp-content\/uploads\/2020\/03\/49647576031_63ca927b44_o-700x441.jpg\" class=\"attachment-recent-posts size-recent-posts\" alt=\"By Heart @Guto Muniz\" srcset=\"https:\/\/mitsp.org\/2020\/wp-content\/uploads\/2020\/03\/49647576031_63ca927b44_o-320x202.jpg 320w, https:\/\/mitsp.org\/2020\/wp-content\/uploads\/2020\/03\/49647576031_63ca927b44_o-700x441.jpg 700w\" sizes=\"(max-width: 700px) 100vw, 700px\" \/><\/a><\/li><\/ul><\/div><div class=\"recent-posts-content\"><h4 class=\"\"><a href=\"https:\/\/mitsp.org\/2020\/teatro-ensino-e-aprendizagem-por-renan-ji\/\">Teatro, ensino e aprendizagem  <h6>por Renan Ji<\/h6><\/a><\/h4><p class=\"meta\"><span>25  maio  2020<\/span><span class=\"fusion-inline-sep\">|<\/span><\/p><\/div><\/article><article class=\"post fusion-column column col col-lg-12 col-md-12 col-sm-12\"><div class=\"fusion-flexslider fusion-flexslider-loading flexslider flexslider-hover-type-none\"><ul class=\"slides\"><li><a href=\"https:\/\/mitsp.org\/2020\/quando-voltaremos-respirar-juntos-por-clovis-domingos\/\" aria-label=\"Quando voltaremos a respirar juntos? por Cl\u00f3vis Domingos\" class=\"hover-type-none\"><img width=\"700\" height=\"441\" src=\"https:\/\/mitsp.org\/2020\/wp-content\/uploads\/2020\/03\/49633008737_2c9fe3a1ca_o-700x441.jpg\" class=\"attachment-recent-posts size-recent-posts\" alt=\"O que Fazer Daqui para Tr\u00e1s @Guto Muniz\" srcset=\"https:\/\/mitsp.org\/2020\/wp-content\/uploads\/2020\/03\/49633008737_2c9fe3a1ca_o-320x202.jpg 320w, https:\/\/mitsp.org\/2020\/wp-content\/uploads\/2020\/03\/49633008737_2c9fe3a1ca_o-700x441.jpg 700w\" sizes=\"(max-width: 700px) 100vw, 700px\" \/><\/a><\/li><\/ul><\/div><div class=\"recent-posts-content\"><h4 class=\"\"><a href=\"https:\/\/mitsp.org\/2020\/quando-voltaremos-respirar-juntos-por-clovis-domingos\/\">Quando voltaremos a respirar juntos?  <h6>por Cl\u00f3vis Domingos<\/h6><\/a><\/h4><p class=\"meta\"><span>25  maio  2020<\/span><span class=\"fusion-inline-sep\">|<\/span><\/p><\/div><\/article><article class=\"post fusion-column column col col-lg-12 col-md-12 col-sm-12\"><div class=\"fusion-flexslider fusion-flexslider-loading flexslider flexslider-hover-type-none\"><ul class=\"slides\"><li><a href=\"https:\/\/mitsp.org\/2020\/mitsp-apresenta-espetaculos-da-mitbr-em-formato-online\/\" aria-label=\"MITsp apresenta espet\u00e1culos da MITbr em formato online\" class=\"hover-type-none\"><img width=\"700\" height=\"323\" src=\"https:\/\/mitsp.org\/2020\/wp-content\/uploads\/2020\/05\/banner-mitbr-ao-vivo02-700x323.jpg\" class=\"attachment-recent-posts size-recent-posts\" alt=\"\" \/><\/a><\/li><\/ul><\/div><div class=\"recent-posts-content\"><h4 class=\"\"><a href=\"https:\/\/mitsp.org\/2020\/mitsp-apresenta-espetaculos-da-mitbr-em-formato-online\/\">MITsp apresenta espet\u00e1culos da MITbr em formato online<\/a><\/h4><p class=\"meta\"><span>19  maio  2020<\/span><span class=\"fusion-inline-sep\">|<\/span><\/p><\/div><\/article><\/section><\/div><div class=\"fusion-align-block\"><style>.fusion-body .fusion-button.button-4{border-color:#ffffff;border-radius:0px 0px 0px 0px;background:#81675b;}.fusion-body .fusion-button.button-4 .fusion-button-text,.fusion-body .fusion-button.button-4 i,.fusion-body .fusion-button.button-4:hover .fusion-button-text,.fusion-body .fusion-button.button-4:hover i,.fusion-body .fusion-button.button-4:focus .fusion-button-text,.fusion-body .fusion-button.button-4:focus i,.fusion-body .fusion-button.button-4:active .fusion-button-text,.fusion-body .fusion-button.button-4:active i{color:#ffffff;}.fusion-body .fusion-button.button-4:hover,.fusion-body .fusion-button.button-4:active,.fusion-body .fusion-button.button-4:focus{border-color:#ffffff;background:#81675b;}<\/style><a class=\"fusion-button button-flat button-xlarge button-custom button-4 fusion-button-span-yes fusion-button-default-type\" target=\"_self\"><span class=\"fusion-button-text\">Cr\u00edticas<\/span><\/a><\/div><div class=\"fusion-recent-posts fusion-recent-posts-2 avada-container layout-default layout-columns-1\"><section class=\"fusion-columns columns fusion-columns-1 columns-1\"><article class=\"post fusion-column column col col-lg-12 col-md-12 col-sm-12\"><div class=\"fusion-flexslider fusion-flexslider-loading flexslider flexslider-hover-type-none\"><ul class=\"slides\"><li><a href=\"https:\/\/mitsp.org\/2020\/biblioteca-mario-de-andrade-apresenta-cancioneiro-terminal-programacao-da-mitbr-de-2020-em-formato-on-line\/\" aria-label=\"Biblioteca M\u00e1rio de Andrade apresenta Cancioneiro Terminal, programa\u00e7\u00e3o da MITbr de 2020, em formato on-line\" class=\"hover-type-none\"><img width=\"700\" height=\"323\" src=\"https:\/\/mitsp.org\/2020\/wp-content\/uploads\/2020\/06\/cancioneiroterminal-live-1-700x323.jpg\" class=\"attachment-recent-posts size-recent-posts\" alt=\"Cancioneiro Terminal\" \/><\/a><\/li><\/ul><\/div><div class=\"recent-posts-content\"><h4 class=\"\"><a href=\"https:\/\/mitsp.org\/2020\/biblioteca-mario-de-andrade-apresenta-cancioneiro-terminal-programacao-da-mitbr-de-2020-em-formato-on-line\/\">Biblioteca M\u00e1rio de Andrade apresenta Cancioneiro Terminal, programa\u00e7\u00e3o da MITbr de 2020, em formato on-line<\/a><\/h4><p class=\"meta\"><span>10  junho  2020<\/span><span class=\"fusion-inline-sep\">|<\/span><\/p><\/div><\/article><article class=\"post fusion-column column col col-lg-12 col-md-12 col-sm-12\"><div class=\"fusion-flexslider fusion-flexslider-loading flexslider flexslider-hover-type-none\"><ul class=\"slides\"><li><a href=\"https:\/\/mitsp.org\/2020\/escuta-das-historias-vozes-silencios-e-lutas-em-paisagens-sonoras-por-wellington-junior\/\" aria-label=\"A escuta das hist\u00f3rias: vozes, sil\u00eancios e lutas em paisagens sonoras por Wellington J\u00fanior\" class=\"hover-type-none\"><img width=\"700\" height=\"441\" src=\"https:\/\/mitsp.org\/2020\/wp-content\/uploads\/2020\/03\/49628571918_8386e0ec86_o-700x441.jpg\" class=\"attachment-recent-posts size-recent-posts\" alt=\"S\u00e1bado Descontra\u00eddo @Guto Muniz\" srcset=\"https:\/\/mitsp.org\/2020\/wp-content\/uploads\/2020\/03\/49628571918_8386e0ec86_o-320x202.jpg 320w, https:\/\/mitsp.org\/2020\/wp-content\/uploads\/2020\/03\/49628571918_8386e0ec86_o-700x441.jpg 700w\" sizes=\"(max-width: 700px) 100vw, 700px\" \/><\/a><\/li><\/ul><\/div><div class=\"recent-posts-content\"><h4 class=\"\"><a href=\"https:\/\/mitsp.org\/2020\/escuta-das-historias-vozes-silencios-e-lutas-em-paisagens-sonoras-por-wellington-junior\/\">A escuta das hist\u00f3rias: vozes, sil\u00eancios e lutas em paisagens sonoras  <h6>por Wellington J\u00fanior<\/h6><\/a><\/h4><p class=\"meta\"><span>3  junho  2020<\/span><span class=\"fusion-inline-sep\">|<\/span><\/p><\/div><\/article><article class=\"post fusion-column column col col-lg-12 col-md-12 col-sm-12\"><div class=\"fusion-flexslider fusion-flexslider-loading flexslider flexslider-hover-type-none\"><ul class=\"slides\"><li><a href=\"https:\/\/mitsp.org\/2020\/centro-cultural-fiesp-exibe-na-integra-em-suas-redes-sociais-o-espetaculo-portugues-sopro-programado-pela-mitsp-de-2020\/\" aria-label=\"Centro Cultural Fiesp exibe na \u00edntegra, em suas redes sociais, o espet\u00e1culo portugu\u00eas Sopro, programado pela MITsp de 2020\" class=\"hover-type-none\"><img width=\"700\" height=\"258\" src=\"https:\/\/mitsp.org\/2020\/wp-content\/uploads\/2020\/05\/banner-sopro-ao-vivo-700x258.jpg\" class=\"attachment-recent-posts size-recent-posts\" alt=\"Sopro\" \/><\/a><\/li><\/ul><\/div><div class=\"recent-posts-content\"><h4 class=\"\"><a href=\"https:\/\/mitsp.org\/2020\/centro-cultural-fiesp-exibe-na-integra-em-suas-redes-sociais-o-espetaculo-portugues-sopro-programado-pela-mitsp-de-2020\/\">Centro Cultural Fiesp exibe na \u00edntegra, em suas redes sociais, o espet\u00e1culo portugu\u00eas Sopro, programado pela MITsp de 2020<\/a><\/h4><p class=\"meta\"><span>30  maio  2020<\/span><span class=\"fusion-inline-sep\">|<\/span><\/p><\/div><\/article><article class=\"post fusion-column column col col-lg-12 col-md-12 col-sm-12\"><div class=\"fusion-flexslider fusion-flexslider-loading flexslider flexslider-hover-type-none\"><ul class=\"slides\"><li><a href=\"https:\/\/mitsp.org\/2020\/teatro-ensino-e-aprendizagem-por-renan-ji\/\" aria-label=\"Teatro, ensino e aprendizagem por Renan Ji\" class=\"hover-type-none\"><img width=\"700\" height=\"441\" src=\"https:\/\/mitsp.org\/2020\/wp-content\/uploads\/2020\/03\/49647576031_63ca927b44_o-700x441.jpg\" class=\"attachment-recent-posts size-recent-posts\" alt=\"By Heart @Guto Muniz\" srcset=\"https:\/\/mitsp.org\/2020\/wp-content\/uploads\/2020\/03\/49647576031_63ca927b44_o-320x202.jpg 320w, https:\/\/mitsp.org\/2020\/wp-content\/uploads\/2020\/03\/49647576031_63ca927b44_o-700x441.jpg 700w\" sizes=\"(max-width: 700px) 100vw, 700px\" \/><\/a><\/li><\/ul><\/div><div class=\"recent-posts-content\"><h4 class=\"\"><a href=\"https:\/\/mitsp.org\/2020\/teatro-ensino-e-aprendizagem-por-renan-ji\/\">Teatro, ensino e aprendizagem  <h6>por Renan Ji<\/h6><\/a><\/h4><p class=\"meta\"><span>25  maio  2020<\/span><span class=\"fusion-inline-sep\">|<\/span><\/p><\/div><\/article><article class=\"post fusion-column column col col-lg-12 col-md-12 col-sm-12\"><div class=\"fusion-flexslider fusion-flexslider-loading flexslider flexslider-hover-type-none\"><ul class=\"slides\"><li><a href=\"https:\/\/mitsp.org\/2020\/quando-voltaremos-respirar-juntos-por-clovis-domingos\/\" aria-label=\"Quando voltaremos a respirar juntos? por Cl\u00f3vis Domingos\" class=\"hover-type-none\"><img width=\"700\" height=\"441\" src=\"https:\/\/mitsp.org\/2020\/wp-content\/uploads\/2020\/03\/49633008737_2c9fe3a1ca_o-700x441.jpg\" class=\"attachment-recent-posts size-recent-posts\" alt=\"O que Fazer Daqui para Tr\u00e1s @Guto Muniz\" srcset=\"https:\/\/mitsp.org\/2020\/wp-content\/uploads\/2020\/03\/49633008737_2c9fe3a1ca_o-320x202.jpg 320w, https:\/\/mitsp.org\/2020\/wp-content\/uploads\/2020\/03\/49633008737_2c9fe3a1ca_o-700x441.jpg 700w\" sizes=\"(max-width: 700px) 100vw, 700px\" \/><\/a><\/li><\/ul><\/div><div class=\"recent-posts-content\"><h4 class=\"\"><a href=\"https:\/\/mitsp.org\/2020\/quando-voltaremos-respirar-juntos-por-clovis-domingos\/\">Quando voltaremos a respirar juntos?  <h6>por Cl\u00f3vis Domingos<\/h6><\/a><\/h4><p class=\"meta\"><span>25  maio  2020<\/span><span class=\"fusion-inline-sep\">|<\/span><\/p><\/div><\/article><article class=\"post fusion-column column col col-lg-12 col-md-12 col-sm-12\"><div class=\"fusion-flexslider fusion-flexslider-loading flexslider flexslider-hover-type-none\"><ul class=\"slides\"><li><a href=\"https:\/\/mitsp.org\/2020\/mitsp-apresenta-espetaculos-da-mitbr-em-formato-online\/\" aria-label=\"MITsp apresenta espet\u00e1culos da MITbr em formato online\" class=\"hover-type-none\"><img width=\"700\" height=\"323\" src=\"https:\/\/mitsp.org\/2020\/wp-content\/uploads\/2020\/05\/banner-mitbr-ao-vivo02-700x323.jpg\" class=\"attachment-recent-posts size-recent-posts\" alt=\"\" \/><\/a><\/li><\/ul><\/div><div class=\"recent-posts-content\"><h4 class=\"\"><a href=\"https:\/\/mitsp.org\/2020\/mitsp-apresenta-espetaculos-da-mitbr-em-formato-online\/\">MITsp apresenta espet\u00e1culos da MITbr em formato online<\/a><\/h4><p class=\"meta\"><span>19  maio  2020<\/span><span class=\"fusion-inline-sep\">|<\/span><\/p><\/div><\/article><\/section><\/div><div class=\"fusion-clearfix\"><\/div><\/div><\/div><\/div><\/div><div class=\"fusion-fullwidth fullwidth-box fusion-builder-row-5 hundred-percent-fullwidth non-hundred-percent-height-scrolling\" style=\"background-color: rgba(255,255,255,0);background-position: center center;background-repeat: no-repeat;padding-top:0px;padding-right:0px;padding-bottom:0px;padding-left:0px;margin-bottom: 0px;margin-top: 0px;border-width: 0px 0px 0px 0px;border-color:#eae9e9;border-style:solid;\" ><div class=\"fusion-builder-row fusion-row\"><div class=\"fusion-layout-column fusion_builder_column fusion-builder-column-7 fusion_builder_column_1_1 1_1 fusion-one-full fusion-column-first fusion-column-last\" style=\"margin-top:0px;margin-bottom:20px;\"><div class=\"fusion-column-wrapper fusion-flex-column-wrapper-legacy\" style=\"background-position:left top;background-repeat:no-repeat;-webkit-background-size:cover;-moz-background-size:cover;-o-background-size:cover;background-size:cover;padding: 0px 0px 0px 0px;\"><div class=\"fusion-widget-area fusion-widget-area-1 fusion-content-widget-area\"><style type=\"text\/css\">.fusion-widget-area-1 {padding:0px 0px 0px 0px;}.fusion-widget-area-1 .widget h4 {color:#333333;}.fusion-widget-area-1 .widget .heading h4 {color:#333333;}.fusion-widget-area-1 .widget h4 {font-size:20px;}.fusion-widget-area-1 .widget .heading h4 {font-size:20px;}<\/style><div id=\"text-4\" class=\"widget widget_text\">\t\t\t<div class=\"textwidget\"><p><div class=\"fusion-fullwidth fullwidth-box fusion-builder-row-5-1 fusion-parallax-fixed nonhundred-percent-fullwidth non-hundred-percent-height-scrolling\" style=\"background-color: rgba(255,255,255,0);background-image: url(&quot;https:\/\/mitsp.org\/2020\/wp-content\/uploads\/2020\/01\/footer-eixos2.png&quot;);background-position: center center;background-repeat: no-repeat;padding-top:130px;padding-right:30px;padding-bottom:130px;padding-left:30px;margin-bottom: 0px;margin-top: 0px;border-width: 0px 0px 0px 0px;border-color:#eae9e9;border-style:solid;-webkit-background-size:cover;-moz-background-size:cover;-o-background-size:cover;background-size:cover;background-attachment:fixed;\" ><div class=\"fusion-builder-row fusion-row\"><div class=\"fusion-layout-column fusion_builder_column fusion-builder-column-9 fusion_builder_column_1_1 1_1 fusion-one-full fusion-column-first fusion-column-last\" style=\"margin-top:0px;margin-bottom:20px;\"><div class=\"fusion-column-wrapper fusion-flex-column-wrapper-legacy\" style=\"background-position:left top;background-repeat:no-repeat;-webkit-background-size:cover;-moz-background-size:cover;-o-background-size:cover;background-size:cover;padding: 0px 0px 0px 0px;\"><div class=\"fusion-clearfix\"><\/div><\/div><\/div><\/div><\/div><div class=\"fusion-fullwidth fullwidth-box fusion-builder-row-5-2 hundred-percent-fullwidth non-hundred-percent-height-scrolling\" style=\"background-color: rgba(255,255,255,0);background-position: center center;background-repeat: no-repeat;padding-top:0px;padding-right:0px;padding-bottom:0px;padding-left:0px;margin-bottom: 0px;margin-top: 0px;border-width: 0px 0px 0px 0px;border-color:#eae9e9;border-style:solid;\" ><div class=\"fusion-builder-row fusion-row\"><div class=\"fusion-layout-column fusion_builder_column fusion-builder-column-10 fusion_builder_column_1_1 1_1 fusion-one-full fusion-column-first fusion-column-last\" style=\"margin-top:0px;margin-bottom:20px;\"><div class=\"fusion-column-wrapper fusion-flex-column-wrapper-legacy\" style=\"background-position:left top;background-repeat:no-repeat;-webkit-background-size:cover;-moz-background-size:cover;-o-background-size:cover;background-size:cover;border-bottom:12px solid #81675b;padding: 0px 0px 0px 0px;\"><div class=\"fusion-clearfix\"><\/div><\/div><\/div><\/div><\/div><\/p>\n<\/div>\n\t\t<\/div><div class=\"fusion-additional-widget-content\"><\/div><\/div><div class=\"fusion-clearfix\"><\/div><\/div><\/div><\/div><\/div><\/p>\n","protected":false},"excerpt":{"rendered":"<p>Orun Santana<\/p>\n","protected":false},"author":6,"featured_media":6059,"comment_status":"closed","ping_status":"open","sticky":false,"template":"","format":"standard","meta":{"_links_to":"","_links_to_target":""},"categories":[6,136],"tags":[],"yst_prominent_words":[],"acf":{"synopsis":"No espet\u00e1culo, a capoeira \u00e9 tratada como elemento criador e motivador do movimento e tamb\u00e9m como ponto de partida para se pensar a mem\u00f3ria do corpo negro que dan\u00e7a. Para tanto, o bailarino Orun Santana se inspira na viv\u00eancia com seu pai, o mestre Meia-Noite.","age_restriction":"0","duration":"60","director":"Diretor: Orun Santana","teaser_url":"https:\/\/youtu.be\/Wxiq36wDn24","payment_type":"paid","purchase_url":"https:\/\/bileto.sympla.com.br\/event\/64584\/d\/82868\/s\/430820","places":[{"place":6914,"region":"1","date":"2020-03-11 21:00:00"},{"place":6914,"region":"1","date":"2020-03-12 16:00:00"}],"activities":[6231],"payment_info":"","live":false,"price":"R$ 10 e R$ 5 (meia-entrada)","sold_by":"Sympla"},"_links":{"self":[{"href":"https:\/\/mitsp.org\/2020\/wp-json\/wp\/v2\/posts\/6156"}],"collection":[{"href":"https:\/\/mitsp.org\/2020\/wp-json\/wp\/v2\/posts"}],"about":[{"href":"https:\/\/mitsp.org\/2020\/wp-json\/wp\/v2\/types\/post"}],"author":[{"embeddable":true,"href":"https:\/\/mitsp.org\/2020\/wp-json\/wp\/v2\/users\/6"}],"replies":[{"embeddable":true,"href":"https:\/\/mitsp.org\/2020\/wp-json\/wp\/v2\/comments?post=6156"}],"version-history":[{"count":0,"href":"https:\/\/mitsp.org\/2020\/wp-json\/wp\/v2\/posts\/6156\/revisions"}],"wp:featuredmedia":[{"embeddable":true,"href":"https:\/\/mitsp.org\/2020\/wp-json\/wp\/v2\/media\/6059"}],"wp:attachment":[{"href":"https:\/\/mitsp.org\/2020\/wp-json\/wp\/v2\/media?parent=6156"}],"wp:term":[{"taxonomy":"category","embeddable":true,"href":"https:\/\/mitsp.org\/2020\/wp-json\/wp\/v2\/categories?post=6156"},{"taxonomy":"post_tag","embeddable":true,"href":"https:\/\/mitsp.org\/2020\/wp-json\/wp\/v2\/tags?post=6156"},{"taxonomy":"yst_prominent_words","embeddable":true,"href":"https:\/\/mitsp.org\/2020\/wp-json\/wp\/v2\/yst_prominent_words?post=6156"}],"curies":[{"name":"wp","href":"https:\/\/api.w.org\/{rel}","templated":true}]}}