{"id":6154,"date":"2020-01-29T14:40:45","date_gmt":"2020-01-29T17:40:45","guid":{"rendered":"https:\/\/mitsp.org\/2020\/?p=6154"},"modified":"2020-06-17T15:17:21","modified_gmt":"2020-06-17T18:17:21","slug":"cancioneiro-terminal","status":"publish","type":"post","link":"https:\/\/mitsp.org\/2020\/cancioneiro-terminal\/","title":{"rendered":"CANCIONEIRO TERMINAL"},"content":{"rendered":"<p><div class=\"fusion-fullwidth fullwidth-box fusion-builder-row-1 nonhundred-percent-fullwidth non-hundred-percent-height-scrolling\" style=\"background-color: rgba(255,255,255,0);background-position: center center;background-repeat: no-repeat;padding-top:0px;padding-right:0px;padding-bottom:0px;padding-left:0px;margin-bottom: 0px;margin-top: 0px;border-width: 0px 0px 0px 0px;border-color:#eae9e9;border-style:solid;\" ><div class=\"fusion-builder-row fusion-row\"><div class=\"fusion-layout-column fusion_builder_column fusion-builder-column-0 fusion_builder_column_1_1 1_1 fusion-one-full fusion-column-first fusion-column-last\" style=\"margin-top:0px;margin-bottom:20px;\"><div class=\"fusion-column-wrapper fusion-flex-column-wrapper-legacy\" style=\"background-position:left top;background-repeat:no-repeat;-webkit-background-size:cover;-moz-background-size:cover;-o-background-size:cover;background-size:cover;padding: 0px 0px 0px 0px;\"><div class=\"fusion-text fusion-text-1\"><h2>CANCIONEIRO TERMINAL<\/h2>\n<div class=\"fusion-sep-clear\"><\/div><div class=\"fusion-separator fusion-full-width-sep\" style=\"margin-left: auto;margin-right: auto;margin-bottom:-30px;width:100%;\"><\/div><div class=\"fusion-sep-clear\"><\/div>\n<h4><strong>DIRE\u00c7\u00c3O<\/strong><strong>: <b>Grupo MEXA<\/b><\/strong><\/h4>\n<p><span style=\"font-weight: 400;\">S\u00c3O PAULO\/SP, 2019 <\/span>| <span style=\"font-weight: 400;\">80min<\/span><span style=\"font-weight: 400;\">\u00a0<\/span>| Classifica\u00e7\u00e3o indicativa: <span style=\"font-weight: 400;\">12<\/span><span style=\"font-weight: 400;\">\u00a0anos<\/span><\/p>\n<p><span style=\"color: #ff0000;\"><strong>COMUNICADO<\/strong><\/span><\/p>\n<p><span style=\"color: #ff0000;\">Cancioneiro Terminal, do Grupo Mexa, um dos espet\u00e1culos cancelados da MITbr de 2020 em fun\u00e7\u00e3o da pandemia, ser\u00e1 exibida dia 20 de junho no <a style=\"color: #ff0000;\" href=\"https:\/\/www.youtube.com\/user\/bma1925\" target=\"_blank\" rel=\"noopener noreferrer\"><strong>YouTube da Biblioteca M\u00e1rio de Andrade.<\/strong><\/a><\/span><\/p>\n<\/div><div class=\"fusion-clearfix\"><\/div><\/div><\/div><div class=\"fusion-layout-column fusion_builder_column fusion-builder-column-1 fusion_builder_column_1_1 1_1 fusion-one-full fusion-column-first fusion-column-last fusion-column-no-min-height\" style=\"margin-top:0px;margin-bottom:20px;\"><div class=\"fusion-column-wrapper fusion-flex-column-wrapper-legacy\" style=\"background-position:left top;background-repeat:no-repeat;-webkit-background-size:cover;-moz-background-size:cover;-o-background-size:cover;background-size:cover;padding: 0px 0px 0px 0px;\"><div class=\"fusion-text fusion-text-2\"><p><img class=\"alignnone size-full wp-image-6640\" src=\"https:\/\/mitsp.org\/2020\/wp-content\/uploads\/2020\/01\/cancioneiro-terminal-Laysa-Elias.jpg\" alt=\"Cancioneiro Terminal \u00a9Laysa-Elias\" width=\"1200\" height=\"700\" srcset=\"https:\/\/mitsp.org\/2020\/wp-content\/uploads\/2020\/01\/cancioneiro-terminal-Laysa-Elias-200x117.jpg 200w, https:\/\/mitsp.org\/2020\/wp-content\/uploads\/2020\/01\/cancioneiro-terminal-Laysa-Elias-300x175.jpg 300w, https:\/\/mitsp.org\/2020\/wp-content\/uploads\/2020\/01\/cancioneiro-terminal-Laysa-Elias-400x233.jpg 400w, https:\/\/mitsp.org\/2020\/wp-content\/uploads\/2020\/01\/cancioneiro-terminal-Laysa-Elias-600x350.jpg 600w, https:\/\/mitsp.org\/2020\/wp-content\/uploads\/2020\/01\/cancioneiro-terminal-Laysa-Elias-768x448.jpg 768w, https:\/\/mitsp.org\/2020\/wp-content\/uploads\/2020\/01\/cancioneiro-terminal-Laysa-Elias-800x467.jpg 800w, https:\/\/mitsp.org\/2020\/wp-content\/uploads\/2020\/01\/cancioneiro-terminal-Laysa-Elias-1024x597.jpg 1024w, https:\/\/mitsp.org\/2020\/wp-content\/uploads\/2020\/01\/cancioneiro-terminal-Laysa-Elias.jpg 1200w\" sizes=\"(max-width: 1200px) 100vw, 1200px\" \/><\/p>\n<h6 style=\"text-align: right;\">\u00a9Laysa-Elias<\/h6>\n<\/div><div class=\"fusion-clearfix\"><\/div><\/div><\/div><\/div><\/div><div class=\"fusion-fullwidth fullwidth-box fusion-builder-row-2 nonhundred-percent-fullwidth non-hundred-percent-height-scrolling\" style=\"background-color: rgba(255,255,255,0);background-position: center center;background-repeat: no-repeat;padding-top:0px;padding-right:0px;padding-bottom:0px;padding-left:0px;margin-bottom: 0px;margin-top: 0px;border-width: 0px 0px 0px 0px;border-color:#eae9e9;border-style:solid;\" ><div class=\"fusion-builder-row fusion-row\"><div class=\"fusion-layout-column fusion_builder_column fusion-builder-column-2 fusion_builder_column_1_2 1_2 fusion-one-half fusion-column-first\" style=\"width:50%;width:calc(50% - ( ( 4% ) * 0.5 ) );margin-right: 4%;margin-top:-20px;margin-bottom:20px;\"><div class=\"fusion-column-wrapper fusion-flex-column-wrapper-legacy\" style=\"background-position:left top;background-repeat:no-repeat;-webkit-background-size:cover;-moz-background-size:cover;-o-background-size:cover;background-size:cover;padding: 0px 0px 0px 0px;\"><div class=\"fusion-text fusion-text-3\"><h3>13\/3, \u00e0s 19h<br \/>\n14\/3, \u00e0s 19h<\/h3>\n<h4><strong>LOCAL: <a href=\"https:\/\/goo.gl\/maps\/2vTDVwPhRdsm4QEd9\" target=\"_blank\" rel=\"noopener noreferrer\">Biblioteca M\u00e1rio de Andrade &#8211; Sala Tula Pilar Ferreira<\/a><\/strong><\/h4>\n<h6>*<b>No dia do espet\u00e1culo, a bilheteria ser\u00e1 aberta com uma hora de anteced\u00eancia para retirada de ingressos.<\/b><\/h6>\n<\/div><div class=\"fusion-clearfix\"><\/div><\/div><\/div><div class=\"fusion-layout-column fusion_builder_column fusion-builder-column-3 fusion_builder_column_1_2 1_2 fusion-one-half fusion-column-last hide\" style=\"width:50%;width:calc(50% - ( ( 4% ) * 0.5 ) );margin-top:0px;margin-bottom:20px;\"><div class=\"fusion-column-wrapper fusion-flex-column-wrapper-legacy\" style=\"background-position:left top;background-repeat:no-repeat;-webkit-background-size:cover;-moz-background-size:cover;-o-background-size:cover;background-size:cover;padding: 0px 0px 0px 0px;\"><div class=\"fusion-align-block\"><style>.fusion-body .fusion-button.button-1{border-color:#ffffff;border-radius:0px 0px 0px 0px;background:#81675b;}.fusion-body .fusion-button.button-1 .fusion-button-text,.fusion-body .fusion-button.button-1 i,.fusion-body .fusion-button.button-1:hover .fusion-button-text,.fusion-body .fusion-button.button-1:hover i,.fusion-body .fusion-button.button-1:focus .fusion-button-text,.fusion-body .fusion-button.button-1:focus i,.fusion-body .fusion-button.button-1:active .fusion-button-text,.fusion-body .fusion-button.button-1:active i{color:#ffffff;}.fusion-body .fusion-button.button-1:hover,.fusion-body .fusion-button.button-1:active,.fusion-body .fusion-button.button-1:focus{border-color:#ffffff;background:#81675b;}<\/style><a class=\"fusion-button button-flat button-xlarge button-custom button-1 fusion-button-span-yes fusion-button-default-type\" target=\"_blank\" rel=\"noopener noreferrer\" href=\"https:\/\/goo.gl\/maps\/2vTDVwPhRdsm4QEd9\"><span class=\"fusion-button-text\">Gratuito*<\/span><\/a><\/div><div class=\"fusion-clearfix\"><\/div><\/div><\/div><\/div><\/div><div class=\"fusion-fullwidth fullwidth-box fusion-builder-row-3 hide nonhundred-percent-fullwidth non-hundred-percent-height-scrolling fusion-equal-height-columns\" style=\"background-color: rgba(255,255,255,0);background-position: center center;background-repeat: no-repeat;padding-top:0px;padding-right:0px;padding-bottom:0px;padding-left:0px;margin-bottom: 0px;margin-top: 60px;border-width: 0px 0px 0px 0px;border-color:#eae9e9;border-style:solid;\" ><div class=\"fusion-builder-row fusion-row\"><div class=\"fusion-layout-column fusion_builder_column fusion-builder-column-4 fusion_builder_column_1_4 1_4 fusion-one-fourth fusion-column-first\" style=\"width:25%;width:calc(25% - ( ( 5px ) * 0.25 ) );margin-right: 5px;margin-top:0px;margin-bottom:20px;\"><div class=\"fusion-column-wrapper fusion-flex-column-wrapper-legacy\" style=\"background-position:left top;background-repeat:no-repeat;-webkit-background-size:cover;-moz-background-size:cover;-o-background-size:cover;background-size:cover;padding: 0px 0px 0px 0px;\"><div class=\"fusion-column-content-centered\"><div class=\"fusion-column-content\"><div class=\"fusion-align-block\"><style>.fusion-body .fusion-button.button-2 .fusion-button-text{color:#ffffff;text-transform:uppercase;}.fusion-body .fusion-button.button-2{border-color:#ffffff;border-radius:0px 0px 0px 0px;background:#515151;}.fusion-body .fusion-button.button-2 i,.fusion-body .fusion-button.button-2:hover .fusion-button-text,.fusion-body .fusion-button.button-2:hover i,.fusion-body .fusion-button.button-2:focus .fusion-button-text,.fusion-body .fusion-button.button-2:focus i,.fusion-body .fusion-button.button-2:active .fusion-button-text,.fusion-body .fusion-button.button-2:active i{color:#ffffff;}.fusion-body .fusion-button.button-2:hover,.fusion-body .fusion-button.button-2:active,.fusion-body .fusion-button.button-2:focus{border-color:#ffffff;background:#3f3f3f;}<\/style><a class=\"fusion-button button-flat button-large button-custom button-2 fusion-button-span-yes fusion-button-default-type\" target=\"_blank\" rel=\"noopener noreferrer\" href=\"https:\/\/mitsp.org\/2019\/pensamento-em-processo\/\"><span class=\"fusion-button-text\">PENSAMENTO EM PROCESSO<\/span><\/a><\/div><\/div><\/div><div class=\"fusion-clearfix\"><\/div><\/div><\/div><div class=\"fusion-layout-column fusion_builder_column fusion-builder-column-5 fusion_builder_column_2_5 2_5 fusion-two-fifth fusion-column-last\" style=\"width:40%;width:calc(40% - ( ( 5px ) * 0.4 ) );margin-top:0px;margin-bottom:20px;\"><div class=\"fusion-column-wrapper fusion-flex-column-wrapper-legacy\" style=\"background-position:left top;background-repeat:no-repeat;-webkit-background-size:cover;-moz-background-size:cover;-o-background-size:cover;background-size:cover;padding: 0px 0px 0px 0px;\"><div class=\"fusion-column-content-centered\"><div class=\"fusion-column-content\"><div class=\"fusion-align-block\"><style>.fusion-body .fusion-button.button-3 .fusion-button-text{color:#ffffff;text-transform:uppercase;}.fusion-body .fusion-button.button-3{border-color:#ffffff;border-radius:0px 0px 0px 0px;background:#515151;}.fusion-body .fusion-button.button-3 i,.fusion-body .fusion-button.button-3:hover .fusion-button-text,.fusion-body .fusion-button.button-3:hover i,.fusion-body .fusion-button.button-3:focus .fusion-button-text,.fusion-body .fusion-button.button-3:focus i,.fusion-body .fusion-button.button-3:active .fusion-button-text,.fusion-body .fusion-button.button-3:active i{color:#ffffff;}.fusion-body .fusion-button.button-3:hover,.fusion-body .fusion-button.button-3:active,.fusion-body .fusion-button.button-3:focus{border-color:#ffffff;background:#3f3f3f;}<\/style><a class=\"fusion-button button-flat button-large button-custom button-3 fusion-button-span-yes fusion-button-default-type\" target=\"_blank\" rel=\"noopener noreferrer\" href=\"https:\/\/mitsp.org\/2019\/dialogo-entre-milo-rau-e-wagner-schwartz\/\"><span class=\"fusion-button-text\">DI\u00c1LOGO ENTRE MILO RAU E WAGNER SCHWARTZ<\/span><\/a><\/div><\/div><\/div><div class=\"fusion-clearfix\"><\/div><\/div><\/div><\/div><\/div><div class=\"fusion-fullwidth fullwidth-box fusion-builder-row-4 nonhundred-percent-fullwidth non-hundred-percent-height-scrolling fusion-equal-height-columns\" style=\"background-color: rgba(255,255,255,0);background-position: center center;background-repeat: no-repeat;padding-top:0px;padding-right:0px;padding-bottom:0px;padding-left:0px;margin-bottom: 60px;margin-top: 60px;border-width: 0px 0px 0px 0px;border-color:#eae9e9;border-style:solid;\" ><div class=\"fusion-builder-row fusion-row\"><div class=\"fusion-layout-column fusion_builder_column fusion-builder-column-6 fusion_builder_column_4_5 4_5 fusion-four-fifth fusion-column-first\" style=\"width:80%;width:calc(80% - ( ( 30px ) * 0.8 ) );margin-right: 30px;margin-top:0px;margin-bottom:20px;\"><div class=\"fusion-column-wrapper fusion-flex-column-wrapper-legacy\" style=\"background-position:left top;background-repeat:no-repeat;-webkit-background-size:cover;-moz-background-size:cover;-o-background-size:cover;background-size:cover;padding: 0px 0px 0px 0px;\"><div class=\"fusion-text fusion-text-4\"><p style=\"padding-left: 120px;\"><img class=\"alignleft wp-image-2608\" title=\"Sinopse\" src=\"https:\/\/mitsp.org\/2019\/wp-content\/uploads\/2019\/02\/tit-sinopse-71x300.jpg\" alt=\"Sinopse\" width=\"65\" height=\"275\" \/><\/p>\n<p><span style=\"font-weight: 400;\">O MEXA \u00e9 um coletivo art\u00edstico que trabalha com pessoas \u00e0 margem. Em <\/span><i><span style=\"font-weight: 400;\">Cancioneiro Terminal,<\/span><\/i><span style=\"font-weight: 400;\"> o grupo parte da investiga\u00e7\u00e3o de fotografias e v\u00eddeos produzidos sobre si. Os performers se relacionam com as imagens gravadas e se perguntam com quais delas gostariam de contar a hist\u00f3ria do seu presente. O grupo atua desde 2015 e, ao longo desse tempo, algumas integrantes desapareceram, outras reapareceram, houve quem tentasse se matar, quem se transicionou, teve uma filha, foi presa, foi internada em um hospital, mudou de pa\u00eds, de profiss\u00e3o, de nome. Essas pequenas hist\u00f3rias, juntas, contam a narrativa sempre processual do grupo, que trabalha a partir de suas pr\u00f3prias viv\u00eancias transformadas em cena. A cada performance, o MEXA reencena e edita em tempo real um novo filme, atrav\u00e9s de exerc\u00edcios de tradu\u00e7\u00e3o e dublagem. Ao fazer isso, os artistas pensam sobre o que significa ser uma imagem, o que fica quando tudo o mais desaparece e como, sendo um corpo coletivo, caminhar juntos.<\/span><\/p>\n<\/div><div class=\"fusion-sep-clear\"><\/div><div class=\"fusion-separator fusion-full-width-sep\" style=\"margin-left: auto;margin-right: auto;margin-top:60px;width:100%;\"><\/div><div class=\"fusion-sep-clear\"><\/div><div class=\"fusion-video fusion-youtube\" style=\"max-width:900px;max-height:480px;\"><div class=\"video-shortcode\"><iframe title=\"YouTube video player 1\" src=\"https:\/\/www.youtube.com\/embed\/YLo10Oktt_I?wmode=transparent&autoplay=0\" width=\"900\" height=\"480\" allowfullscreen allow=\"autoplay; fullscreen\"><\/iframe><\/div><\/div><div class=\"fusion-sep-clear\"><\/div><div class=\"fusion-separator fusion-full-width-sep\" style=\"margin-left: auto;margin-right: auto;margin-top:60px;width:100%;\"><\/div><div class=\"fusion-sep-clear\"><\/div><div class=\"fusion-text fusion-text-5\"><p style=\"padding-left: 120px;\"><img class=\"alignleft wp-image-2607\" title=\"Hist\u00f3rico\" src=\"https:\/\/mitsp.org\/2019\/wp-content\/uploads\/2019\/02\/tit-historico.jpg\" alt=\"Hist\u00f3rico\" width=\"55\" height=\"284\" \/><\/p>\n<p><span style=\"font-weight: 400;\">O MEXA foi criado em 2015 ap\u00f3s epis\u00f3dios de viol\u00eancia em alguns centros de acolhida em S\u00e3o Paulo. O grupo realiza a\u00e7\u00f5es que transitam entre a arte e<\/span><span style=\"font-weight: 400;\"> a pol\u00edtica, assumindo lugares de fala e de falha de conceitos que procuram enquadrar corpos e est\u00e9ticas. \u00c9 formado por pessoas em situa\u00e7\u00e3o de vulnerabilidade, em situa\u00e7\u00e3o de rua e por membros da comunidade LGBTT que, a partir de derivas, performances, escritas e protestos, criam obras lim\u00edtrofes, que n\u00e3o se encaixam em categorias precisas. O coletivo j\u00e1 se apresentou em espa\u00e7os como Esponja, Casa do <\/span><span style=\"font-weight: 400;\">Povo, Pinacoteca e galeria Jaqueline Martins, al\u00e9m de ter participado de mostras como a VERBO, realizada pela Galeria Vermelho, e a 11\u00aa Bienal Sesc de Dan\u00e7a. Em 2019, recebeu o Pr\u00eamio Denilto Gomes de Dan\u00e7a na categoria olhares para est\u00e9ticas negras e de g\u00eanero.<\/span><\/p>\n<\/div><div class=\"fusion-sep-clear\"><\/div><div class=\"fusion-separator fusion-full-width-sep\" style=\"margin-left: auto;margin-right: auto;margin-top:30px;width:100%;\"><\/div><div class=\"fusion-sep-clear\"><\/div><div class=\"fusion-text fusion-text-6\"><h2 style=\"text-align: right;\"><span style=\"font-size: 44px; color: #000000;\">CR\u00cdTICAS<\/span><\/h2>\n<p><em><span style=\"font-weight: 400;\">Esse tipo de perigo f\u00edsico em potencial pode ser raro para mim, como homem branco, mas \u00e9 uma caracter\u00edstica da vida cotidiana dos performers do Grupo MEXA, coletivo formado em 2015 por artistas predominantemente negros, trans e LGB, artistas de teatro e ativistas. N\u00e3o havia qualquer vitimismo na apresenta\u00e7\u00e3o: em vez disso, \u00e0 luz de neon, eles cantavam, se moviam e dan\u00e7avam juntos e em solos.<\/span><\/em><\/p>\n<p><strong><a href=\"https:\/\/artreview.com\/opinion\/online_exclusive_november_2019_beginning_of_a_century_jaqueline_martins\/\">OLIVER BASCIANO, Art Review [sobre performance anterior apresentada na galeria Jaqueline Martins]<\/a><\/strong><\/p>\n<p><em><span style=\"font-weight: 400;\">O grupo trouxe um grito de raiva: todos n\u00f3s temos que ver o mundo como ele \u00e9! Os corpos se levantam. Os corpos t\u00eam uma voz. Eles t\u00eam m\u00fasica. Eles t\u00eam nomes: Tatiane Dell Campobello, Barbara Brito, Anne Dourado, Patricia Borges, Yasmin Bispo e Anita Silvia. Eles t\u00eam vontades. Eles s\u00e3o trans. Eles usam alta-costura. Eles moram nas ruas, mas tamb\u00e9m frequentam galerias de arte.<\/span><\/em><\/p>\n<p><strong><a href=\"https:\/\/terremoto.mx\/comeco-de-seculo\/\">CAROLLINA LAURIANO, Terremoto [idem]<\/a><\/strong><\/p>\n<\/div><div class=\"fusion-sep-clear\"><\/div><div class=\"fusion-separator fusion-full-width-sep\" style=\"margin-left: auto;margin-right: auto;margin-top:60px;width:100%;\"><\/div><div class=\"fusion-sep-clear\"><\/div><div class=\"fusion-text fusion-text-7\"><p><img class=\"alignnone wp-image-3067\" src=\"https:\/\/mitsp.org\/2019\/wp-content\/uploads\/2019\/02\/titficha-tecnica.jpg\" alt=\"Ficha T\u00e9cnica\" width=\"320\" height=\"46\" \/><\/p>\n<p><strong>DIRE\u00c7\u00c3O GERAL<\/strong>: Grupo MEXA<br \/>\n<strong>CONCEP\u00c7\u00c3O DO GRUPO<\/strong>: Anita Silvia e Dudu Quintanilha<br \/>\n<strong>DRAMATURGIA<\/strong>: Jo\u00e3o Turchi<br \/>\n<strong>DIRE\u00c7\u00c3O AUDIOVISUAL<\/strong>: Dudu Quintanilha<br \/>\n<strong>BANDA<\/strong>: Alessandro Lins dos Anjos, Dourado, Barbara Britto e Giulianna Nonato<br \/>\n<strong>PRODU\u00c7\u00c3O<\/strong>: Lu Mugayar<br \/>\n<strong>PERFORMERS<\/strong>: Daniela Pinheiro, Ivana Siqueira, Tatiane del Campobello, Patr\u00edcia Borges, Yasmin Bispo, Luiza Brunah Wunsch, Fab\u00edola Dummont, Muniky Flor, Roberto Lima Miranda, Kristen Oliveira, Anita Silvia, Alessandro Lins dos Anjos, Barbara Britto, Dourado, Dudu Quintanilha, Giulianna Nonato, Jo\u00e3o Turchi, Laysa Elias, Lu Mugayar<br \/>\n<strong>PROJETO GR\u00c1FICO<\/strong>: Celso Longo<br \/>\n<strong>ILUMINA\u00c7\u00c3O<\/strong>: Helo Duran<br \/>\n<strong>CAPTA\u00c7\u00c3O DE IMAGENS<\/strong>: Laysa Elias<br \/>\n<strong>MAQUIAGEM<\/strong>: Lav\u00ednia Favero e equipe<\/p>\n<h5 style=\"text-align: right;\">Grupo em resid\u00eancia na Casa do Povo<\/h5>\n<\/div><div class=\"fusion-clearfix\"><\/div><\/div><\/div><div class=\"fusion-layout-column fusion_builder_column fusion-builder-column-7 fusion_builder_column_1_5 1_5 fusion-one-fifth fusion-column-last hide\" style=\"width:20%;width:calc(20% - ( ( 30px ) * 0.2 ) );margin-top:0px;margin-bottom:20px;\"><div class=\"fusion-column-wrapper fusion-flex-column-wrapper-legacy\" style=\"background-position:left top;background-repeat:no-repeat;-webkit-background-size:cover;-moz-background-size:cover;-o-background-size:cover;background-size:cover;border-left:3px solid #cfc3bd;padding: 0px 0px 0px 30px;\"><div class=\"fusion-align-block\"><style>.fusion-body .fusion-button.button-4{border-color:#ffffff;border-radius:0px 0px 0px 0px;background:#81675b;}.fusion-body .fusion-button.button-4 .fusion-button-text,.fusion-body .fusion-button.button-4 i,.fusion-body .fusion-button.button-4:hover .fusion-button-text,.fusion-body .fusion-button.button-4:hover i,.fusion-body .fusion-button.button-4:focus .fusion-button-text,.fusion-body .fusion-button.button-4:focus i,.fusion-body .fusion-button.button-4:active .fusion-button-text,.fusion-body .fusion-button.button-4:active i{color:#ffffff;}.fusion-body .fusion-button.button-4:hover,.fusion-body .fusion-button.button-4:active,.fusion-body .fusion-button.button-4:focus{border-color:#ffffff;background:#81675b;}<\/style><a class=\"fusion-button button-flat button-xlarge button-custom button-4 fusion-button-span-yes fusion-button-default-type\" target=\"_self\"><span class=\"fusion-button-text\">ENTREVISTA<\/span><\/a><\/div><div class=\"fusion-recent-posts fusion-recent-posts-1 avada-container layout-default layout-columns-1\"><section class=\"fusion-columns columns fusion-columns-1 columns-1\"><article class=\"post fusion-column column col col-lg-12 col-md-12 col-sm-12\"><div class=\"fusion-flexslider fusion-flexslider-loading flexslider flexslider-hover-type-none\"><ul class=\"slides\"><li><a href=\"https:\/\/mitsp.org\/2020\/biblioteca-mario-de-andrade-apresenta-cancioneiro-terminal-programacao-da-mitbr-de-2020-em-formato-on-line\/\" aria-label=\"Biblioteca M\u00e1rio de Andrade apresenta Cancioneiro Terminal, programa\u00e7\u00e3o da MITbr de 2020, em formato on-line\" class=\"hover-type-none\"><img width=\"700\" height=\"323\" src=\"https:\/\/mitsp.org\/2020\/wp-content\/uploads\/2020\/06\/cancioneiroterminal-live-1-700x323.jpg\" class=\"attachment-recent-posts size-recent-posts\" alt=\"Cancioneiro Terminal\" \/><\/a><\/li><\/ul><\/div><div class=\"recent-posts-content\"><h4 class=\"\"><a href=\"https:\/\/mitsp.org\/2020\/biblioteca-mario-de-andrade-apresenta-cancioneiro-terminal-programacao-da-mitbr-de-2020-em-formato-on-line\/\">Biblioteca M\u00e1rio de Andrade apresenta Cancioneiro Terminal, programa\u00e7\u00e3o da MITbr de 2020, em formato on-line<\/a><\/h4><p class=\"meta\"><span>10  junho  2020<\/span><span class=\"fusion-inline-sep\">|<\/span><\/p><\/div><\/article><article class=\"post fusion-column column col col-lg-12 col-md-12 col-sm-12\"><div class=\"fusion-flexslider fusion-flexslider-loading flexslider flexslider-hover-type-none\"><ul class=\"slides\"><li><a href=\"https:\/\/mitsp.org\/2020\/escuta-das-historias-vozes-silencios-e-lutas-em-paisagens-sonoras-por-wellington-junior\/\" aria-label=\"A escuta das hist\u00f3rias: vozes, sil\u00eancios e lutas em paisagens sonoras por Wellington J\u00fanior\" class=\"hover-type-none\"><img width=\"700\" height=\"441\" src=\"https:\/\/mitsp.org\/2020\/wp-content\/uploads\/2020\/03\/49628571918_8386e0ec86_o-700x441.jpg\" class=\"attachment-recent-posts size-recent-posts\" alt=\"S\u00e1bado Descontra\u00eddo @Guto Muniz\" srcset=\"https:\/\/mitsp.org\/2020\/wp-content\/uploads\/2020\/03\/49628571918_8386e0ec86_o-320x202.jpg 320w, https:\/\/mitsp.org\/2020\/wp-content\/uploads\/2020\/03\/49628571918_8386e0ec86_o-700x441.jpg 700w\" sizes=\"(max-width: 700px) 100vw, 700px\" \/><\/a><\/li><\/ul><\/div><div class=\"recent-posts-content\"><h4 class=\"\"><a href=\"https:\/\/mitsp.org\/2020\/escuta-das-historias-vozes-silencios-e-lutas-em-paisagens-sonoras-por-wellington-junior\/\">A escuta das hist\u00f3rias: vozes, sil\u00eancios e lutas em paisagens sonoras  <h6>por Wellington J\u00fanior<\/h6><\/a><\/h4><p class=\"meta\"><span>3  junho  2020<\/span><span class=\"fusion-inline-sep\">|<\/span><\/p><\/div><\/article><article class=\"post fusion-column column col col-lg-12 col-md-12 col-sm-12\"><div class=\"fusion-flexslider fusion-flexslider-loading flexslider flexslider-hover-type-none\"><ul class=\"slides\"><li><a href=\"https:\/\/mitsp.org\/2020\/centro-cultural-fiesp-exibe-na-integra-em-suas-redes-sociais-o-espetaculo-portugues-sopro-programado-pela-mitsp-de-2020\/\" aria-label=\"Centro Cultural Fiesp exibe na \u00edntegra, em suas redes sociais, o espet\u00e1culo portugu\u00eas Sopro, programado pela MITsp de 2020\" class=\"hover-type-none\"><img width=\"700\" height=\"258\" src=\"https:\/\/mitsp.org\/2020\/wp-content\/uploads\/2020\/05\/banner-sopro-ao-vivo-700x258.jpg\" class=\"attachment-recent-posts size-recent-posts\" alt=\"Sopro\" \/><\/a><\/li><\/ul><\/div><div class=\"recent-posts-content\"><h4 class=\"\"><a href=\"https:\/\/mitsp.org\/2020\/centro-cultural-fiesp-exibe-na-integra-em-suas-redes-sociais-o-espetaculo-portugues-sopro-programado-pela-mitsp-de-2020\/\">Centro Cultural Fiesp exibe na \u00edntegra, em suas redes sociais, o espet\u00e1culo portugu\u00eas Sopro, programado pela MITsp de 2020<\/a><\/h4><p class=\"meta\"><span>30  maio  2020<\/span><span class=\"fusion-inline-sep\">|<\/span><\/p><\/div><\/article><article class=\"post fusion-column column col col-lg-12 col-md-12 col-sm-12\"><div class=\"fusion-flexslider fusion-flexslider-loading flexslider flexslider-hover-type-none\"><ul class=\"slides\"><li><a href=\"https:\/\/mitsp.org\/2020\/teatro-ensino-e-aprendizagem-por-renan-ji\/\" aria-label=\"Teatro, ensino e aprendizagem por Renan Ji\" class=\"hover-type-none\"><img width=\"700\" height=\"441\" src=\"https:\/\/mitsp.org\/2020\/wp-content\/uploads\/2020\/03\/49647576031_63ca927b44_o-700x441.jpg\" class=\"attachment-recent-posts size-recent-posts\" alt=\"By Heart @Guto Muniz\" srcset=\"https:\/\/mitsp.org\/2020\/wp-content\/uploads\/2020\/03\/49647576031_63ca927b44_o-320x202.jpg 320w, https:\/\/mitsp.org\/2020\/wp-content\/uploads\/2020\/03\/49647576031_63ca927b44_o-700x441.jpg 700w\" sizes=\"(max-width: 700px) 100vw, 700px\" \/><\/a><\/li><\/ul><\/div><div class=\"recent-posts-content\"><h4 class=\"\"><a href=\"https:\/\/mitsp.org\/2020\/teatro-ensino-e-aprendizagem-por-renan-ji\/\">Teatro, ensino e aprendizagem  <h6>por Renan Ji<\/h6><\/a><\/h4><p class=\"meta\"><span>25  maio  2020<\/span><span class=\"fusion-inline-sep\">|<\/span><\/p><\/div><\/article><article class=\"post fusion-column column col col-lg-12 col-md-12 col-sm-12\"><div class=\"fusion-flexslider fusion-flexslider-loading flexslider flexslider-hover-type-none\"><ul class=\"slides\"><li><a href=\"https:\/\/mitsp.org\/2020\/quando-voltaremos-respirar-juntos-por-clovis-domingos\/\" aria-label=\"Quando voltaremos a respirar juntos? por Cl\u00f3vis Domingos\" class=\"hover-type-none\"><img width=\"700\" height=\"441\" src=\"https:\/\/mitsp.org\/2020\/wp-content\/uploads\/2020\/03\/49633008737_2c9fe3a1ca_o-700x441.jpg\" class=\"attachment-recent-posts size-recent-posts\" alt=\"O que Fazer Daqui para Tr\u00e1s @Guto Muniz\" srcset=\"https:\/\/mitsp.org\/2020\/wp-content\/uploads\/2020\/03\/49633008737_2c9fe3a1ca_o-320x202.jpg 320w, https:\/\/mitsp.org\/2020\/wp-content\/uploads\/2020\/03\/49633008737_2c9fe3a1ca_o-700x441.jpg 700w\" sizes=\"(max-width: 700px) 100vw, 700px\" \/><\/a><\/li><\/ul><\/div><div class=\"recent-posts-content\"><h4 class=\"\"><a href=\"https:\/\/mitsp.org\/2020\/quando-voltaremos-respirar-juntos-por-clovis-domingos\/\">Quando voltaremos a respirar juntos?  <h6>por Cl\u00f3vis Domingos<\/h6><\/a><\/h4><p class=\"meta\"><span>25  maio  2020<\/span><span class=\"fusion-inline-sep\">|<\/span><\/p><\/div><\/article><article class=\"post fusion-column column col col-lg-12 col-md-12 col-sm-12\"><div class=\"fusion-flexslider fusion-flexslider-loading flexslider flexslider-hover-type-none\"><ul class=\"slides\"><li><a href=\"https:\/\/mitsp.org\/2020\/mitsp-apresenta-espetaculos-da-mitbr-em-formato-online\/\" aria-label=\"MITsp apresenta espet\u00e1culos da MITbr em formato online\" class=\"hover-type-none\"><img width=\"700\" height=\"323\" src=\"https:\/\/mitsp.org\/2020\/wp-content\/uploads\/2020\/05\/banner-mitbr-ao-vivo02-700x323.jpg\" class=\"attachment-recent-posts size-recent-posts\" alt=\"\" \/><\/a><\/li><\/ul><\/div><div class=\"recent-posts-content\"><h4 class=\"\"><a href=\"https:\/\/mitsp.org\/2020\/mitsp-apresenta-espetaculos-da-mitbr-em-formato-online\/\">MITsp apresenta espet\u00e1culos da MITbr em formato online<\/a><\/h4><p class=\"meta\"><span>19  maio  2020<\/span><span class=\"fusion-inline-sep\">|<\/span><\/p><\/div><\/article><\/section><\/div><div class=\"fusion-align-block\"><style>.fusion-body .fusion-button.button-5{border-color:#ffffff;border-radius:0px 0px 0px 0px;background:#81675b;}.fusion-body .fusion-button.button-5 .fusion-button-text,.fusion-body .fusion-button.button-5 i,.fusion-body .fusion-button.button-5:hover .fusion-button-text,.fusion-body .fusion-button.button-5:hover i,.fusion-body .fusion-button.button-5:focus .fusion-button-text,.fusion-body .fusion-button.button-5:focus i,.fusion-body .fusion-button.button-5:active .fusion-button-text,.fusion-body .fusion-button.button-5:active i{color:#ffffff;}.fusion-body .fusion-button.button-5:hover,.fusion-body .fusion-button.button-5:active,.fusion-body .fusion-button.button-5:focus{border-color:#ffffff;background:#81675b;}<\/style><a class=\"fusion-button button-flat button-xlarge button-custom button-5 fusion-button-span-yes fusion-button-default-type\" target=\"_self\"><span class=\"fusion-button-text\">Cr\u00edticas<\/span><\/a><\/div><div class=\"fusion-recent-posts fusion-recent-posts-2 avada-container layout-default layout-columns-1\"><section class=\"fusion-columns columns fusion-columns-1 columns-1\"><article class=\"post fusion-column column col col-lg-12 col-md-12 col-sm-12\"><div class=\"fusion-flexslider fusion-flexslider-loading flexslider flexslider-hover-type-none\"><ul class=\"slides\"><li><a href=\"https:\/\/mitsp.org\/2020\/biblioteca-mario-de-andrade-apresenta-cancioneiro-terminal-programacao-da-mitbr-de-2020-em-formato-on-line\/\" aria-label=\"Biblioteca M\u00e1rio de Andrade apresenta Cancioneiro Terminal, programa\u00e7\u00e3o da MITbr de 2020, em formato on-line\" class=\"hover-type-none\"><img width=\"700\" height=\"323\" src=\"https:\/\/mitsp.org\/2020\/wp-content\/uploads\/2020\/06\/cancioneiroterminal-live-1-700x323.jpg\" class=\"attachment-recent-posts size-recent-posts\" alt=\"Cancioneiro Terminal\" \/><\/a><\/li><\/ul><\/div><div class=\"recent-posts-content\"><h4 class=\"\"><a href=\"https:\/\/mitsp.org\/2020\/biblioteca-mario-de-andrade-apresenta-cancioneiro-terminal-programacao-da-mitbr-de-2020-em-formato-on-line\/\">Biblioteca M\u00e1rio de Andrade apresenta Cancioneiro Terminal, programa\u00e7\u00e3o da MITbr de 2020, em formato on-line<\/a><\/h4><p class=\"meta\"><span>10  junho  2020<\/span><span class=\"fusion-inline-sep\">|<\/span><\/p><\/div><\/article><article class=\"post fusion-column column col col-lg-12 col-md-12 col-sm-12\"><div class=\"fusion-flexslider fusion-flexslider-loading flexslider flexslider-hover-type-none\"><ul class=\"slides\"><li><a href=\"https:\/\/mitsp.org\/2020\/escuta-das-historias-vozes-silencios-e-lutas-em-paisagens-sonoras-por-wellington-junior\/\" aria-label=\"A escuta das hist\u00f3rias: vozes, sil\u00eancios e lutas em paisagens sonoras por Wellington J\u00fanior\" class=\"hover-type-none\"><img width=\"700\" height=\"441\" src=\"https:\/\/mitsp.org\/2020\/wp-content\/uploads\/2020\/03\/49628571918_8386e0ec86_o-700x441.jpg\" class=\"attachment-recent-posts size-recent-posts\" alt=\"S\u00e1bado Descontra\u00eddo @Guto Muniz\" srcset=\"https:\/\/mitsp.org\/2020\/wp-content\/uploads\/2020\/03\/49628571918_8386e0ec86_o-320x202.jpg 320w, https:\/\/mitsp.org\/2020\/wp-content\/uploads\/2020\/03\/49628571918_8386e0ec86_o-700x441.jpg 700w\" sizes=\"(max-width: 700px) 100vw, 700px\" \/><\/a><\/li><\/ul><\/div><div class=\"recent-posts-content\"><h4 class=\"\"><a href=\"https:\/\/mitsp.org\/2020\/escuta-das-historias-vozes-silencios-e-lutas-em-paisagens-sonoras-por-wellington-junior\/\">A escuta das hist\u00f3rias: vozes, sil\u00eancios e lutas em paisagens sonoras  <h6>por Wellington J\u00fanior<\/h6><\/a><\/h4><p class=\"meta\"><span>3  junho  2020<\/span><span class=\"fusion-inline-sep\">|<\/span><\/p><\/div><\/article><article class=\"post fusion-column column col col-lg-12 col-md-12 col-sm-12\"><div class=\"fusion-flexslider fusion-flexslider-loading flexslider flexslider-hover-type-none\"><ul class=\"slides\"><li><a href=\"https:\/\/mitsp.org\/2020\/centro-cultural-fiesp-exibe-na-integra-em-suas-redes-sociais-o-espetaculo-portugues-sopro-programado-pela-mitsp-de-2020\/\" aria-label=\"Centro Cultural Fiesp exibe na \u00edntegra, em suas redes sociais, o espet\u00e1culo portugu\u00eas Sopro, programado pela MITsp de 2020\" class=\"hover-type-none\"><img width=\"700\" height=\"258\" src=\"https:\/\/mitsp.org\/2020\/wp-content\/uploads\/2020\/05\/banner-sopro-ao-vivo-700x258.jpg\" class=\"attachment-recent-posts size-recent-posts\" alt=\"Sopro\" \/><\/a><\/li><\/ul><\/div><div class=\"recent-posts-content\"><h4 class=\"\"><a href=\"https:\/\/mitsp.org\/2020\/centro-cultural-fiesp-exibe-na-integra-em-suas-redes-sociais-o-espetaculo-portugues-sopro-programado-pela-mitsp-de-2020\/\">Centro Cultural Fiesp exibe na \u00edntegra, em suas redes sociais, o espet\u00e1culo portugu\u00eas Sopro, programado pela MITsp de 2020<\/a><\/h4><p class=\"meta\"><span>30  maio  2020<\/span><span class=\"fusion-inline-sep\">|<\/span><\/p><\/div><\/article><article class=\"post fusion-column column col col-lg-12 col-md-12 col-sm-12\"><div class=\"fusion-flexslider fusion-flexslider-loading flexslider flexslider-hover-type-none\"><ul class=\"slides\"><li><a href=\"https:\/\/mitsp.org\/2020\/teatro-ensino-e-aprendizagem-por-renan-ji\/\" aria-label=\"Teatro, ensino e aprendizagem por Renan Ji\" class=\"hover-type-none\"><img width=\"700\" height=\"441\" src=\"https:\/\/mitsp.org\/2020\/wp-content\/uploads\/2020\/03\/49647576031_63ca927b44_o-700x441.jpg\" class=\"attachment-recent-posts size-recent-posts\" alt=\"By Heart @Guto Muniz\" srcset=\"https:\/\/mitsp.org\/2020\/wp-content\/uploads\/2020\/03\/49647576031_63ca927b44_o-320x202.jpg 320w, https:\/\/mitsp.org\/2020\/wp-content\/uploads\/2020\/03\/49647576031_63ca927b44_o-700x441.jpg 700w\" sizes=\"(max-width: 700px) 100vw, 700px\" \/><\/a><\/li><\/ul><\/div><div class=\"recent-posts-content\"><h4 class=\"\"><a href=\"https:\/\/mitsp.org\/2020\/teatro-ensino-e-aprendizagem-por-renan-ji\/\">Teatro, ensino e aprendizagem  <h6>por Renan Ji<\/h6><\/a><\/h4><p class=\"meta\"><span>25  maio  2020<\/span><span class=\"fusion-inline-sep\">|<\/span><\/p><\/div><\/article><article class=\"post fusion-column column col col-lg-12 col-md-12 col-sm-12\"><div class=\"fusion-flexslider fusion-flexslider-loading flexslider flexslider-hover-type-none\"><ul class=\"slides\"><li><a href=\"https:\/\/mitsp.org\/2020\/quando-voltaremos-respirar-juntos-por-clovis-domingos\/\" aria-label=\"Quando voltaremos a respirar juntos? por Cl\u00f3vis Domingos\" class=\"hover-type-none\"><img width=\"700\" height=\"441\" src=\"https:\/\/mitsp.org\/2020\/wp-content\/uploads\/2020\/03\/49633008737_2c9fe3a1ca_o-700x441.jpg\" class=\"attachment-recent-posts size-recent-posts\" alt=\"O que Fazer Daqui para Tr\u00e1s @Guto Muniz\" srcset=\"https:\/\/mitsp.org\/2020\/wp-content\/uploads\/2020\/03\/49633008737_2c9fe3a1ca_o-320x202.jpg 320w, https:\/\/mitsp.org\/2020\/wp-content\/uploads\/2020\/03\/49633008737_2c9fe3a1ca_o-700x441.jpg 700w\" sizes=\"(max-width: 700px) 100vw, 700px\" \/><\/a><\/li><\/ul><\/div><div class=\"recent-posts-content\"><h4 class=\"\"><a href=\"https:\/\/mitsp.org\/2020\/quando-voltaremos-respirar-juntos-por-clovis-domingos\/\">Quando voltaremos a respirar juntos?  <h6>por Cl\u00f3vis Domingos<\/h6><\/a><\/h4><p class=\"meta\"><span>25  maio  2020<\/span><span class=\"fusion-inline-sep\">|<\/span><\/p><\/div><\/article><article class=\"post fusion-column column col col-lg-12 col-md-12 col-sm-12\"><div class=\"fusion-flexslider fusion-flexslider-loading flexslider flexslider-hover-type-none\"><ul class=\"slides\"><li><a href=\"https:\/\/mitsp.org\/2020\/mitsp-apresenta-espetaculos-da-mitbr-em-formato-online\/\" aria-label=\"MITsp apresenta espet\u00e1culos da MITbr em formato online\" class=\"hover-type-none\"><img width=\"700\" height=\"323\" src=\"https:\/\/mitsp.org\/2020\/wp-content\/uploads\/2020\/05\/banner-mitbr-ao-vivo02-700x323.jpg\" class=\"attachment-recent-posts size-recent-posts\" alt=\"\" \/><\/a><\/li><\/ul><\/div><div class=\"recent-posts-content\"><h4 class=\"\"><a href=\"https:\/\/mitsp.org\/2020\/mitsp-apresenta-espetaculos-da-mitbr-em-formato-online\/\">MITsp apresenta espet\u00e1culos da MITbr em formato online<\/a><\/h4><p class=\"meta\"><span>19  maio  2020<\/span><span class=\"fusion-inline-sep\">|<\/span><\/p><\/div><\/article><\/section><\/div><div class=\"fusion-clearfix\"><\/div><\/div><\/div><\/div><\/div><div class=\"fusion-fullwidth fullwidth-box fusion-builder-row-5 hundred-percent-fullwidth non-hundred-percent-height-scrolling\" style=\"background-color: rgba(255,255,255,0);background-position: center center;background-repeat: no-repeat;padding-top:0px;padding-right:0px;padding-bottom:0px;padding-left:0px;margin-bottom: 0px;margin-top: 0px;border-width: 0px 0px 0px 0px;border-color:#eae9e9;border-style:solid;\" ><div class=\"fusion-builder-row fusion-row\"><div class=\"fusion-layout-column fusion_builder_column fusion-builder-column-8 fusion_builder_column_1_1 1_1 fusion-one-full fusion-column-first fusion-column-last\" style=\"margin-top:0px;margin-bottom:20px;\"><div class=\"fusion-column-wrapper fusion-flex-column-wrapper-legacy\" style=\"background-position:left top;background-repeat:no-repeat;-webkit-background-size:cover;-moz-background-size:cover;-o-background-size:cover;background-size:cover;padding: 0px 0px 0px 0px;\"><div class=\"fusion-widget-area fusion-widget-area-1 fusion-content-widget-area\"><style type=\"text\/css\">.fusion-widget-area-1 {padding:0px 0px 0px 0px;}.fusion-widget-area-1 .widget h4 {color:#333333;}.fusion-widget-area-1 .widget .heading h4 {color:#333333;}.fusion-widget-area-1 .widget h4 {font-size:20px;}.fusion-widget-area-1 .widget .heading h4 {font-size:20px;}<\/style><div id=\"text-4\" class=\"widget widget_text\">\t\t\t<div class=\"textwidget\"><p><div class=\"fusion-fullwidth fullwidth-box fusion-builder-row-5-1 fusion-parallax-fixed nonhundred-percent-fullwidth non-hundred-percent-height-scrolling\" style=\"background-color: rgba(255,255,255,0);background-image: url(&quot;https:\/\/mitsp.org\/2020\/wp-content\/uploads\/2020\/01\/footer-eixos2.png&quot;);background-position: center center;background-repeat: no-repeat;padding-top:130px;padding-right:30px;padding-bottom:130px;padding-left:30px;margin-bottom: 0px;margin-top: 0px;border-width: 0px 0px 0px 0px;border-color:#eae9e9;border-style:solid;-webkit-background-size:cover;-moz-background-size:cover;-o-background-size:cover;background-size:cover;background-attachment:fixed;\" ><div class=\"fusion-builder-row fusion-row\"><div class=\"fusion-layout-column fusion_builder_column fusion-builder-column-9 fusion_builder_column_1_1 1_1 fusion-one-full fusion-column-first fusion-column-last\" style=\"margin-top:0px;margin-bottom:20px;\"><div class=\"fusion-column-wrapper fusion-flex-column-wrapper-legacy\" style=\"background-position:left top;background-repeat:no-repeat;-webkit-background-size:cover;-moz-background-size:cover;-o-background-size:cover;background-size:cover;padding: 0px 0px 0px 0px;\"><div class=\"fusion-clearfix\"><\/div><\/div><\/div><\/div><\/div><div class=\"fusion-fullwidth fullwidth-box fusion-builder-row-5-2 hundred-percent-fullwidth non-hundred-percent-height-scrolling\" style=\"background-color: rgba(255,255,255,0);background-position: center center;background-repeat: no-repeat;padding-top:0px;padding-right:0px;padding-bottom:0px;padding-left:0px;margin-bottom: 0px;margin-top: 0px;border-width: 0px 0px 0px 0px;border-color:#eae9e9;border-style:solid;\" ><div class=\"fusion-builder-row fusion-row\"><div class=\"fusion-layout-column fusion_builder_column fusion-builder-column-10 fusion_builder_column_1_1 1_1 fusion-one-full fusion-column-first fusion-column-last\" style=\"margin-top:0px;margin-bottom:20px;\"><div class=\"fusion-column-wrapper fusion-flex-column-wrapper-legacy\" style=\"background-position:left top;background-repeat:no-repeat;-webkit-background-size:cover;-moz-background-size:cover;-o-background-size:cover;background-size:cover;border-bottom:12px solid #81675b;padding: 0px 0px 0px 0px;\"><div class=\"fusion-clearfix\"><\/div><\/div><\/div><\/div><\/div><\/p>\n<\/div>\n\t\t<\/div><div class=\"fusion-additional-widget-content\"><\/div><\/div><div class=\"fusion-clearfix\"><\/div><\/div><\/div><\/div><\/div><\/p>\n","protected":false},"excerpt":{"rendered":"<p>Grupo MEXA<\/p>\n","protected":false},"author":6,"featured_media":10202,"comment_status":"closed","ping_status":"open","sticky":false,"template":"","format":"standard","meta":{"_links_to":"","_links_to_target":""},"categories":[6,136],"tags":[],"yst_prominent_words":[],"acf":{"synopsis":"O MEXA \u00e9 um coletivo art\u00edstico que trabalha com pessoas \u00e0 margem. Em Cancioneiro Terminal, o grupo parte da investiga\u00e7\u00e3o de fotografias e v\u00eddeos produzidos sobre si e se pergunta com quais delas gostaria de contar a hist\u00f3ria do seu presente.","age_restriction":"12","duration":"80","director":"Diretor: Grupo MEXA","teaser_url":"https:\/\/youtu.be\/YLo10Oktt_I","payment_type":"free","purchase_url":"https:\/\/goo.gl\/maps\/2vTDVwPhRdsm4QEd9","places":[{"place":false,"region":"1","date":"2020-03-13 19:00:00"},{"place":false,"region":"1","date":"2020-03-14 19:00:00"}],"activities":"","payment_info":"","live":false},"_links":{"self":[{"href":"https:\/\/mitsp.org\/2020\/wp-json\/wp\/v2\/posts\/6154"}],"collection":[{"href":"https:\/\/mitsp.org\/2020\/wp-json\/wp\/v2\/posts"}],"about":[{"href":"https:\/\/mitsp.org\/2020\/wp-json\/wp\/v2\/types\/post"}],"author":[{"embeddable":true,"href":"https:\/\/mitsp.org\/2020\/wp-json\/wp\/v2\/users\/6"}],"replies":[{"embeddable":true,"href":"https:\/\/mitsp.org\/2020\/wp-json\/wp\/v2\/comments?post=6154"}],"version-history":[{"count":0,"href":"https:\/\/mitsp.org\/2020\/wp-json\/wp\/v2\/posts\/6154\/revisions"}],"wp:featuredmedia":[{"embeddable":true,"href":"https:\/\/mitsp.org\/2020\/wp-json\/wp\/v2\/media\/10202"}],"wp:attachment":[{"href":"https:\/\/mitsp.org\/2020\/wp-json\/wp\/v2\/media?parent=6154"}],"wp:term":[{"taxonomy":"category","embeddable":true,"href":"https:\/\/mitsp.org\/2020\/wp-json\/wp\/v2\/categories?post=6154"},{"taxonomy":"post_tag","embeddable":true,"href":"https:\/\/mitsp.org\/2020\/wp-json\/wp\/v2\/tags?post=6154"},{"taxonomy":"yst_prominent_words","embeddable":true,"href":"https:\/\/mitsp.org\/2020\/wp-json\/wp\/v2\/yst_prominent_words?post=6154"}],"curies":[{"name":"wp","href":"https:\/\/api.w.org\/{rel}","templated":true}]}}