{"id":5812,"date":"2020-01-29T12:50:20","date_gmt":"2020-01-29T15:50:20","guid":{"rendered":"https:\/\/mitsp.org\/2020\/?p=5812"},"modified":"2020-03-09T08:21:58","modified_gmt":"2020-03-09T11:21:58","slug":"tu-amaras","status":"publish","type":"post","link":"https:\/\/mitsp.org\/2020\/tu-amaras\/","title":{"rendered":"TU AMAR\u00c1S"},"content":{"rendered":"<p><div class=\"fusion-fullwidth fullwidth-box fusion-builder-row-1 nonhundred-percent-fullwidth non-hundred-percent-height-scrolling\" style=\"background-color: rgba(255,255,255,0);background-position: center center;background-repeat: no-repeat;padding-top:0px;padding-right:0px;padding-bottom:0px;padding-left:0px;margin-bottom: 0px;margin-top: 0px;border-width: 0px 0px 0px 0px;border-color:#eae9e9;border-style:solid;\" ><div class=\"fusion-builder-row fusion-row\"><div class=\"fusion-layout-column fusion_builder_column fusion-builder-column-0 fusion_builder_column_1_1 1_1 fusion-one-full fusion-column-first fusion-column-last\" style=\"margin-top:0px;margin-bottom:20px;\"><div class=\"fusion-column-wrapper fusion-flex-column-wrapper-legacy\" style=\"background-position:left top;background-repeat:no-repeat;-webkit-background-size:cover;-moz-background-size:cover;-o-background-size:cover;background-size:cover;padding: 0px 0px 0px 0px;\"><div class=\"fusion-text fusion-text-1\"><h2>TU AMAR\u00c1S<\/h2>\n<div class=\"fusion-sep-clear\"><\/div><div class=\"fusion-separator fusion-full-width-sep\" style=\"margin-left: auto;margin-right: auto;margin-bottom:-30px;width:100%;\"><\/div><div class=\"fusion-sep-clear\"><\/div>\n<h4><strong>T\u00cdTULO ORIGINAL: <em>T\u00da AMAR\u00c1S<\/em><\/strong><\/h4>\n<h4><strong>DIRE\u00c7\u00c3O<\/strong><strong>:<\/strong> <b>Bonobo<\/b><\/h4>\n<p><span style=\"font-weight: 400;\">CHILE, 2018<\/span> | <span style=\"font-weight: 400;\">1h15min <\/span><span style=\"font-weight: 400;\">\u00a0<\/span>| Classifica\u00e7\u00e3o indicativa: <span style=\"font-weight: 400;\">16<\/span><span style=\"font-weight: 400;\">\u00a0anos<\/span><\/p>\n<\/div><div class=\"fusion-clearfix\"><\/div><\/div><\/div><div class=\"fusion-layout-column fusion_builder_column fusion-builder-column-1 fusion_builder_column_1_1 1_1 fusion-one-full fusion-column-first fusion-column-last fusion-column-no-min-height\" style=\"margin-top:0px;margin-bottom:20px;\"><div class=\"fusion-column-wrapper fusion-flex-column-wrapper-legacy\" style=\"background-position:left top;background-repeat:no-repeat;-webkit-background-size:cover;-moz-background-size:cover;-o-background-size:cover;background-size:cover;padding: 0px 0px 0px 0px;\"><div class=\"fusion-text fusion-text-2\"><h6 style=\"text-align: right;\"><img class=\"alignnone size-full wp-image-6022\" src=\"https:\/\/mitsp.org\/2020\/wp-content\/uploads\/2020\/02\/Marcus-Xaverius-tu-amaras.jpg\" alt=\"Tu Amar\u00e1s \u00a9Marcus Xaverius\" width=\"1200\" height=\"700\" srcset=\"https:\/\/mitsp.org\/2020\/wp-content\/uploads\/2020\/02\/Marcus-Xaverius-tu-amaras-200x117.jpg 200w, https:\/\/mitsp.org\/2020\/wp-content\/uploads\/2020\/02\/Marcus-Xaverius-tu-amaras-300x175.jpg 300w, https:\/\/mitsp.org\/2020\/wp-content\/uploads\/2020\/02\/Marcus-Xaverius-tu-amaras-400x233.jpg 400w, https:\/\/mitsp.org\/2020\/wp-content\/uploads\/2020\/02\/Marcus-Xaverius-tu-amaras-600x350.jpg 600w, https:\/\/mitsp.org\/2020\/wp-content\/uploads\/2020\/02\/Marcus-Xaverius-tu-amaras-768x448.jpg 768w, https:\/\/mitsp.org\/2020\/wp-content\/uploads\/2020\/02\/Marcus-Xaverius-tu-amaras-800x467.jpg 800w, https:\/\/mitsp.org\/2020\/wp-content\/uploads\/2020\/02\/Marcus-Xaverius-tu-amaras-1024x597.jpg 1024w, https:\/\/mitsp.org\/2020\/wp-content\/uploads\/2020\/02\/Marcus-Xaverius-tu-amaras.jpg 1200w\" sizes=\"(max-width: 1200px) 100vw, 1200px\" \/><br \/>\n\u00a9Marcus Xaverius<\/h6>\n<\/div><div class=\"fusion-clearfix\"><\/div><\/div><\/div><\/div><\/div><div class=\"fusion-fullwidth fullwidth-box fusion-builder-row-2 nonhundred-percent-fullwidth non-hundred-percent-height-scrolling\" style=\"background-color: rgba(255,255,255,0);background-position: center center;background-repeat: no-repeat;padding-top:0px;padding-right:0px;padding-bottom:0px;padding-left:0px;margin-bottom: 0px;margin-top: 0px;border-width: 0px 0px 0px 0px;border-color:#eae9e9;border-style:solid;\" ><div class=\"fusion-builder-row fusion-row\"><div class=\"fusion-layout-column fusion_builder_column fusion-builder-column-2 fusion_builder_column_1_2 1_2 fusion-one-half fusion-column-first\" style=\"width:50%;width:calc(50% - ( ( 4% ) * 0.5 ) );margin-right: 4%;margin-top:-20px;margin-bottom:20px;\"><div class=\"fusion-column-wrapper fusion-flex-column-wrapper-legacy\" style=\"background-position:left top;background-repeat:no-repeat;-webkit-background-size:cover;-moz-background-size:cover;-o-background-size:cover;background-size:cover;padding: 0px 0px 0px 0px;\"><div class=\"fusion-text fusion-text-3\"><h3>7\/3, \u00e0s 21h<br \/>\n8\/3, \u00e0s 20h<\/h3>\n<h4><strong>LOCAL: <a href=\"https:\/\/goo.gl\/maps\/AyV4cSTkyzDdaDGJ7\" target=\"_blank\" rel=\"noopener noreferrer\">Teatro Porto Seguro<\/a><\/strong><\/h4>\n<\/div><div class=\"fusion-clearfix\"><\/div><\/div><\/div><div class=\"fusion-layout-column fusion_builder_column fusion-builder-column-3 fusion_builder_column_1_2 1_2 fusion-one-half fusion-column-last bt-hide\" style=\"width:50%;width:calc(50% - ( ( 4% ) * 0.5 ) );margin-top:0px;margin-bottom:20px;\"><div class=\"fusion-column-wrapper fusion-flex-column-wrapper-legacy\" style=\"background-position:left top;background-repeat:no-repeat;-webkit-background-size:cover;-moz-background-size:cover;-o-background-size:cover;background-size:cover;padding: 0px 0px 0px 0px;\"><div class=\"fusion-align-block\"><style>.fusion-body .fusion-button.button-1 .fusion-button-text{color:#ffffff;text-transform:none;}.fusion-body .fusion-button.button-1{border-color:#ffffff;border-radius:0px 0px 0px 0px;background:#a0cf76;}.fusion-body .fusion-button.button-1 i,.fusion-body .fusion-button.button-1:hover .fusion-button-text,.fusion-body .fusion-button.button-1:hover i,.fusion-body .fusion-button.button-1:focus .fusion-button-text,.fusion-body .fusion-button.button-1:focus i,.fusion-body .fusion-button.button-1:active .fusion-button-text,.fusion-body .fusion-button.button-1:active i{color:#ffffff;}.fusion-body .fusion-button.button-1:hover,.fusion-body .fusion-button.button-1:active,.fusion-body .fusion-button.button-1:focus{border-color:#ffffff;background:#a0cf76;}<\/style><a class=\"fusion-button button-flat button-xlarge button-custom button-1 fusion-button-span-yes fusion-button-default-type\" target=\"_blank\" rel=\"noopener noreferrer\" href=\"http:\/\/tudus.com.br\/teatro-porto-seguro-tu-amaras--mostra-internacional-de-teatro-de-sao-paulo\"><span class=\"fusion-button-text\">Adquira seu ingresso<\/span><\/a><\/div><div class=\"fusion-clearfix\"><\/div><\/div><\/div><\/div><\/div><div class=\"fusion-fullwidth fullwidth-box fusion-builder-row-3 nonhundred-percent-fullwidth non-hundred-percent-height-scrolling fusion-equal-height-columns\" style=\"background-color: rgba(255,255,255,0);background-position: center center;background-repeat: no-repeat;padding-top:0px;padding-right:0px;padding-bottom:0px;padding-left:0px;margin-bottom: 0px;margin-top: 60px;border-width: 0px 0px 0px 0px;border-color:#eae9e9;border-style:solid;\" ><div class=\"fusion-builder-row fusion-row\"><div class=\"fusion-layout-column fusion_builder_column fusion-builder-column-4 fusion_builder_column_1_1 1_1 fusion-one-full fusion-column-first fusion-column-last\" style=\"margin-top:0px;margin-bottom:20px;\"><div class=\"fusion-column-wrapper fusion-flex-column-wrapper-legacy\" style=\"background-position:left top;background-repeat:no-repeat;-webkit-background-size:cover;-moz-background-size:cover;-o-background-size:cover;background-size:cover;background-color:#515151;padding: 0px 0px 0px 0px;\"><div class=\"fusion-column-content-centered\"><div class=\"fusion-column-content\"><div class=\"fusion-align-block\"><style>.fusion-body .fusion-button.button-2 .fusion-button-text{color:#ffffff;text-transform:none;}.fusion-body .fusion-button.button-2{border-color:#ffffff;border-radius:0px 0px 0px 0px;background:#515151;}.fusion-body .fusion-button.button-2 i,.fusion-body .fusion-button.button-2:hover .fusion-button-text,.fusion-body .fusion-button.button-2:hover i,.fusion-body .fusion-button.button-2:focus .fusion-button-text,.fusion-body .fusion-button.button-2:focus i,.fusion-body .fusion-button.button-2:active .fusion-button-text,.fusion-body .fusion-button.button-2:active i{color:#ffffff;}.fusion-body .fusion-button.button-2:hover,.fusion-body .fusion-button.button-2:active,.fusion-body .fusion-button.button-2:focus{border-color:#ffffff;background:#3f3f3f;}<\/style><a class=\"fusion-button button-flat button-large button-custom button-2 fusion-button-span-yes fusion-button-default-type\" target=\"_blank\" rel=\"noopener noreferrer\" href=\"https:\/\/mitsp.org\/2020\/autoria-em-jogo-do-hegemonico-ao-particular\/\"><span class=\"fusion-button-text\">Oficina: Autoria em Jogo: Do Hegem\u00f4nico ao Particular:<\/span><\/a><\/div><\/div><\/div><div class=\"fusion-clearfix\"><\/div><\/div><\/div><\/div><\/div><div class=\"fusion-fullwidth fullwidth-box fusion-builder-row-4 nonhundred-percent-fullwidth non-hundred-percent-height-scrolling fusion-equal-height-columns\" style=\"background-color: rgba(255,255,255,0);background-position: center center;background-repeat: no-repeat;padding-top:0px;padding-right:0px;padding-bottom:0px;padding-left:0px;margin-bottom: 60px;margin-top: 60px;border-width: 0px 0px 0px 0px;border-color:#eae9e9;border-style:solid;\" ><div class=\"fusion-builder-row fusion-row\"><div class=\"fusion-layout-column fusion_builder_column fusion-builder-column-5 fusion_builder_column_4_5 4_5 fusion-four-fifth fusion-column-first\" style=\"width:80%;width:calc(80% - ( ( 30px ) * 0.8 ) );margin-right: 30px;margin-top:0px;margin-bottom:20px;\"><div class=\"fusion-column-wrapper fusion-flex-column-wrapper-legacy\" style=\"background-position:left top;background-repeat:no-repeat;-webkit-background-size:cover;-moz-background-size:cover;-o-background-size:cover;background-size:cover;padding: 0px 0px 0px 0px;\"><div class=\"fusion-text fusion-text-4\"><p style=\"padding-left: 120px;\"><img class=\"alignleft wp-image-2608\" title=\"Sinopse\" src=\"https:\/\/mitsp.org\/2019\/wp-content\/uploads\/2019\/02\/tit-sinopse-71x300.jpg\" alt=\"Sinopse\" width=\"50\" height=\"211\" \/><\/p>\n<p><span style=\"font-weight: 400;\">Com o espet\u00e1culo <\/span><i><span style=\"font-weight: 400;\">Tu Amar\u00e1s<\/span><\/i><span style=\"font-weight: 400;\">, o grupo chileno Bonobo d\u00e1 continuidade a sua pesquisa sobre a viol\u00eancia cometida contra os \u201coutros\u201d em uma sociedade democr\u00e1tica \u2013 o t\u00edtulo alude aos mandamentos crist\u00e3os. Nesta com\u00e9dia ir\u00f4nica, um grupo de m\u00e9dicos chilenos se prepara para uma confer\u00eancia internacional sobre o preconceito na medicina. O debate, permeado por questionamentos como quem \u00e9 o inimigo e como ele se constr\u00f3i, se torna mais complexo devido \u00e0 recente chegada dos Amenitas, extraterrestres que se estabeleceram na Terra. Incompreendidos, marginalizados e temidos, esses seres oferecem a oportunidade para que o grupo reflita sobre o amor, a viol\u00eancia e o \u00f3dio impl\u00edcitos na rela\u00e7\u00e3o com os \u201cforasteiros\u201d. A pe\u00e7a, que recebeu pr\u00eamios no Chile e no Jap\u00e3o, foi desenvolvida em resid\u00eancias no Espacio Checoeslovaquia, em Santiago, e no Baryshnikov Arts Center, em Nova York.<\/span><\/p>\n<\/div><div class=\"fusion-sep-clear\"><\/div><div class=\"fusion-separator fusion-full-width-sep\" style=\"margin-left: auto;margin-right: auto;margin-top:60px;width:100%;\"><\/div><div class=\"fusion-sep-clear\"><\/div><div class=\"fusion-video fusion-youtube\" style=\"max-width:900px;max-height:480px;\"><div class=\"video-shortcode\"><iframe title=\"YouTube video player 1\" src=\"https:\/\/www.youtube.com\/embed\/PxP0Rn-T9Fg?wmode=transparent&autoplay=0\" width=\"900\" height=\"480\" allowfullscreen allow=\"autoplay; fullscreen\"><\/iframe><\/div><\/div><div class=\"fusion-sep-clear\"><\/div><div class=\"fusion-separator fusion-full-width-sep\" style=\"margin-left: auto;margin-right: auto;margin-top:60px;width:100%;\"><\/div><div class=\"fusion-sep-clear\"><\/div><div class=\"fusion-text fusion-text-5\"><p style=\"padding-left: 120px;\"><img class=\"alignleft wp-image-2607\" title=\"Hist\u00f3rico\" src=\"https:\/\/mitsp.org\/2019\/wp-content\/uploads\/2019\/02\/tit-historico.jpg\" alt=\"Hist\u00f3rico\" width=\"50\" height=\"257\" \/><\/p>\n<p><span style=\"font-weight: 400;\">Bonobo \u00e9 uma companhia de teatro fundada em 2012 pelos artistas Pablo Manzi e Andreina Olivari com o objetivo de levar ao palco novas obras que estimulem a reflex\u00e3o cr\u00edtica do espectador. Atrav\u00e9s de uma metodologia de cria\u00e7\u00e3o coletiva com \u00eanfase em pesquisa e improvisa\u00e7\u00e3o, eles se tornaram um dos mais conceituados grupos jovens do teatro chileno. Integram seu repert\u00f3rio os espet\u00e1culos<\/span><i><span style=\"font-weight: 400;\"> Amansadura <\/span><\/i><span style=\"font-weight: 400;\">(2012), <\/span><i><span style=\"font-weight: 400;\">Donde Viven los B\u00e1rbaros<\/span><\/i><span style=\"font-weight: 400;\"> (2015) e <\/span><i><span style=\"font-weight: 400;\">Tu Amar\u00e1s<\/span><\/i><span style=\"font-weight: 400;\"> (2018), que participaram de festivais em pa\u00edses como Alemanha, B\u00e9lgica, Holanda, Espanha, It\u00e1lia, Su\u00e9cia, Jap\u00e3o, M\u00e9xico, Brasil, Peru e Chile.<\/span><\/p>\n<\/div><div class=\"fusion-sep-clear\"><\/div><div class=\"fusion-separator fusion-full-width-sep\" style=\"margin-left: auto;margin-right: auto;margin-top:30px;width:100%;\"><\/div><div class=\"fusion-sep-clear\"><\/div><div class=\"fusion-text fusion-text-6\"><h2 style=\"text-align: right;\"><span style=\"font-size: 44px; color: #000000;\">CR\u00cdTICAS<\/span><\/h2>\n<p><em><span style=\"font-weight: 400;\">O maior acerto de <\/span><span style=\"font-weight: 400;\">Tu Amar\u00e1s<\/span><span style=\"font-weight: 400;\">, al\u00e9m de seu bem pensado t\u00edtulo de contornos b\u00edblicos, \u00e9 que deixa em uma zona inc\u00f4moda e cinza nossa ideia de progresso, democracia e evolu\u00e7\u00e3o. As puls\u00f5es mais baixas em rela\u00e7\u00e3o aos outros (\u00f3dio, intoler\u00e2ncia, medo) parecem ser assumidos como parte de nosso cotidiano e da ideia progressista de nos vermos como iguais. A obra desmonta essa no\u00e7\u00e3o e a exp\u00f5e em uma dial\u00e9tica entre as esferas p\u00fablica e privada em tempos em que o discurso oficial imp\u00f5e uma vis\u00e3o monol\u00edtica do bem.<\/span><\/em><\/p>\n<p><strong><a href=\"https:\/\/culturizarte.cl\/critica-de-teatro-tu-amaras-como-prejuzgar-a-un-extraterrestre\/\">JORGE LETELIER, Culturizarte<\/a><\/strong><\/p>\n<p><em><span style=\"font-weight: 400;\">Esta montagem \u00e9 uma obra cuja densidade do conte\u00fado poderia ser sufocante, por\u00e9m, a comicidade de seus di\u00e1logos inteligentes introduz o espectador pouco a pouco na reflex\u00e3o cr\u00edtica sobre os temas que o t\u00edtulo coloca: a viol\u00eancia cotidiana sorrateira, os preconceitos que moldam nosso comportamento e nossas decis\u00f5es, a incoer\u00eancia entre ser e dever ser, as consequ\u00eancias n\u00e3o intencionais de nossas a\u00e7\u00f5es, entre outros assuntos. S\u00e3o falas \u00e1geis, feitas por um elenco de atores bem dirigidos e cuja corporalidade complementa os pensamentos (des)velados nas palavras que usam.<\/span><\/em><\/p>\n<p><strong><a href=\"https:\/\/www.cineyliteratura.cl\/tu-amaras-las-conjeturas-sobre-el-otro\/\">JESSENIA CHAMORRO SALAS, Cine y Literatura<\/a><\/strong><\/p>\n<\/div><div class=\"fusion-sep-clear\"><\/div><div class=\"fusion-separator fusion-full-width-sep\" style=\"margin-left: auto;margin-right: auto;margin-top:60px;width:100%;\"><\/div><div class=\"fusion-sep-clear\"><\/div><div class=\"fusion-text fusion-text-7\"><p><img class=\"alignnone wp-image-3067\" src=\"https:\/\/mitsp.org\/2019\/wp-content\/uploads\/2019\/02\/titficha-tecnica.jpg\" alt=\"Ficha T\u00e9cnica\" width=\"320\" height=\"46\" \/><\/p>\n<p><strong>DRAMATURGIA:<\/strong> Pablo Manzi<br \/>\n<strong>DIRE\u00c7\u00c3O:<\/strong> Andreina Olivari e Pablo Manzi<br \/>\n<strong>ELENCO:<\/strong> Gabriel Ca\u00f1as, Carlos Donoso, Paulina Giglio, Guilherme Sep\u00falveda e Gabriel Urz\u00faa<br \/>\n<strong>DESIGN DE CEN\u00c1RIO, LUZ E FIGURINO:<\/strong> Felipe Olivares e Juan Andr\u00e9s Rivera<br \/>\n<strong>M\u00daSICA ORIGINAL:<\/strong> Camilo Catepill\u00e1n<br \/>\n<strong>COORDENA\u00c7\u00c3O T\u00c9CNICA:<\/strong> Ra\u00fal Donoso<br \/>\n<strong>PRODU\u00c7\u00c3O:<\/strong> Horacio P\u00e9rez<br \/>\n<strong>COPRODUC\u0327A\u0303O<\/strong> Espac\u0327o Checoeslovaquia e Fundacio\u0301n Teatro a Mil<\/p>\n<div class=\"page\" title=\"Page 15\">\n<div class=\"layoutArea\">\n<div class=\"column\">\n<p style=\"text-align: right;\"><strong>ESTE ESPETA\u0301CULO E\u0301 APOIADO PELO DIRAC &#8211; MINISTE\u0301RIO DAS RELAC\u0327O\u0303ES EXTERIORES DO CHILE<\/strong><\/p>\n<\/div>\n<\/div>\n<\/div>\n<\/div><div class=\"fusion-clearfix\"><\/div><\/div><\/div><div class=\"fusion-layout-column fusion_builder_column fusion-builder-column-6 fusion_builder_column_1_5 1_5 fusion-one-fifth fusion-column-last\" style=\"width:20%;width:calc(20% - ( ( 30px ) * 0.2 ) );margin-top:0px;margin-bottom:20px;\"><div class=\"fusion-column-wrapper fusion-flex-column-wrapper-legacy\" style=\"background-position:left top;background-repeat:no-repeat;-webkit-background-size:cover;-moz-background-size:cover;-o-background-size:cover;background-size:cover;border-left:3px solid #e0efd2;padding: 0px 0px 0px 30px;\"><div class=\"fusion-align-block\"><style>.fusion-body .fusion-button.button-3{border-color:#ffffff;border-radius:0px 0px 0px 0px;background:#a0cf76;}.fusion-body .fusion-button.button-3 .fusion-button-text,.fusion-body .fusion-button.button-3 i,.fusion-body .fusion-button.button-3:hover .fusion-button-text,.fusion-body .fusion-button.button-3:hover i,.fusion-body .fusion-button.button-3:focus .fusion-button-text,.fusion-body .fusion-button.button-3:focus i,.fusion-body .fusion-button.button-3:active .fusion-button-text,.fusion-body .fusion-button.button-3:active i{color:#ffffff;}.fusion-body .fusion-button.button-3:hover,.fusion-body .fusion-button.button-3:active,.fusion-body .fusion-button.button-3:focus{border-color:#ffffff;background:#a0cf76;}<\/style><a class=\"fusion-button button-flat button-xlarge button-custom button-3 fusion-button-span-yes fusion-button-default-type\" target=\"_self\"><span class=\"fusion-button-text\">Cr\u00edticas<\/span><\/a><\/div><div class=\"fusion-recent-posts fusion-recent-posts-1 avada-container layout-default layout-columns-1\"><section class=\"fusion-columns columns fusion-columns-1 columns-1\"><article class=\"post fusion-column column col col-lg-12 col-md-12 col-sm-12\"><div class=\"fusion-flexslider fusion-flexslider-loading flexslider flexslider-hover-type-none\"><ul class=\"slides\"><li><a href=\"https:\/\/mitsp.org\/2020\/quando-voltaremos-respirar-juntos-por-clovis-domingos\/\" aria-label=\"Quando voltaremos a respirar juntos? por Cl\u00f3vis Domingos\" class=\"hover-type-none\"><img width=\"700\" height=\"441\" src=\"https:\/\/mitsp.org\/2020\/wp-content\/uploads\/2020\/03\/49633008737_2c9fe3a1ca_o-700x441.jpg\" class=\"attachment-recent-posts size-recent-posts\" alt=\"O que Fazer Daqui para Tr\u00e1s @Guto Muniz\" srcset=\"https:\/\/mitsp.org\/2020\/wp-content\/uploads\/2020\/03\/49633008737_2c9fe3a1ca_o-320x202.jpg 320w, https:\/\/mitsp.org\/2020\/wp-content\/uploads\/2020\/03\/49633008737_2c9fe3a1ca_o-700x441.jpg 700w\" sizes=\"(max-width: 700px) 100vw, 700px\" \/><\/a><\/li><\/ul><\/div><div class=\"recent-posts-content\"><h4 class=\"\"><a href=\"https:\/\/mitsp.org\/2020\/quando-voltaremos-respirar-juntos-por-clovis-domingos\/\">Quando voltaremos a respirar juntos?  <h6>por Cl\u00f3vis Domingos<\/h6><\/a><\/h4><p class=\"meta\"><span>25  maio  2020<\/span><span class=\"fusion-inline-sep\">|<\/span><\/p><\/div><\/article><article class=\"post fusion-column column col col-lg-12 col-md-12 col-sm-12\"><div class=\"fusion-flexslider fusion-flexslider-loading flexslider flexslider-hover-type-none\"><ul class=\"slides\"><li><a href=\"https:\/\/mitsp.org\/2020\/reinventar-riqueza-redistribuir-o-poder-por-daniel-toledo\/\" aria-label=\"Reinventar a riqueza, redistribuir o poder por Daniel Toledo\" class=\"hover-type-none\"><img width=\"700\" height=\"441\" src=\"https:\/\/mitsp.org\/2020\/wp-content\/uploads\/2020\/05\/49629963846_c83f453898_o-700x441.jpg\" class=\"attachment-recent-posts size-recent-posts\" alt=\"\" srcset=\"https:\/\/mitsp.org\/2020\/wp-content\/uploads\/2020\/05\/49629963846_c83f453898_o-320x202.jpg 320w, https:\/\/mitsp.org\/2020\/wp-content\/uploads\/2020\/05\/49629963846_c83f453898_o-700x441.jpg 700w\" sizes=\"(max-width: 700px) 100vw, 700px\" \/><\/a><\/li><\/ul><\/div><div class=\"recent-posts-content\"><h4 class=\"\"><a href=\"https:\/\/mitsp.org\/2020\/reinventar-riqueza-redistribuir-o-poder-por-daniel-toledo\/\">Reinventar a riqueza, redistribuir o poder  <h6>por Daniel Toledo<\/h6><\/a><\/h4><p class=\"meta\"><span>15  maio  2020<\/span><span class=\"fusion-inline-sep\">|<\/span><\/p><\/div><\/article><article class=\"post fusion-column column col col-lg-12 col-md-12 col-sm-12\"><div class=\"fusion-flexslider fusion-flexslider-loading flexslider flexslider-hover-type-none\"><ul class=\"slides\"><li><a href=\"https:\/\/mitsp.org\/2020\/sob-pele-das-palavras-e-das-coisas-por-renan-ji\/\" aria-label=\"Sob a pele das palavras e das coisas por Renan Ji\" class=\"hover-type-none\"><img width=\"700\" height=\"441\" src=\"https:\/\/mitsp.org\/2020\/wp-content\/uploads\/2020\/03\/49633234101_331b1bba19_o-700x441.jpg\" class=\"attachment-recent-posts size-recent-posts\" alt=\"Tu Amar\u00e1s @Nereu Jr\" srcset=\"https:\/\/mitsp.org\/2020\/wp-content\/uploads\/2020\/03\/49633234101_331b1bba19_o-320x202.jpg 320w, https:\/\/mitsp.org\/2020\/wp-content\/uploads\/2020\/03\/49633234101_331b1bba19_o-700x441.jpg 700w\" sizes=\"(max-width: 700px) 100vw, 700px\" \/><\/a><\/li><\/ul><\/div><div class=\"recent-posts-content\"><h4 class=\"\"><a href=\"https:\/\/mitsp.org\/2020\/sob-pele-das-palavras-e-das-coisas-por-renan-ji\/\">Sob a pele das palavras e das coisas <h6>por Renan Ji<\/h6><\/a><\/h4><p class=\"meta\"><span>8  mar\u00e7o  2020<\/span><span class=\"fusion-inline-sep\">|<\/span><\/p><\/div><\/article><article class=\"post fusion-column column col col-lg-12 col-md-12 col-sm-12\"><div class=\"fusion-flexslider fusion-flexslider-loading flexslider flexslider-hover-type-none\"><ul class=\"slides\"><li><a href=\"https:\/\/mitsp.org\/2020\/incomodo-ou-violencia-de-um-falso-amor-por-rodrigo-nascimento\/\" aria-label=\"Inc\u00f4modo ou a viol\u00eancia de um falso amor por Rodrigo Nascimento\" class=\"hover-type-none\"><img width=\"700\" height=\"441\" src=\"https:\/\/mitsp.org\/2020\/wp-content\/uploads\/2020\/03\/49633502852_aa2efc7eb4_o-700x441.jpg\" class=\"attachment-recent-posts size-recent-posts\" alt=\"Tu Amar\u00e1s @Nereu Jr\" srcset=\"https:\/\/mitsp.org\/2020\/wp-content\/uploads\/2020\/03\/49633502852_aa2efc7eb4_o-320x202.jpg 320w, https:\/\/mitsp.org\/2020\/wp-content\/uploads\/2020\/03\/49633502852_aa2efc7eb4_o-700x441.jpg 700w\" sizes=\"(max-width: 700px) 100vw, 700px\" \/><\/a><\/li><\/ul><\/div><div class=\"recent-posts-content\"><h4 class=\"\"><a href=\"https:\/\/mitsp.org\/2020\/incomodo-ou-violencia-de-um-falso-amor-por-rodrigo-nascimento\/\">Inc\u00f4modo ou a viol\u00eancia de um falso amor <h6>por Rodrigo Nascimento<\/h6><\/a><\/h4><p class=\"meta\"><span>8  mar\u00e7o  2020<\/span><span class=\"fusion-inline-sep\">|<\/span><\/p><\/div><\/article><\/section><\/div><div class=\"fusion-clearfix\"><\/div><\/div><\/div><\/div><\/div><div class=\"fusion-fullwidth fullwidth-box fusion-builder-row-5 hundred-percent-fullwidth non-hundred-percent-height-scrolling\" style=\"background-color: rgba(255,255,255,0);background-position: center center;background-repeat: no-repeat;padding-top:0px;padding-right:0px;padding-bottom:0px;padding-left:0px;margin-bottom: 0px;margin-top: 0px;border-width: 0px 0px 0px 0px;border-color:#eae9e9;border-style:solid;\" ><div class=\"fusion-builder-row fusion-row\"><div class=\"fusion-layout-column fusion_builder_column fusion-builder-column-7 fusion_builder_column_1_1 1_1 fusion-one-full fusion-column-first fusion-column-last\" style=\"margin-top:0px;margin-bottom:20px;\"><div class=\"fusion-column-wrapper fusion-flex-column-wrapper-legacy\" style=\"background-position:left top;background-repeat:no-repeat;-webkit-background-size:cover;-moz-background-size:cover;-o-background-size:cover;background-size:cover;padding: 0px 0px 0px 0px;\"><div class=\"fusion-widget-area fusion-widget-area-1 fusion-content-widget-area\"><style type=\"text\/css\">.fusion-widget-area-1 {padding:0px 0px 0px 0px;}.fusion-widget-area-1 .widget h4 {color:#333333;}.fusion-widget-area-1 .widget .heading h4 {color:#333333;}.fusion-widget-area-1 .widget h4 {font-size:20px;}.fusion-widget-area-1 .widget .heading h4 {font-size:20px;}<\/style><div id=\"text-5\" class=\"widget widget_text\">\t\t\t<div class=\"textwidget\"><p><div class=\"fusion-fullwidth fullwidth-box fusion-builder-row-5-1 fusion-parallax-fixed nonhundred-percent-fullwidth non-hundred-percent-height-scrolling\" style=\"background-color: rgba(255,255,255,0);background-image: url(&quot;https:\/\/mitsp.org\/2020\/wp-content\/uploads\/2019\/12\/fundo-espera-mitsp2020-1.jpg&quot;);background-position: center center;background-repeat: no-repeat;padding-top:130px;padding-right:30px;padding-bottom:130px;padding-left:30px;margin-bottom: 0px;margin-top: 0px;border-width: 0px 0px 0px 0px;border-color:#eae9e9;border-style:solid;-webkit-background-size:cover;-moz-background-size:cover;-o-background-size:cover;background-size:cover;background-attachment:fixed;\" ><div class=\"fusion-builder-row fusion-row\"><div class=\"fusion-layout-column fusion_builder_column fusion-builder-column-8 fusion_builder_column_1_1 1_1 fusion-one-full fusion-column-first fusion-column-last\" style=\"margin-top:0px;margin-bottom:20px;\"><div class=\"fusion-column-wrapper fusion-flex-column-wrapper-legacy\" style=\"background-position:left top;background-repeat:no-repeat;-webkit-background-size:cover;-moz-background-size:cover;-o-background-size:cover;background-size:cover;padding: 0px 0px 0px 0px;\"><div class=\"fusion-clearfix\"><\/div><\/div><\/div><\/div><\/div><div class=\"fusion-fullwidth fullwidth-box fusion-builder-row-5-2 hundred-percent-fullwidth non-hundred-percent-height-scrolling\" style=\"background-color: rgba(255,255,255,0);background-position: center center;background-repeat: no-repeat;padding-top:0px;padding-right:0px;padding-bottom:0px;padding-left:0px;margin-bottom: 0px;margin-top: 0px;border-width: 0px 0px 0px 0px;border-color:#eae9e9;border-style:solid;\" ><div class=\"fusion-builder-row fusion-row\"><div class=\"fusion-layout-column fusion_builder_column fusion-builder-column-9 fusion_builder_column_1_1 1_1 fusion-one-full fusion-column-first fusion-column-last\" style=\"margin-top:0px;margin-bottom:20px;\"><div class=\"fusion-column-wrapper fusion-flex-column-wrapper-legacy\" style=\"background-position:left top;background-repeat:no-repeat;-webkit-background-size:cover;-moz-background-size:cover;-o-background-size:cover;background-size:cover;border-bottom:12px solid #a0cf76;padding: 0px 0px 0px 0px;\"><div class=\"fusion-clearfix\"><\/div><\/div><\/div><\/div><\/div><\/p>\n<\/div>\n\t\t<\/div><div class=\"fusion-additional-widget-content\"><\/div><\/div><div class=\"fusion-clearfix\"><\/div><\/div><\/div><\/div><\/div><\/p>\n","protected":false},"excerpt":{"rendered":"<p>Bonobo<\/p>\n","protected":false},"author":6,"featured_media":6022,"comment_status":"open","ping_status":"open","sticky":false,"template":"","format":"standard","meta":{"_links_to":"","_links_to_target":""},"categories":[1,130],"tags":[],"yst_prominent_words":[],"acf":{"age_restriction":"16","duration":"75","director":"Dire\u00e7\u00e3o: Bonobo","teaser_url":"https:\/\/youtu.be\/PxP0Rn-T9Fg","payment_type":"paid","price":"R$ 40 e R$ 20 (meia entrada)","sold_by":"TUDUS","purchase_url":"http:\/\/tudus.com.br\/teatro-porto-seguro-tu-amaras--mostra-internacional-de-teatro-de-sao-paulo","places":[{"place":7097,"region":"1","date":"2020-03-07 21:00:00"},{"place":7097,"region":"1","date":"2020-03-08 20:00:00"}],"activities":[6306],"payment_info":"","live":false,"synopsis":"Nesta com\u00e9dia ir\u00f4nica, um grupo de m\u00e9dicos chilenos se prepara para uma confer\u00eancia internacional sobre o preconceito na medicina. O debate se torna mais complexo devido \u00e0 recente chegada dos Amenitas, extraterrestres que se estabeleceram na Terra."},"_links":{"self":[{"href":"https:\/\/mitsp.org\/2020\/wp-json\/wp\/v2\/posts\/5812"}],"collection":[{"href":"https:\/\/mitsp.org\/2020\/wp-json\/wp\/v2\/posts"}],"about":[{"href":"https:\/\/mitsp.org\/2020\/wp-json\/wp\/v2\/types\/post"}],"author":[{"embeddable":true,"href":"https:\/\/mitsp.org\/2020\/wp-json\/wp\/v2\/users\/6"}],"replies":[{"embeddable":true,"href":"https:\/\/mitsp.org\/2020\/wp-json\/wp\/v2\/comments?post=5812"}],"version-history":[{"count":0,"href":"https:\/\/mitsp.org\/2020\/wp-json\/wp\/v2\/posts\/5812\/revisions"}],"wp:featuredmedia":[{"embeddable":true,"href":"https:\/\/mitsp.org\/2020\/wp-json\/wp\/v2\/media\/6022"}],"wp:attachment":[{"href":"https:\/\/mitsp.org\/2020\/wp-json\/wp\/v2\/media?parent=5812"}],"wp:term":[{"taxonomy":"category","embeddable":true,"href":"https:\/\/mitsp.org\/2020\/wp-json\/wp\/v2\/categories?post=5812"},{"taxonomy":"post_tag","embeddable":true,"href":"https:\/\/mitsp.org\/2020\/wp-json\/wp\/v2\/tags?post=5812"},{"taxonomy":"yst_prominent_words","embeddable":true,"href":"https:\/\/mitsp.org\/2020\/wp-json\/wp\/v2\/yst_prominent_words?post=5812"}],"curies":[{"name":"wp","href":"https:\/\/api.w.org\/{rel}","templated":true}]}}