{"id":5797,"date":"2020-01-29T13:30:23","date_gmt":"2020-01-29T16:30:23","guid":{"rendered":"https:\/\/mitsp.org\/2020\/?p=5797"},"modified":"2020-03-13T14:18:10","modified_gmt":"2020-03-13T17:18:10","slug":"farm-fatale","status":"publish","type":"post","link":"https:\/\/mitsp.org\/2020\/farm-fatale\/","title":{"rendered":"FARM FATALE"},"content":{"rendered":"<p><div class=\"fusion-fullwidth fullwidth-box fusion-builder-row-1 nonhundred-percent-fullwidth non-hundred-percent-height-scrolling\" style=\"background-color: rgba(255,255,255,0);background-position: center center;background-repeat: no-repeat;padding-top:0px;padding-right:0px;padding-bottom:0px;padding-left:0px;margin-bottom: 0px;margin-top: 0px;border-width: 0px 0px 0px 0px;border-color:#eae9e9;border-style:solid;\" ><div class=\"fusion-builder-row fusion-row\"><div class=\"fusion-layout-column fusion_builder_column fusion-builder-column-0 fusion_builder_column_1_1 1_1 fusion-one-full fusion-column-first fusion-column-last\" style=\"margin-top:0px;margin-bottom:20px;\"><div class=\"fusion-column-wrapper fusion-flex-column-wrapper-legacy\" style=\"background-position:left top;background-repeat:no-repeat;-webkit-background-size:cover;-moz-background-size:cover;-o-background-size:cover;background-size:cover;padding: 0px 0px 0px 0px;\"><div class=\"fusion-text fusion-text-1\"><h2>FARM FATALE<\/h2>\n<div class=\"fusion-sep-clear\"><\/div><div class=\"fusion-separator fusion-full-width-sep\" style=\"margin-left: auto;margin-right: auto;margin-bottom:-30px;width:100%;\"><\/div><div class=\"fusion-sep-clear\"><\/div>\n<h4><strong>T\u00cdTULO ORIGINAL: <\/strong>FARM FATALE<\/h4>\n<p><span style=\"font-weight: 400;\">O t\u00edtulo, \u201cfazenda fatal\u201d, brinca com a express\u00e3o francesa \u201cfemme fatale\u201d (mulher fatal).<\/span><\/p>\n<h4><strong>DIRE\u00c7\u00c3O <b>E PRODU\u00c7\u00c3O<\/b><\/strong><strong>:<\/strong> <b>Philippe Quesne \/ M\u00fcnchner Kammerspiel<\/b><\/h4>\n<p><span style=\"font-weight: 400;\">ALEMANHA\/FRAN\u00c7A, 2019<\/span> | <span style=\"font-weight: 400;\">1h30min<\/span> | Classifica\u00e7\u00e3o indicativa: <span style=\"font-weight: 400;\">12 <\/span> anos<\/p>\n<\/div><div class=\"fusion-clearfix\"><\/div><\/div><\/div><div class=\"fusion-layout-column fusion_builder_column fusion-builder-column-1 fusion_builder_column_1_1 1_1 fusion-one-full fusion-column-first fusion-column-last fusion-column-no-min-height\" style=\"margin-top:0px;margin-bottom:20px;\"><div class=\"fusion-column-wrapper fusion-flex-column-wrapper-legacy\" style=\"background-position:left top;background-repeat:no-repeat;-webkit-background-size:cover;-moz-background-size:cover;-o-background-size:cover;background-size:cover;padding: 0px 0px 0px 0px;\"><div class=\"fusion-text fusion-text-2\"><h6 style=\"text-align: right;\"><img class=\"alignnone size-full wp-image-6028\" src=\"https:\/\/mitsp.org\/2020\/wp-content\/uploads\/2020\/02\/01-farm-fatale-c-martin-argyroglo.jpg\" alt=\"Farm Fatale \u00a9 Martin Argyroglo\" width=\"1200\" height=\"700\" srcset=\"https:\/\/mitsp.org\/2020\/wp-content\/uploads\/2020\/02\/01-farm-fatale-c-martin-argyroglo-200x117.jpg 200w, https:\/\/mitsp.org\/2020\/wp-content\/uploads\/2020\/02\/01-farm-fatale-c-martin-argyroglo-300x175.jpg 300w, https:\/\/mitsp.org\/2020\/wp-content\/uploads\/2020\/02\/01-farm-fatale-c-martin-argyroglo-400x233.jpg 400w, https:\/\/mitsp.org\/2020\/wp-content\/uploads\/2020\/02\/01-farm-fatale-c-martin-argyroglo-600x350.jpg 600w, https:\/\/mitsp.org\/2020\/wp-content\/uploads\/2020\/02\/01-farm-fatale-c-martin-argyroglo-768x448.jpg 768w, https:\/\/mitsp.org\/2020\/wp-content\/uploads\/2020\/02\/01-farm-fatale-c-martin-argyroglo-800x467.jpg 800w, https:\/\/mitsp.org\/2020\/wp-content\/uploads\/2020\/02\/01-farm-fatale-c-martin-argyroglo-1024x597.jpg 1024w, https:\/\/mitsp.org\/2020\/wp-content\/uploads\/2020\/02\/01-farm-fatale-c-martin-argyroglo.jpg 1200w\" sizes=\"(max-width: 1200px) 100vw, 1200px\" \/><br \/>\n\u00a9 Martin Argyroglo<\/h6>\n<\/div><div class=\"fusion-clearfix\"><\/div><\/div><\/div><\/div><\/div><div class=\"fusion-fullwidth fullwidth-box fusion-builder-row-2 nonhundred-percent-fullwidth non-hundred-percent-height-scrolling\" style=\"background-color: rgba(255,255,255,0);background-position: center center;background-repeat: no-repeat;padding-top:0px;padding-right:0px;padding-bottom:0px;padding-left:0px;margin-bottom: 0px;margin-top: 0px;border-width: 0px 0px 0px 0px;border-color:#eae9e9;border-style:solid;\" ><div class=\"fusion-builder-row fusion-row\"><div class=\"fusion-layout-column fusion_builder_column fusion-builder-column-2 fusion_builder_column_1_2 1_2 fusion-one-half fusion-column-first\" style=\"width:50%;width:calc(50% - ( ( 4% ) * 0.5 ) );margin-right: 4%;margin-top:-20px;margin-bottom:20px;\"><div class=\"fusion-column-wrapper fusion-flex-column-wrapper-legacy\" style=\"background-position:left top;background-repeat:no-repeat;-webkit-background-size:cover;-moz-background-size:cover;-o-background-size:cover;background-size:cover;padding: 0px 0px 0px 0px;\"><div class=\"fusion-text fusion-text-3\"><h3>12\/3, \u00e0s 21h<br \/>\n13\/3, \u00e0s 21h<br \/>\n14\/3, \u00e0s 21h<\/h3>\n<h4><strong>LOCAL: <a href=\"https:\/\/goo.gl\/maps\/dwW2A4pQKUtqPyiv5\" target=\"_blank\" rel=\"noopener noreferrer\">Sesc Vila Mariana<\/a><\/strong><\/h4>\n<\/div><div class=\"fusion-clearfix\"><\/div><\/div><\/div><div class=\"fusion-layout-column fusion_builder_column fusion-builder-column-3 fusion_builder_column_1_2 1_2 fusion-one-half fusion-column-last bt-hide\" style=\"width:50%;width:calc(50% - ( ( 4% ) * 0.5 ) );margin-top:0px;margin-bottom:20px;\"><div class=\"fusion-column-wrapper fusion-flex-column-wrapper-legacy\" style=\"background-position:left top;background-repeat:no-repeat;-webkit-background-size:cover;-moz-background-size:cover;-o-background-size:cover;background-size:cover;padding: 0px 0px 0px 0px;\"><div class=\"fusion-align-block\"><style>.fusion-body .fusion-button.button-1{border-color:#ffffff;border-radius:0px 0px 0px 0px;background:#a0cf76;}.fusion-body .fusion-button.button-1 .fusion-button-text,.fusion-body .fusion-button.button-1 i,.fusion-body .fusion-button.button-1:hover .fusion-button-text,.fusion-body .fusion-button.button-1:hover i,.fusion-body .fusion-button.button-1:focus .fusion-button-text,.fusion-body .fusion-button.button-1:focus i,.fusion-body .fusion-button.button-1:active .fusion-button-text,.fusion-body .fusion-button.button-1:active i{color:#ffffff;}.fusion-body .fusion-button.button-1:hover,.fusion-body .fusion-button.button-1:active,.fusion-body .fusion-button.button-1:focus{border-color:#ffffff;background:#a0cf76;}<\/style><a class=\"fusion-button button-flat button-xlarge button-custom button-1 fusion-button-span-yes fusion-button-default-type\" target=\"_blank\" rel=\"noopener noreferrer\" href=\"https:\/\/www.sescsp.org.br\/programacao\/220351_FARM+FATALE\"><span class=\"fusion-button-text\"> Adquira seu ingresso<\/span><\/a><\/div><div class=\"fusion-clearfix\"><\/div><\/div><\/div><\/div><\/div><div class=\"fusion-fullwidth fullwidth-box fusion-builder-row-3 hide nonhundred-percent-fullwidth non-hundred-percent-height-scrolling fusion-equal-height-columns\" style=\"background-color: rgba(255,255,255,0);background-position: center center;background-repeat: no-repeat;padding-top:0px;padding-right:0px;padding-bottom:0px;padding-left:0px;margin-bottom: 0px;margin-top: 60px;border-width: 0px 0px 0px 0px;border-color:#eae9e9;border-style:solid;\" ><div class=\"fusion-builder-row fusion-row\"><div class=\"fusion-layout-column fusion_builder_column fusion-builder-column-4 fusion_builder_column_1_1 1_1 fusion-one-full fusion-column-first fusion-column-last\" style=\"margin-top:0px;margin-bottom:20px;\"><div class=\"fusion-column-wrapper fusion-flex-column-wrapper-legacy\" style=\"background-position:left top;background-repeat:no-repeat;-webkit-background-size:cover;-moz-background-size:cover;-o-background-size:cover;background-size:cover;background-color:#515151;padding: 0px 0px 0px 0px;\"><div class=\"fusion-column-content-centered\"><div class=\"fusion-column-content\"><div class=\"fusion-align-block\"><style>.fusion-body .fusion-button.button-2 .fusion-button-text{color:#ffffff;text-transform:none;}.fusion-body .fusion-button.button-2{border-color:#ffffff;border-radius:0px 0px 0px 0px;background:#515151;}.fusion-body .fusion-button.button-2 i,.fusion-body .fusion-button.button-2:hover .fusion-button-text,.fusion-body .fusion-button.button-2:hover i,.fusion-body .fusion-button.button-2:focus .fusion-button-text,.fusion-body .fusion-button.button-2:focus i,.fusion-body .fusion-button.button-2:active .fusion-button-text,.fusion-body .fusion-button.button-2:active i{color:#ffffff;}.fusion-body .fusion-button.button-2:hover,.fusion-body .fusion-button.button-2:active,.fusion-body .fusion-button.button-2:focus{border-color:#ffffff;background:#3f3f3f;}<\/style><a class=\"fusion-button button-flat button-large button-custom button-2 fusion-button-span-yes fusion-button-default-type\" target=\"_blank\" rel=\"noopener noreferrer\" href=\"https:\/\/mitsp.org\/2020\/masterclass-escrever-com-o-cenario\/\"><span class=\"fusion-button-text\">Oficina: Masterclass &#8211; Escrever com o Cen\u00e1rio<\/span><\/a><\/div><\/div><\/div><div class=\"fusion-clearfix\"><\/div><\/div><\/div><\/div><\/div><div class=\"fusion-fullwidth fullwidth-box fusion-builder-row-4 nonhundred-percent-fullwidth non-hundred-percent-height-scrolling fusion-equal-height-columns\" style=\"background-color: rgba(255,255,255,0);background-position: center center;background-repeat: no-repeat;padding-top:0px;padding-right:0px;padding-bottom:0px;padding-left:0px;margin-bottom: 60px;margin-top: 60px;border-width: 0px 0px 0px 0px;border-color:#eae9e9;border-style:solid;\" ><div class=\"fusion-builder-row fusion-row\"><div class=\"fusion-layout-column fusion_builder_column fusion-builder-column-5 fusion_builder_column_4_5 4_5 fusion-four-fifth fusion-column-first\" style=\"width:80%;width:calc(80% - ( ( 30px ) * 0.8 ) );margin-right: 30px;margin-top:0px;margin-bottom:20px;\"><div class=\"fusion-column-wrapper fusion-flex-column-wrapper-legacy\" style=\"background-position:left top;background-repeat:no-repeat;-webkit-background-size:cover;-moz-background-size:cover;-o-background-size:cover;background-size:cover;padding: 0px 0px 0px 0px;\"><div class=\"fusion-text fusion-text-4\"><p style=\"padding-left: 120px;\"><img class=\"alignleft wp-image-2608\" title=\"Sinopse\" src=\"https:\/\/mitsp.org\/2019\/wp-content\/uploads\/2019\/02\/tit-sinopse-71x300.jpg\" alt=\"Sinopse\" width=\"60\" height=\"253\" \/><\/p>\n<p><span style=\"font-weight: 400;\">Em <\/span><i><span style=\"font-weight: 400;\">Farm Fatale<\/span><\/i><span style=\"font-weight: 400;\">, o diretor Philippe Quesne evoca o imagin\u00e1rio da vida no campo. Mas esse espa\u00e7o rural, antes id\u00edlico, agora surge num futuro dist\u00f3pico, j\u00e1 todo abandonado. Os sons da natureza se dissiparam, os p\u00e1ssaros e insetos desapareceram e as pessoas foram embora. Sobrou apenas um grupo de espantalhos, cinco figuras engenhosas que tentam rememorar o passado e, aos poucos, preencher esse lugar vazio. Eles v\u00e3o trazendo elementos para o palco desnudo, unem-se num programa de r\u00e1dio independente, fazem m\u00fasicas, discutem problemas ambientais e at\u00e9 se lan\u00e7am a questionamentos filos\u00f3ficos. Mascarados, com a voz deformada e o caminhar endurecido, como se fossem zumbis, esses personagens usam do humor e da ironia na busca de um recome\u00e7o, na utopia de um mundo novo e melhor \u2013 um mundo sem pessoas.<\/span><\/p>\n<\/div><div class=\"fusion-sep-clear\"><\/div><div class=\"fusion-separator fusion-full-width-sep\" style=\"margin-left: auto;margin-right: auto;margin-top:60px;width:100%;\"><\/div><div class=\"fusion-sep-clear\"><\/div><div class=\"fusion-video fusion-youtube\" style=\"max-width:900px;max-height:480px;\"><div class=\"video-shortcode\"><iframe title=\"YouTube video player 1\" src=\"https:\/\/www.youtube.com\/embed\/TeG7sRRCx-0?wmode=transparent&autoplay=0\" width=\"900\" height=\"480\" allowfullscreen allow=\"autoplay; fullscreen\"><\/iframe><\/div><\/div><div class=\"fusion-sep-clear\"><\/div><div class=\"fusion-separator fusion-full-width-sep\" style=\"margin-left: auto;margin-right: auto;margin-top:60px;width:100%;\"><\/div><div class=\"fusion-sep-clear\"><\/div><div class=\"fusion-text fusion-text-5\"><p style=\"padding-left: 120px;\"><img class=\"alignleft wp-image-2607\" title=\"Hist\u00f3rico\" src=\"https:\/\/mitsp.org\/2019\/wp-content\/uploads\/2019\/02\/tit-historico.jpg\" alt=\"Hist\u00f3rico\" width=\"54\" height=\"279\" \/><span style=\"font-weight: 400;\">Uma das principais companhias da cena alem\u00e3, a M\u00fcnchner Kammerspiele funciona desde 1933 como teatro municipal de Munique. Em seus trabalhos, o grupo busca um di\u00e1logo e uma confronta\u00e7\u00e3o com o presente e investe numa est\u00e9tica inovadora, contempor\u00e2nea e cosmopolita, com enfoque sociopol\u00edtico. Em 2015, quando Matthias Lilienthal assumiu a dire\u00e7\u00e3o art\u00edstica do teatro, a institui\u00e7\u00e3o procurou expandir seu escopo art\u00edstico, trabalhando com nomes reconhecidos e talentos mais jovens, al\u00e9m de convidar diretores de v\u00e1rias nacionalidades, como Philippe Quesne, Rabih Mrou\u00e9 e Toshiki Okada. A M\u00fcnchner Kammerspiele foi eleita, em 2019, o teatro do ano pela revista <\/span><i><span style=\"font-weight: 400;\">Theater Heute<\/span><\/i><span style=\"font-weight: 400;\">. Com <\/span><i><span style=\"font-weight: 400;\">Farm Fatale<\/span><\/i><span style=\"font-weight: 400;\">, Quesne faz sua segunda montagem dentro da institui\u00e7\u00e3o alem\u00e3 \u2013 a primeira foi <\/span><i><span style=\"font-weight: 400;\">Caspar Western Friedrich<\/span><\/i><span style=\"font-weight: 400;\">, de 2016. Formado em artes visuais, o diretor franc\u00eas trabalhou durante dez anos elaborando cen\u00e1rios para espet\u00e1culos teatrais, \u00f3peras e exposi\u00e7\u00f5es. Na dire\u00e7\u00e3o, ele cria espet\u00e1culos com forte conex\u00e3o entre espa\u00e7o, cenografia e os corpos que ocupam o palco. Ele fundou, em 2003, a companhia Vivarium Studio, reunindo atores, artistas pl\u00e1sticos e m\u00fasicos, numa pesquisa entre o l\u00fadico e o melanc\u00f3lico. Desde 2014, \u00e9 codiretor do teatro franc\u00eas Nanterre-Amandiers.<\/span><\/p>\n<\/div><div class=\"fusion-sep-clear\"><\/div><div class=\"fusion-separator fusion-full-width-sep\" style=\"margin-left: auto;margin-right: auto;margin-top:30px;width:100%;\"><\/div><div class=\"fusion-sep-clear\"><\/div><div class=\"fusion-text fusion-text-6\"><h2 style=\"text-align: right;\"><span style=\"font-size: 44px; color: #000000;\">CR\u00cdTICAS<\/span><\/h2>\n<p><em><span style=\"font-weight: 400;\">Farm Fatale<\/span><span style=\"font-weight: 400;\">, de Philippe Quesne, se mostra uma encena\u00e7\u00e3o buc\u00f3lica e bizarra, cheia de piadas maravilhosas, mas na qual tamb\u00e9m surge a utopia de um mundo melhor. Um mundo sem pessoas. Sinceramente: aquecimento global, extin\u00e7\u00e3o de esp\u00e9cies \u2013 n\u00f3s, humanos, estragamos tudo! Talvez realmente fosse melhor que o planeta come\u00e7asse tudo de novo. Na sala vazia. E sem n\u00f3s.<\/span><\/em><\/p>\n<p><strong><a href=\"https:\/\/www.deutschlandfunkkultur.de\/vernon-subutex-und-farm-fatale-in-muenchen-von-der.1013.de.html?dram:article_id=445045\">CHRISTOPH LEIBOLD, Deutschlandfunk Kultur<\/a><\/strong><\/p>\n<p><em><span style=\"font-weight: 400;\">Tudo \u00e9 um absurdo maravilhoso, os cinco [personagens] falam baboseiras sobre abelhas \u2013 \u201cLet It Bee\u201d \u2013, pois h\u00e1 uma alegria especial, ainda que realmente nos encontremos num apocalipse desertificado. Mas os espantalhos d\u00e3o esperan\u00e7a (&#8230;) e acabam num mundo que talvez n\u00e3o exista mais, mas do qual algo novo possa emergir.<\/span><\/em><\/p>\n<p><strong><a href=\"https:\/\/www.sueddeutsche.de\/kultur\/theater-viel-spass-mit-der-apokalypse-1.4390483\">EGBERT THOLL, S\u00fcddeutsche Zeitung<\/a><\/strong><\/p>\n<p><em><span style=\"font-weight: 400;\">Nenhuma ideia muito estranha, nenhum jogo de palavras rid\u00edculo, nenhum gesto demasiado trivial, nenhuma conclus\u00e3o ing\u00eanua demais. Porque com sua pequena e democr\u00e1tica sociedade de espantalhos, Philippe Quesne desenha um espelho de n\u00f3s mesmos.<\/span><\/em><\/p>\n<p><strong><a href=\"https:\/\/nachtkritik.de\/index.php?option=com_content&amp;view=article&amp;id=16578:farm-fatale-muenchner-kammerspiele-philippe-quesne-probt-die-wiedergeburt-nach-dem-oeko-kollaps&amp;catid=38&amp;Itemid=40\">TERESA GRENZMANN, Frankfurter Allgemeine Zeitung<\/a><\/strong><\/p>\n<\/div><div class=\"fusion-sep-clear\"><\/div><div class=\"fusion-separator fusion-full-width-sep\" style=\"margin-left: auto;margin-right: auto;margin-top:60px;width:100%;\"><\/div><div class=\"fusion-sep-clear\"><\/div><div class=\"fusion-text fusion-text-7\"><p><img class=\"alignnone wp-image-3067\" src=\"https:\/\/mitsp.org\/2019\/wp-content\/uploads\/2019\/02\/titficha-tecnica.jpg\" alt=\"Ficha T\u00e9cnica\" width=\"320\" height=\"46\" \/><\/p>\n<p><strong>CONCEP\u00c7\u00c3O, DIRE\u00c7\u00c3O, CEN\u00c1RIO, FIGURINOS E PRODU\u00c7\u00c3O DE PALCO:<\/strong> Philippe Quesne<br \/>\n<strong>ELENCO:<\/strong> L\u00e9o Gobin, Stefan Merki, Damian Rebgetz, Julia Riedler e Ga\u00ebtan Vourc\u2019h<br \/>\n<strong>COLABORA\u00c7\u00c3O CENOGR\u00c1FICA:<\/strong> Nicole Marianna Wytyczak<br \/>\n<strong>COLABORA\u00c7\u00c3O DE FIGURINOS<\/strong>: Nora Stocker<br \/>\n<strong>ILUMINA\u00c7\u00c3O:<\/strong> Pit Schultheiss<br \/>\n<strong>DRAMATURGIA:<\/strong> Martin Vald\u00e9s-Stauber<br \/>\n<strong>PRODU\u00c7\u00c3O:<\/strong> M\u00fcnchner Kammerspiele, em coprodu\u00e7\u00e3o com Nanterre-Amandiers, Centre Dramatique National<\/p>\n<p style=\"text-align: right;\"><strong>ESTE ESPET\u00c1CULO \u00c9 APOIADO PELO CONSULADO GERAL DA REP\u00daBLICA FEDERAL DA ALEMANHA EM S\u00c3O PAULO, PELO GOETHE-INSTITUT, PELO CONSULADO GERAL DA FRAN\u00c7A EM S\u00c3O PAULO E PELO INSTITUT FRAN\u00c7AIS<\/strong><\/p>\n<\/div><div class=\"fusion-clearfix\"><\/div><\/div><\/div><div class=\"fusion-layout-column fusion_builder_column fusion-builder-column-6 fusion_builder_column_1_5 1_5 fusion-one-fifth fusion-column-last\" style=\"width:20%;width:calc(20% - ( ( 30px ) * 0.2 ) );margin-top:0px;margin-bottom:20px;\"><div class=\"fusion-column-wrapper fusion-flex-column-wrapper-legacy\" style=\"background-position:left top;background-repeat:no-repeat;-webkit-background-size:cover;-moz-background-size:cover;-o-background-size:cover;background-size:cover;border-left:3px solid #e0efd2;padding: 0px 0px 0px 30px;\"><div class=\"fusion-align-block\"><style>.fusion-body .fusion-button.button-3{border-color:#ffffff;border-radius:0px 0px 0px 0px;background:#a0cf76;}.fusion-body .fusion-button.button-3 .fusion-button-text,.fusion-body .fusion-button.button-3 i,.fusion-body .fusion-button.button-3:hover .fusion-button-text,.fusion-body .fusion-button.button-3:hover i,.fusion-body .fusion-button.button-3:focus .fusion-button-text,.fusion-body .fusion-button.button-3:focus i,.fusion-body .fusion-button.button-3:active .fusion-button-text,.fusion-body .fusion-button.button-3:active i{color:#ffffff;}.fusion-body .fusion-button.button-3:hover,.fusion-body .fusion-button.button-3:active,.fusion-body .fusion-button.button-3:focus{border-color:#ffffff;background:#a0cf76;}<\/style><a class=\"fusion-button button-flat button-xlarge button-custom button-3 fusion-button-span-yes fusion-button-default-type\" target=\"_self\"><span class=\"fusion-button-text\">Cr\u00edticas<\/span><\/a><\/div><div class=\"fusion-recent-posts fusion-recent-posts-1 avada-container layout-default layout-columns-1\"><section class=\"fusion-columns columns fusion-columns-1 columns-1\"><article class=\"post fusion-column column col col-lg-12 col-md-12 col-sm-12\"><div class=\"fusion-flexslider fusion-flexslider-loading flexslider flexslider-hover-type-none\"><ul class=\"slides\"><li><a href=\"https:\/\/mitsp.org\/2020\/descompasso-cansaco-distopia-fim-rodrigo-nascimento\/\" aria-label=\"Descompasso, cansa\u00e7o, distopia, fim por Rodrigo Nascimento\" class=\"hover-type-none\"><img width=\"700\" height=\"441\" src=\"https:\/\/mitsp.org\/2020\/wp-content\/uploads\/2020\/05\/49653940473_782eb6988e_o-700x441.jpg\" class=\"attachment-recent-posts size-recent-posts\" alt=\"\" srcset=\"https:\/\/mitsp.org\/2020\/wp-content\/uploads\/2020\/05\/49653940473_782eb6988e_o-320x202.jpg 320w, https:\/\/mitsp.org\/2020\/wp-content\/uploads\/2020\/05\/49653940473_782eb6988e_o-700x441.jpg 700w\" sizes=\"(max-width: 700px) 100vw, 700px\" \/><\/a><\/li><\/ul><\/div><div class=\"recent-posts-content\"><h4 class=\"\"><a href=\"https:\/\/mitsp.org\/2020\/descompasso-cansaco-distopia-fim-rodrigo-nascimento\/\">Descompasso, cansa\u00e7o, distopia, fim  <h6>por Rodrigo Nascimento<\/h6><\/a><\/h4><p class=\"meta\"><span>18  maio  2020<\/span><span class=\"fusion-inline-sep\">|<\/span><\/p><\/div><\/article><article class=\"post fusion-column column col col-lg-12 col-md-12 col-sm-12\"><div class=\"fusion-flexslider fusion-flexslider-loading flexslider flexslider-hover-type-none\"><ul class=\"slides\"><li><a href=\"https:\/\/mitsp.org\/2020\/lampejos-da-memoria-corpo-e-narratividade-por-guilherme-diniz\/\" aria-label=\"Lampejos da mem\u00f3ria: corpo e narratividade por Guilherme Diniz\" class=\"hover-type-none\"><img width=\"700\" height=\"441\" src=\"https:\/\/mitsp.org\/2020\/wp-content\/uploads\/2020\/05\/49654230907_1bd4264122_o-700x441.jpg\" class=\"attachment-recent-posts size-recent-posts\" alt=\"\" srcset=\"https:\/\/mitsp.org\/2020\/wp-content\/uploads\/2020\/05\/49654230907_1bd4264122_o-320x202.jpg 320w, https:\/\/mitsp.org\/2020\/wp-content\/uploads\/2020\/05\/49654230907_1bd4264122_o-700x441.jpg 700w\" sizes=\"(max-width: 700px) 100vw, 700px\" \/><\/a><\/li><\/ul><\/div><div class=\"recent-posts-content\"><h4 class=\"\"><a href=\"https:\/\/mitsp.org\/2020\/lampejos-da-memoria-corpo-e-narratividade-por-guilherme-diniz\/\">Lampejos da mem\u00f3ria: corpo e narratividade <h6>por Guilherme Diniz<\/h6><\/a><\/h4><p class=\"meta\"><span>18  maio  2020<\/span><span class=\"fusion-inline-sep\">|<\/span><\/p><\/div><\/article><article class=\"post fusion-column column col col-lg-12 col-md-12 col-sm-12\"><div class=\"fusion-flexslider fusion-flexslider-loading flexslider flexslider-hover-type-none\"><ul class=\"slides\"><li><a href=\"https:\/\/mitsp.org\/2020\/reinventar-riqueza-redistribuir-o-poder-por-daniel-toledo\/\" aria-label=\"Reinventar a riqueza, redistribuir o poder por Daniel Toledo\" class=\"hover-type-none\"><img width=\"700\" height=\"441\" src=\"https:\/\/mitsp.org\/2020\/wp-content\/uploads\/2020\/05\/49629963846_c83f453898_o-700x441.jpg\" class=\"attachment-recent-posts size-recent-posts\" alt=\"\" srcset=\"https:\/\/mitsp.org\/2020\/wp-content\/uploads\/2020\/05\/49629963846_c83f453898_o-320x202.jpg 320w, https:\/\/mitsp.org\/2020\/wp-content\/uploads\/2020\/05\/49629963846_c83f453898_o-700x441.jpg 700w\" sizes=\"(max-width: 700px) 100vw, 700px\" \/><\/a><\/li><\/ul><\/div><div class=\"recent-posts-content\"><h4 class=\"\"><a href=\"https:\/\/mitsp.org\/2020\/reinventar-riqueza-redistribuir-o-poder-por-daniel-toledo\/\">Reinventar a riqueza, redistribuir o poder  <h6>por Daniel Toledo<\/h6><\/a><\/h4><p class=\"meta\"><span>15  maio  2020<\/span><span class=\"fusion-inline-sep\">|<\/span><\/p><\/div><\/article><article class=\"post fusion-column column col col-lg-12 col-md-12 col-sm-12\"><div class=\"fusion-flexslider fusion-flexslider-loading flexslider flexslider-hover-type-none\"><ul class=\"slides\"><li><a href=\"https:\/\/mitsp.org\/2020\/farm-fatale-e-o-esgotamento-da-imagem-por-wellington-junior\/\" aria-label=\"Farm Fatale e o esgotamento da imagem por Wellington J\u00fanior\" class=\"hover-type-none\"><img width=\"700\" height=\"441\" src=\"https:\/\/mitsp.org\/2020\/wp-content\/uploads\/2020\/03\/49654481761_5ca2914a09_o-700x441.jpg\" class=\"attachment-recent-posts size-recent-posts\" alt=\"Farm Fatale @Guto Muniz\" srcset=\"https:\/\/mitsp.org\/2020\/wp-content\/uploads\/2020\/03\/49654481761_5ca2914a09_o-320x202.jpg 320w, https:\/\/mitsp.org\/2020\/wp-content\/uploads\/2020\/03\/49654481761_5ca2914a09_o-700x441.jpg 700w\" sizes=\"(max-width: 700px) 100vw, 700px\" \/><\/a><\/li><\/ul><\/div><div class=\"recent-posts-content\"><h4 class=\"\"><a href=\"https:\/\/mitsp.org\/2020\/farm-fatale-e-o-esgotamento-da-imagem-por-wellington-junior\/\"><em>Farm Fatale<\/em> e o esgotamento da imagem <h6>por Wellington J\u00fanior<\/h6><\/a><\/h4><p class=\"meta\"><span>13  mar\u00e7o  2020<\/span><span class=\"fusion-inline-sep\">|<\/span><\/p><\/div><\/article><article class=\"post fusion-column column col col-lg-12 col-md-12 col-sm-12\"><div class=\"fusion-flexslider fusion-flexslider-loading flexslider flexslider-hover-type-none\"><ul class=\"slides\"><li><a href=\"https:\/\/mitsp.org\/2020\/e-hora-de-dizer-tchau-por-renan-ji\/\" aria-label=\"\u00c9 hora de dizer tchau? por Renan Ji\" class=\"hover-type-none\"><img width=\"700\" height=\"441\" src=\"https:\/\/mitsp.org\/2020\/wp-content\/uploads\/2020\/03\/49653940763_27c2ccd6b5_o-700x441.jpg\" class=\"attachment-recent-posts size-recent-posts\" alt=\"Farm Fatale @Guto Muniz\" srcset=\"https:\/\/mitsp.org\/2020\/wp-content\/uploads\/2020\/03\/49653940763_27c2ccd6b5_o-320x202.jpg 320w, https:\/\/mitsp.org\/2020\/wp-content\/uploads\/2020\/03\/49653940763_27c2ccd6b5_o-700x441.jpg 700w\" sizes=\"(max-width: 700px) 100vw, 700px\" \/><\/a><\/li><\/ul><\/div><div class=\"recent-posts-content\"><h4 class=\"\"><a href=\"https:\/\/mitsp.org\/2020\/e-hora-de-dizer-tchau-por-renan-ji\/\">\u00c9 hora de dizer tchau? <h6> por Renan Ji<\/h6><\/a><\/h4><p class=\"meta\"><span>13  mar\u00e7o  2020<\/span><span class=\"fusion-inline-sep\">|<\/span><\/p><\/div><\/article><\/section><\/div><div class=\"fusion-clearfix\"><\/div><\/div><\/div><\/div><\/div><div class=\"fusion-fullwidth fullwidth-box fusion-builder-row-5 hundred-percent-fullwidth non-hundred-percent-height-scrolling\" style=\"background-color: rgba(255,255,255,0);background-position: center center;background-repeat: no-repeat;padding-top:0px;padding-right:0px;padding-bottom:0px;padding-left:0px;margin-bottom: 0px;margin-top: 0px;border-width: 0px 0px 0px 0px;border-color:#eae9e9;border-style:solid;\" ><div class=\"fusion-builder-row fusion-row\"><div class=\"fusion-layout-column fusion_builder_column fusion-builder-column-7 fusion_builder_column_1_1 1_1 fusion-one-full fusion-column-first fusion-column-last\" style=\"margin-top:0px;margin-bottom:20px;\"><div class=\"fusion-column-wrapper fusion-flex-column-wrapper-legacy\" style=\"background-position:left top;background-repeat:no-repeat;-webkit-background-size:cover;-moz-background-size:cover;-o-background-size:cover;background-size:cover;padding: 0px 0px 0px 0px;\"><div class=\"fusion-widget-area fusion-widget-area-1 fusion-content-widget-area\"><style type=\"text\/css\">.fusion-widget-area-1 {padding:0px 0px 0px 0px;}.fusion-widget-area-1 .widget h4 {color:#333333;}.fusion-widget-area-1 .widget .heading h4 {color:#333333;}.fusion-widget-area-1 .widget h4 {font-size:20px;}.fusion-widget-area-1 .widget .heading h4 {font-size:20px;}<\/style><div id=\"text-5\" class=\"widget widget_text\">\t\t\t<div class=\"textwidget\"><p><div class=\"fusion-fullwidth fullwidth-box fusion-builder-row-5-1 fusion-parallax-fixed nonhundred-percent-fullwidth non-hundred-percent-height-scrolling\" style=\"background-color: rgba(255,255,255,0);background-image: url(&quot;https:\/\/mitsp.org\/2020\/wp-content\/uploads\/2019\/12\/fundo-espera-mitsp2020-1.jpg&quot;);background-position: center center;background-repeat: no-repeat;padding-top:130px;padding-right:30px;padding-bottom:130px;padding-left:30px;margin-bottom: 0px;margin-top: 0px;border-width: 0px 0px 0px 0px;border-color:#eae9e9;border-style:solid;-webkit-background-size:cover;-moz-background-size:cover;-o-background-size:cover;background-size:cover;background-attachment:fixed;\" ><div class=\"fusion-builder-row fusion-row\"><div class=\"fusion-layout-column fusion_builder_column fusion-builder-column-8 fusion_builder_column_1_1 1_1 fusion-one-full fusion-column-first fusion-column-last\" style=\"margin-top:0px;margin-bottom:20px;\"><div class=\"fusion-column-wrapper fusion-flex-column-wrapper-legacy\" style=\"background-position:left top;background-repeat:no-repeat;-webkit-background-size:cover;-moz-background-size:cover;-o-background-size:cover;background-size:cover;padding: 0px 0px 0px 0px;\"><div class=\"fusion-clearfix\"><\/div><\/div><\/div><\/div><\/div><div class=\"fusion-fullwidth fullwidth-box fusion-builder-row-5-2 hundred-percent-fullwidth non-hundred-percent-height-scrolling\" style=\"background-color: rgba(255,255,255,0);background-position: center center;background-repeat: no-repeat;padding-top:0px;padding-right:0px;padding-bottom:0px;padding-left:0px;margin-bottom: 0px;margin-top: 0px;border-width: 0px 0px 0px 0px;border-color:#eae9e9;border-style:solid;\" ><div class=\"fusion-builder-row fusion-row\"><div class=\"fusion-layout-column fusion_builder_column fusion-builder-column-9 fusion_builder_column_1_1 1_1 fusion-one-full fusion-column-first fusion-column-last\" style=\"margin-top:0px;margin-bottom:20px;\"><div class=\"fusion-column-wrapper fusion-flex-column-wrapper-legacy\" style=\"background-position:left top;background-repeat:no-repeat;-webkit-background-size:cover;-moz-background-size:cover;-o-background-size:cover;background-size:cover;border-bottom:12px solid #a0cf76;padding: 0px 0px 0px 0px;\"><div class=\"fusion-clearfix\"><\/div><\/div><\/div><\/div><\/div><\/p>\n<\/div>\n\t\t<\/div><div class=\"fusion-additional-widget-content\"><\/div><\/div><div class=\"fusion-clearfix\"><\/div><\/div><\/div><\/div><\/div><\/p>\n","protected":false},"excerpt":{"rendered":"<p>Philippe Quesne \/ M\u00fcnchner Kammerspiel<\/p>\n","protected":false},"author":6,"featured_media":6028,"comment_status":"open","ping_status":"open","sticky":false,"template":"","format":"standard","meta":{"_links_to":"","_links_to_target":""},"categories":[1,130],"tags":[],"yst_prominent_words":[],"acf":{"age_restriction":"12","duration":"90","director":"Dire\u00e7\u00e3o e Produ\u00e7\u00e3o: Philippe Quesne \/ M\u00fcnchner Kammerspiel","teaser_url":"https:\/\/youtu.be\/TeG7sRRCx-0","payment_type":"paid","price":"R$ 40 e R$ 20 (meia-entrada)","sold_by":"SESC SP","purchase_url":"https:\/\/www.sescsp.org.br\/programacao\/220351_FARM+FATALE","places":[{"place":6928,"region":"5","date":"2020-03-12 21:00:00"},{"place":6928,"region":"5","date":"2020-03-13 21:00:00"},{"place":6928,"region":"5","date":"2020-03-14 21:00:00"}],"activities":[6323],"payment_info":"","live":false,"synopsis":"Num futuro dist\u00f3pico, os p\u00e1ssaros e insetos desapareceram dos campos. Sobrou apenas um grupo de espantalhos, figuras engenhosas que tentam rememorar o passado, preencher esse lugar vazio e buscar um mundo novo e melhor \u2013 um mundo sem pessoas."},"_links":{"self":[{"href":"https:\/\/mitsp.org\/2020\/wp-json\/wp\/v2\/posts\/5797"}],"collection":[{"href":"https:\/\/mitsp.org\/2020\/wp-json\/wp\/v2\/posts"}],"about":[{"href":"https:\/\/mitsp.org\/2020\/wp-json\/wp\/v2\/types\/post"}],"author":[{"embeddable":true,"href":"https:\/\/mitsp.org\/2020\/wp-json\/wp\/v2\/users\/6"}],"replies":[{"embeddable":true,"href":"https:\/\/mitsp.org\/2020\/wp-json\/wp\/v2\/comments?post=5797"}],"version-history":[{"count":0,"href":"https:\/\/mitsp.org\/2020\/wp-json\/wp\/v2\/posts\/5797\/revisions"}],"wp:featuredmedia":[{"embeddable":true,"href":"https:\/\/mitsp.org\/2020\/wp-json\/wp\/v2\/media\/6028"}],"wp:attachment":[{"href":"https:\/\/mitsp.org\/2020\/wp-json\/wp\/v2\/media?parent=5797"}],"wp:term":[{"taxonomy":"category","embeddable":true,"href":"https:\/\/mitsp.org\/2020\/wp-json\/wp\/v2\/categories?post=5797"},{"taxonomy":"post_tag","embeddable":true,"href":"https:\/\/mitsp.org\/2020\/wp-json\/wp\/v2\/tags?post=5797"},{"taxonomy":"yst_prominent_words","embeddable":true,"href":"https:\/\/mitsp.org\/2020\/wp-json\/wp\/v2\/yst_prominent_words?post=5797"}],"curies":[{"name":"wp","href":"https:\/\/api.w.org\/{rel}","templated":true}]}}