{"id":10347,"date":"2020-06-10T12:56:21","date_gmt":"2020-06-10T15:56:21","guid":{"rendered":"https:\/\/mitsp.org\/2020\/?p=10347"},"modified":"2020-06-17T15:06:41","modified_gmt":"2020-06-17T18:06:41","slug":"biblioteca-mario-de-andrade-apresenta-cancioneiro-terminal-programacao-da-mitbr-de-2020-em-formato-on-line","status":"publish","type":"post","link":"https:\/\/mitsp.org\/2020\/biblioteca-mario-de-andrade-apresenta-cancioneiro-terminal-programacao-da-mitbr-de-2020-em-formato-on-line\/","title":{"rendered":"Biblioteca M\u00e1rio de Andrade apresenta Cancioneiro Terminal, programa\u00e7\u00e3o da MITbr de 2020, em formato on-line"},"content":{"rendered":"<p><img class=\"size-full wp-image-10360 aligncenter\" src=\"https:\/\/mitsp.org\/2020\/wp-content\/uploads\/2020\/06\/cancioneiroterminal-live02-1.jpg\" alt=\"Cancioneiro Terminal\" width=\"1000\" height=\"323\" srcset=\"https:\/\/mitsp.org\/2020\/wp-content\/uploads\/2020\/06\/cancioneiroterminal-live02-1-200x65.jpg 200w, https:\/\/mitsp.org\/2020\/wp-content\/uploads\/2020\/06\/cancioneiroterminal-live02-1-300x97.jpg 300w, https:\/\/mitsp.org\/2020\/wp-content\/uploads\/2020\/06\/cancioneiroterminal-live02-1-400x129.jpg 400w, https:\/\/mitsp.org\/2020\/wp-content\/uploads\/2020\/06\/cancioneiroterminal-live02-1-600x194.jpg 600w, https:\/\/mitsp.org\/2020\/wp-content\/uploads\/2020\/06\/cancioneiroterminal-live02-1-768x248.jpg 768w, https:\/\/mitsp.org\/2020\/wp-content\/uploads\/2020\/06\/cancioneiroterminal-live02-1-800x258.jpg 800w, https:\/\/mitsp.org\/2020\/wp-content\/uploads\/2020\/06\/cancioneiroterminal-live02-1.jpg 1000w\" sizes=\"(max-width: 1000px) 100vw, 1000px\" \/><\/p>\n<p>A <strong>Biblioteca M\u00e1rio de Andrade<\/strong> reagendou para o <strong>dia 20 de junho, \u00e0s 15h<\/strong>, a apresenta\u00e7\u00e3o em seu YouTube do espet\u00e1culo <strong><em>Cancioneiro Terminal<\/em><\/strong>, do Grupo MEXA, de S\u00e3o Paulo\/SP. Selecionado para a edi\u00e7\u00e3o de 2020 da MITbr &#8211; Plataforma Brasil &#8211; programa de internacionaliza\u00e7\u00e3o das artes c\u00eanicas brasileiras da MITsp, a pe\u00e7a foi cancelada em decorr\u00eancia da pandemia da Covid-19.<\/p>\n<p><strong>V\u00cdDEO<\/strong> <strong>Cancioneiro Terminal:\u00a0 <\/strong>Dia 20 de junho, das 15h \u00e0s 17h no canal do <a href=\"https:\/\/www.youtube.com\/user\/bma1925\" target=\"_blank\" rel=\"noopener noreferrer\"><strong>YouTube da Biblioteca M\u00e1rio de Andrade<\/strong><\/a><\/p>\n<hr \/>\n<p><strong>A MITsp de 2020<\/strong><\/p>\n<p>A MITsp &#8211; Mostra Internacional de Teatro de S\u00e3o Paulo foi realizada de 5 a 15 de mar\u00e7o de 2020, planejada para apresentar 13 espet\u00e1culos internacionais; 2 espet\u00e1culos especiais (um nacional e um internacional); 13 espet\u00e1culos na MITbr &#8211; Plataforma Brasil, para que fossem assistidos por 76 programadores de festivais (27 nacionais e 49 internacionais, envolvendo 22 pa\u00edses).<\/p>\n<p>Essa grade consolidaria 70 sess\u00f5es entre espet\u00e1culos e performances. Foram planejadas cerca de 80 atividades nos eixos A\u00e7\u00f5es Pedag\u00f3gicas e Olhares Cr\u00edticos, todas gratuitas, com mais de 100 artistas e pensadores convidados, em 25 espa\u00e7os espalhados pela cidade, al\u00e9m dos 8 eventos especiais. Apesar do momento cr\u00edtico que tangenciou a mostra a partir do dia 13 de mar\u00e7o, a MITsp apresentou 22 espet\u00e1culos, entre nacionais e internacionais, e executou integralmente a programa\u00e7\u00e3o dos eixos A\u00e7\u00f5es Pedag\u00f3gicas e Olhares Cr\u00edticos com suas 80 atividades.<\/p>\n<p>Em decorr\u00eancia da pandemia da COVID19, os equipamentos culturais da cidade de S\u00e3o Paulo, entre eles a Biblioteca M\u00e1rio de Andrade, foram fechados a partir do dia 13 de mar\u00e7o, o que acarretou o cancelamento de alguns espet\u00e1culos da MITsp, em especial os da MITbr &#8211; Plataforma Brasil. \u00c9 com a inten\u00e7\u00e3o de fechar o ciclo de 2020 que nasce essa a\u00e7\u00e3o da MITsp: lives com os artistas e a apresenta\u00e7\u00e3o em formato on-line dos espet\u00e1culos que n\u00e3o puderam ser realizados no per\u00edodo da mostra.<\/p>\n","protected":false},"excerpt":{"rendered":"<p>A Biblioteca M\u00e1rio de Andrade reagendou para o dia 20 de junho, \u00e0s 15h, a [&hellip;]<\/p>\n","protected":false},"author":1,"featured_media":10351,"comment_status":"closed","ping_status":"open","sticky":false,"template":"","format":"standard","meta":{"_links_to":"","_links_to_target":""},"categories":[170],"tags":[],"yst_prominent_words":[],"acf":{"synopsis":"","age_restriction":"0","duration":"","director":"","teaser_url":"","payment_type":"free","purchase_url":"","places":false,"activities":"","payment_info":"","live":false},"_links":{"self":[{"href":"https:\/\/mitsp.org\/2020\/wp-json\/wp\/v2\/posts\/10347"}],"collection":[{"href":"https:\/\/mitsp.org\/2020\/wp-json\/wp\/v2\/posts"}],"about":[{"href":"https:\/\/mitsp.org\/2020\/wp-json\/wp\/v2\/types\/post"}],"author":[{"embeddable":true,"href":"https:\/\/mitsp.org\/2020\/wp-json\/wp\/v2\/users\/1"}],"replies":[{"embeddable":true,"href":"https:\/\/mitsp.org\/2020\/wp-json\/wp\/v2\/comments?post=10347"}],"version-history":[{"count":0,"href":"https:\/\/mitsp.org\/2020\/wp-json\/wp\/v2\/posts\/10347\/revisions"}],"wp:featuredmedia":[{"embeddable":true,"href":"https:\/\/mitsp.org\/2020\/wp-json\/wp\/v2\/media\/10351"}],"wp:attachment":[{"href":"https:\/\/mitsp.org\/2020\/wp-json\/wp\/v2\/media?parent=10347"}],"wp:term":[{"taxonomy":"category","embeddable":true,"href":"https:\/\/mitsp.org\/2020\/wp-json\/wp\/v2\/categories?post=10347"},{"taxonomy":"post_tag","embeddable":true,"href":"https:\/\/mitsp.org\/2020\/wp-json\/wp\/v2\/tags?post=10347"},{"taxonomy":"yst_prominent_words","embeddable":true,"href":"https:\/\/mitsp.org\/2020\/wp-json\/wp\/v2\/yst_prominent_words?post=10347"}],"curies":[{"name":"wp","href":"https:\/\/api.w.org\/{rel}","templated":true}]}}