{"id":10324,"date":"2020-05-30T13:20:02","date_gmt":"2020-05-30T16:20:02","guid":{"rendered":"https:\/\/mitsp.org\/2020\/?p=10324"},"modified":"2020-05-31T10:19:00","modified_gmt":"2020-05-31T13:19:00","slug":"centro-cultural-fiesp-exibe-na-integra-em-suas-redes-sociais-o-espetaculo-portugues-sopro-programado-pela-mitsp-de-2020","status":"publish","type":"post","link":"https:\/\/mitsp.org\/2020\/centro-cultural-fiesp-exibe-na-integra-em-suas-redes-sociais-o-espetaculo-portugues-sopro-programado-pela-mitsp-de-2020\/","title":{"rendered":"Centro Cultural Fiesp exibe na \u00edntegra, em suas redes sociais, o espet\u00e1culo portugu\u00eas Sopro, programado pela MITsp de 2020"},"content":{"rendered":"<p style=\"text-align: left;\">Sopro, programado para estrear no Brasil em mar\u00e7o deste ano, teve canceladas suas sess\u00f5es em raz\u00e3o da pandemia. Agora, a pe\u00e7a fica dispon\u00edvel na \u00edntegra entre os dias 1\u00ba e 7 de junho no Youtube do Centro Cultural Fiesp; no dia 6 de junho, o diretor e dramaturgo faz uma live com media\u00e7\u00e3o do cr\u00edtico Daniel Toledo.<\/p>\n<p><img class=\"size-full wp-image-10334 aligncenter\" src=\"https:\/\/mitsp.org\/2020\/wp-content\/uploads\/2020\/05\/banner-sopro-ao-vivo-2.jpg\" alt=\"Sopro\" width=\"1000\" height=\"323\" srcset=\"https:\/\/mitsp.org\/2020\/wp-content\/uploads\/2020\/05\/banner-sopro-ao-vivo-2-200x65.jpg 200w, https:\/\/mitsp.org\/2020\/wp-content\/uploads\/2020\/05\/banner-sopro-ao-vivo-2-300x97.jpg 300w, https:\/\/mitsp.org\/2020\/wp-content\/uploads\/2020\/05\/banner-sopro-ao-vivo-2-400x129.jpg 400w, https:\/\/mitsp.org\/2020\/wp-content\/uploads\/2020\/05\/banner-sopro-ao-vivo-2-600x194.jpg 600w, https:\/\/mitsp.org\/2020\/wp-content\/uploads\/2020\/05\/banner-sopro-ao-vivo-2-768x248.jpg 768w, https:\/\/mitsp.org\/2020\/wp-content\/uploads\/2020\/05\/banner-sopro-ao-vivo-2-800x258.jpg 800w, https:\/\/mitsp.org\/2020\/wp-content\/uploads\/2020\/05\/banner-sopro-ao-vivo-2.jpg 1000w\" sizes=\"(max-width: 1000px) 100vw, 1000px\" \/><\/p>\n<p><strong>S\u00e3o Paulo, maio de 2020 \u2013 <\/strong>Os amantes do teatro poder\u00e3o assistir, gratuitamente, o espet\u00e1culo <a href=\"https:\/\/mitsp.org\/2020\/sopro\/\"><strong><em>Sopro<\/em><\/strong><\/a>, de Tiago Rodrigues, no canal do YouTube do Centro Cultural Fiesp (CCF), no per\u00edodo de 1\u00ba e 7 de junho. A pe\u00e7a fazia parte da programa\u00e7\u00e3o da 7<sup>a<\/sup> edi\u00e7\u00e3o da MITsp &#8211; Mostra Internacional de Teatro de S\u00e3o Paulo, mas teve sua apresenta\u00e7\u00e3o cancelada em decorr\u00eancia da pandemia da Covid-19. Como op\u00e7\u00e3o em tempos de Coronav\u00edrus, o SESI-SP disponibiliza o espet\u00e1culo na \u00edntegra e convida o diretor Tiago Rodrigues para um bate-papo ao vivo com os espectadores, com media\u00e7\u00e3o do cr\u00edtico teatral Daniel Toledo, no dia 6 de junho, \u00e0s 17h, no Youtube e Facebook do Centro Cultural Fiesp.<\/p>\n<p>Um dos espet\u00e1culos mais aguardados deste ano na mostra, <a href=\"https:\/\/mitsp.org\/2020\/sopro\/\"><strong><em>Sopro<\/em><\/strong> <\/a>teve sua primeira apresenta\u00e7\u00e3o em 2017 \u2013 e com grande sucesso &#8211; no Festival d&#8217;Avignon, na Fran\u00e7a. \u00a0A pe\u00e7a trata da trajet\u00f3ria de Cristina Vidal, que h\u00e1 quase 30 anos trabalha como \u201cponto\u201d (a pessoa que sopra as falas para atores que se esquecem do texto) no Teatro Nacional D. Maria II. Na trama, cl\u00e1ssicos da dramaturgia, de Tch\u00e9khov, Racine ou Moli\u00e8re, se misturam a mem\u00f3rias e hist\u00f3rias de Cristina. Uma homenagem ao teatro e seus bastidores.<\/p>\n<p>\u201c<em>Com uma ideia original muito bem concretizada, a caminhar, como o ponto, entre a sombra e a luz, e um elenco escolhido a dedo, esta proposta, de grande equil\u00edbrio entre drama e humor, atinge momentos quase po\u00e9ticos, irretoc\u00e1veis e raros\u201d<\/em>, escreveu Gisela Pissarra para a revista semanal S\u00e1bado, de Portugal.<\/p>\n<h3>Confira a programa\u00e7\u00e3o:<\/h3>\n<p>Sopro (2017) | Dura\u00e7\u00e3o: 1h45 | Recomenda\u00e7\u00e3o: 12 anos |<\/p>\n<p><strong>De 1\u00ba e 7 de junho<\/strong> &#8211; Na \u00edntegra, no <a href=\"https:\/\/www.youtube.com\/c\/CentroCulturalFiesp\" target=\"_blank\" rel=\"noopener noreferrer\"><strong>Youtube do CCF<\/strong><\/a> e no <a href=\"https:\/\/www.facebook.com\/centroculturalfiesp\" target=\"_blank\" rel=\"noopener noreferrer\"><strong>Facebook do CCF<\/strong><\/a> .<\/p>\n<p><strong>Dia 6 de junho, \u00e0s 17h<\/strong> &#8211; Live com Tiago Rodrigues no <a href=\"https:\/\/www.youtube.com\/c\/CentroCulturalFiesp\" target=\"_blank\" rel=\"noopener noreferrer\"><strong>Youtube do CCF<\/strong> <\/a>e no <a href=\"https:\/\/www.facebook.com\/centroculturalfiesp\" target=\"_blank\" rel=\"noopener noreferrer\"><strong>Facebook do CCF<\/strong><\/a>.<\/p>\n<p>&nbsp;<\/p>\n<p><strong>Tiago Rodrigues | Artista em foco da 7\u00aa edi\u00e7\u00e3o da MITsp<\/strong><\/p>\n<p>Na edi\u00e7\u00e3o de 2020, entre os artistas internacionais, o diretor e dramaturgo portugu\u00eas <a href=\"https:\/\/mitsp.org\/2020\/entrevista-com-thiago-rodrigues\/\"><strong>Tiago Rodrigues <\/strong><\/a>foi o<a href=\"https:\/\/mitsp.org\/2020\/entrevista-publica-com-tiago-rodrigues\/\"><strong> Artista em Foco<\/strong><\/a>. Um dos nomes em crescente ascens\u00e3o da cena cultural europeia e vencedor do XV Pr\u00eamio Europa Realidades Teatrais em 2018, Rodrigues apresentou <a href=\"https:\/\/mitsp.org\/2020\/by-heart\/\"><strong><em>By Heart<\/em> <\/strong><\/a>no Teatro FAAP, mas <a href=\"https:\/\/mitsp.org\/2020\/sopro\/\"><strong><em>Sopro<\/em><\/strong><\/a>, programado para os dias finais da mostra, n\u00e3o conseguiu se apresentar porque o Teatro Sesi SP fechou suas depend\u00eancias em decorr\u00eancia da pandemia do COVID-19<strong>.<\/strong><\/p>\n<p>Ator, diretor e dramaturgo, Tiago Rodrigues \u00e9 o diretor art\u00edstico do Teatro Nacional D. Maria II, em Lisboa, desde 2015. Um dos nomes em crescente ascens\u00e3o da cena cultural europeia, Rodrigues coloca o teatro como um local de encontro e partilha de ideias. Ganhou destaque por colocar em cena espet\u00e1culos que transitam entre a realidade e a fantasia, com grande sofistica\u00e7\u00e3o po\u00e9tica e de pensamento.<\/p>\n","protected":false},"excerpt":{"rendered":"<p>Sopro, programado para estrear no Brasil em mar\u00e7o deste ano, teve canceladas suas sess\u00f5es em [&hellip;]<\/p>\n","protected":false},"author":1,"featured_media":10327,"comment_status":"closed","ping_status":"open","sticky":false,"template":"","format":"standard","meta":{"_links_to":"","_links_to_target":""},"categories":[170],"tags":[],"yst_prominent_words":[],"acf":{"synopsis":"","age_restriction":"0","duration":"","director":"","teaser_url":"","payment_type":"free","purchase_url":"","places":false,"activities":"","payment_info":"","live":false},"_links":{"self":[{"href":"https:\/\/mitsp.org\/2020\/wp-json\/wp\/v2\/posts\/10324"}],"collection":[{"href":"https:\/\/mitsp.org\/2020\/wp-json\/wp\/v2\/posts"}],"about":[{"href":"https:\/\/mitsp.org\/2020\/wp-json\/wp\/v2\/types\/post"}],"author":[{"embeddable":true,"href":"https:\/\/mitsp.org\/2020\/wp-json\/wp\/v2\/users\/1"}],"replies":[{"embeddable":true,"href":"https:\/\/mitsp.org\/2020\/wp-json\/wp\/v2\/comments?post=10324"}],"version-history":[{"count":0,"href":"https:\/\/mitsp.org\/2020\/wp-json\/wp\/v2\/posts\/10324\/revisions"}],"wp:featuredmedia":[{"embeddable":true,"href":"https:\/\/mitsp.org\/2020\/wp-json\/wp\/v2\/media\/10327"}],"wp:attachment":[{"href":"https:\/\/mitsp.org\/2020\/wp-json\/wp\/v2\/media?parent=10324"}],"wp:term":[{"taxonomy":"category","embeddable":true,"href":"https:\/\/mitsp.org\/2020\/wp-json\/wp\/v2\/categories?post=10324"},{"taxonomy":"post_tag","embeddable":true,"href":"https:\/\/mitsp.org\/2020\/wp-json\/wp\/v2\/tags?post=10324"},{"taxonomy":"yst_prominent_words","embeddable":true,"href":"https:\/\/mitsp.org\/2020\/wp-json\/wp\/v2\/yst_prominent_words?post=10324"}],"curies":[{"name":"wp","href":"https:\/\/api.w.org\/{rel}","templated":true}]}}