{"id":10263,"date":"2020-05-19T12:41:08","date_gmt":"2020-05-19T15:41:08","guid":{"rendered":"https:\/\/mitsp.org\/2020\/?p=10263"},"modified":"2020-05-19T16:56:45","modified_gmt":"2020-05-19T19:56:45","slug":"mitsp-apresenta-espetaculos-da-mitbr-em-formato-online","status":"publish","type":"post","link":"https:\/\/mitsp.org\/2020\/mitsp-apresenta-espetaculos-da-mitbr-em-formato-online\/","title":{"rendered":"MITsp apresenta espet\u00e1culos da MITbr em formato online"},"content":{"rendered":"<p><div class=\"fusion-fullwidth fullwidth-box fusion-builder-row-1 nonhundred-percent-fullwidth non-hundred-percent-height-scrolling\" style=\"background-color: rgba(255,255,255,0);background-position: center center;background-repeat: no-repeat;padding-top:0px;padding-right:0px;padding-bottom:0px;padding-left:0px;margin-bottom: 0px;margin-top: 0px;border-width: 0px 0px 0px 0px;border-color:#eae9e9;border-style:solid;\" ><div class=\"fusion-builder-row fusion-row\"><div class=\"fusion-layout-column fusion_builder_column fusion-builder-column-0 fusion_builder_column_1_1 1_1 fusion-one-full fusion-column-first fusion-column-last fusion-column-no-min-height\" style=\"margin-top:0px;margin-bottom:30px;\"><div class=\"fusion-column-wrapper fusion-flex-column-wrapper-legacy\" style=\"background-position:left top;background-repeat:no-repeat;-webkit-background-size:cover;-moz-background-size:cover;-o-background-size:cover;background-size:cover;padding: 0px 0px 0px 0px;\"><div class=\"fusion-text fusion-text-1\"><p><img class=\"size-full wp-image-10291 aligncenter\" src=\"https:\/\/mitsp.org\/2020\/wp-content\/uploads\/2020\/05\/banner-mitbr-ao-vivo02.jpg\" alt=\"\" width=\"1000\" height=\"323\" srcset=\"https:\/\/mitsp.org\/2020\/wp-content\/uploads\/2020\/05\/banner-mitbr-ao-vivo02-200x65.jpg 200w, https:\/\/mitsp.org\/2020\/wp-content\/uploads\/2020\/05\/banner-mitbr-ao-vivo02-300x97.jpg 300w, https:\/\/mitsp.org\/2020\/wp-content\/uploads\/2020\/05\/banner-mitbr-ao-vivo02-400x129.jpg 400w, https:\/\/mitsp.org\/2020\/wp-content\/uploads\/2020\/05\/banner-mitbr-ao-vivo02-600x194.jpg 600w, https:\/\/mitsp.org\/2020\/wp-content\/uploads\/2020\/05\/banner-mitbr-ao-vivo02-768x248.jpg 768w, https:\/\/mitsp.org\/2020\/wp-content\/uploads\/2020\/05\/banner-mitbr-ao-vivo02-800x258.jpg 800w, https:\/\/mitsp.org\/2020\/wp-content\/uploads\/2020\/05\/banner-mitbr-ao-vivo02.jpg 1000w\" sizes=\"(max-width: 1000px) 100vw, 1000px\" \/><\/p>\n<p>A SMC &#8211; Secretaria Municipal de Cultura apresenta em formato online tr\u00eas espet\u00e1culos da MITbr &#8211; Plataforma Brasil que n\u00e3o puderam ser exibidos nos equipamentos da prefeitura, fechados no dia 13 de mar\u00e7o em fun\u00e7\u00e3o da pandemia.<\/p>\n<p><a href=\"https:\/\/mitsp.org\/2020\/entrelinhas\/\"><b><i>Entrelinhas<\/i><\/b><\/a>, do Coletivo Ponto Art (BA), <a href=\"https:\/\/mitsp.org\/2020\/recolon\/\"><b><i>Recolon<\/i><\/b><\/a>, do Coletivo Mona (AM), e <a href=\"https:\/\/mitsp.org\/2020\/treta\/\"><b><i>tReta<\/i><\/b><\/a>, do Original Bomber Crew (PI), ter\u00e3o seus espet\u00e1culos exibidos na \u00edntegra no canal do <a href=\"https:\/\/www.youtube.com\/smcsaopaulo\">YouTube da SMC (\/smcsaopaulo)<\/a>, de 22 a 28 de maio de 2020.<\/p>\n<p>Ainda ser\u00e3o realizadas lives, para tratar das pesquisas que nortearam os trabalhos, com int\u00e9rpretes e equipes de cria\u00e7\u00e3o desses espet\u00e1culos e tamb\u00e9m com artistas de outras duas montagens da MITbr: o solo <a href=\"https:\/\/mitsp.org\/2020\/violento\/\"><b><i>violento.<\/i><\/b><\/a><b>,<\/b> de Preto Amparo, Alexandre de Sena, Grazi Medrado e Pablo Bernardo (MG), e <a href=\"https:\/\/mitsp.org\/2020\/zoo\/\"><b><i>ZOO<\/i><\/b><\/a>, do grupo Macaquinhos (SP).<\/p>\n<p>As conversas ser\u00e3o transmitidas nos perfis dos teatros da Prefeitura de S\u00e3o Paulo (de 21 a 31 de maio) e ter\u00e3o as participa\u00e7\u00f5es de Alejandro Ahmed, Grace Pass\u00f4 e Francis Wilker, curadores da MITbr.<\/p>\n<h3 style=\"text-align: center;\">Veja abaixo a rela\u00e7\u00e3o das <span style=\"color: #ff0000;\">LIVES<\/span><\/h3>\n<h5 style=\"text-align: center;\">Exibidas nas respectivas redes sociais dos Teatros da Prefeitura<\/h5>\n<\/div><div class=\"fusion-clearfix\"><\/div><\/div><\/div><\/div><\/div><div class=\"fusion-fullwidth fullwidth-box fusion-builder-row-2 hundred-percent-fullwidth non-hundred-percent-height-scrolling fusion-equal-height-columns\" style=\"background-color: rgba(255,255,255,0);background-position: center center;background-repeat: no-repeat;padding-top:0px;padding-right:8%;padding-bottom:0px;padding-left:8%;margin-bottom: 0px;margin-top: 0px;border-width: 0px 0px 0px 0px;border-color:#eae9e9;border-style:solid;\" ><div class=\"fusion-builder-row fusion-row\"><div class=\"fusion-layout-column fusion_builder_column fusion-builder-column-1 fusion_builder_column_1_5 1_5 fusion-one-fifth fusion-column-first\" style=\"width:20%;width:calc(20% - ( ( 4% + 4% + 4% + 4% ) * 0.2 ) );margin-right: 4%;margin-top:0px;margin-bottom:20px;\"><div class=\"fusion-column-wrapper fusion-flex-column-wrapper-legacy\" style=\"background-position:left top;background-repeat:no-repeat;-webkit-background-size:cover;-moz-background-size:cover;-o-background-size:cover;background-size:cover;border:2px solid #dddddd;padding: 15px 15px 15px 15px;\"><div class=\"fusion-text fusion-text-2\"><p><span style=\"color: #ff0000;\"><strong>LIVE<\/strong><\/span><a href=\"https:\/\/mitsp.org\/2020\/zoo\/\"><strong> ZOO<\/strong> <\/a><\/p>\n<p><strong>Quando<\/strong>: 23\/5, \u00e0s 21h, e 24\/5, \u00e0s 18h<\/p>\n<p><strong>Teatro Jo\u00e3o Caetano:<\/strong><br \/>\n@teatrojoaocaetanosp<\/p>\n<p><strong>Convidado:<\/strong> Alejandro Ahmed<\/p>\n<\/div><div class=\"fusion-clearfix\"><\/div><\/div><\/div><div class=\"fusion-layout-column fusion_builder_column fusion-builder-column-2 fusion_builder_column_1_5 1_5 fusion-one-fifth\" style=\"width:20%;width:calc(20% - ( ( 4% + 4% + 4% + 4% ) * 0.2 ) );margin-right: 4%;margin-top:0px;margin-bottom:20px;\"><div class=\"fusion-column-wrapper fusion-flex-column-wrapper-legacy\" style=\"background-position:left top;background-repeat:no-repeat;-webkit-background-size:cover;-moz-background-size:cover;-o-background-size:cover;background-size:cover;border:2px solid #dddddd;padding: 15px 15px 15px 15px;\"><div class=\"fusion-text fusion-text-3\"><p><span style=\"color: #ff0000;\"><strong>LIVE<\/strong><\/span><a href=\"https:\/\/mitsp.org\/2020\/entrelinhas\/\"><strong> Entrelinhas<\/strong> <\/a><\/p>\n<p><strong>Quando<\/strong>: 21 e 22\/5, \u00e0s 20h<\/p>\n<p><strong>Teatro Cacilda Becker:<\/strong><br \/>\n@teatrocacildabecker<\/p>\n<p><strong>Convidada<\/strong>: Grace Pass\u00f4<\/p>\n<\/div><div class=\"fusion-clearfix\"><\/div><\/div><\/div><div class=\"fusion-layout-column fusion_builder_column fusion-builder-column-3 fusion_builder_column_1_5 1_5 fusion-one-fifth\" style=\"width:20%;width:calc(20% - ( ( 4% + 4% + 4% + 4% ) * 0.2 ) );margin-right: 4%;margin-top:0px;margin-bottom:20px;\"><div class=\"fusion-column-wrapper fusion-flex-column-wrapper-legacy\" style=\"background-position:left top;background-repeat:no-repeat;-webkit-background-size:cover;-moz-background-size:cover;-o-background-size:cover;background-size:cover;border:2px solid #dddddd;padding: 15px 15px 15px 15px;\"><div class=\"fusion-text fusion-text-4\"><p><span style=\"color: #ff0000;\"><strong>LIVE<\/strong><\/span><a href=\"https:\/\/mitsp.org\/2020\/treta\/\"><strong> tReta<\/strong> <\/a><\/p>\n<p><strong>Quando<\/strong>: 22\/5, \u00e0s 21h, e 24\/5, \u00e0s 19h<\/p>\n<p><strong>Teatro Arthur de Azevedo:<br \/>\n<\/strong>@teatroarthurazevedosp<\/p>\n<p><strong>Convidado<\/strong>: Alejandro Ahmed<\/p>\n<\/div><div class=\"fusion-clearfix\"><\/div><\/div><\/div><div class=\"fusion-layout-column fusion_builder_column fusion-builder-column-4 fusion_builder_column_1_5 1_5 fusion-one-fifth\" style=\"width:20%;width:calc(20% - ( ( 4% + 4% + 4% + 4% ) * 0.2 ) );margin-right: 4%;margin-top:0px;margin-bottom:20px;\"><div class=\"fusion-column-wrapper fusion-flex-column-wrapper-legacy\" style=\"background-position:left top;background-repeat:no-repeat;-webkit-background-size:cover;-moz-background-size:cover;-o-background-size:cover;background-size:cover;border:2px solid #dddddd;padding: 15px 15px 15px 15px;\"><div class=\"fusion-text fusion-text-5\"><p><span style=\"color: #ff0000;\"><strong>LIVE<\/strong><\/span><a href=\"https:\/\/mitsp.org\/2020\/violento\/\"><strong> violento<\/strong><\/a>.<\/p>\n<p><strong>Quando<\/strong>: 29\/5, \u00e0s 21h<\/p>\n<p><strong>Teatro Alfredo Mesquita:<br \/>\n<\/strong>\u00a0@teatroalfredomesquita<\/p>\n<p><strong>Convidada<\/strong>: Grace Pass\u00f4<\/p>\n<\/div><div class=\"fusion-clearfix\"><\/div><\/div><\/div><div class=\"fusion-layout-column fusion_builder_column fusion-builder-column-5 fusion_builder_column_1_5 1_5 fusion-one-fifth fusion-column-last\" style=\"width:20%;width:calc(20% - ( ( 4% + 4% + 4% + 4% ) * 0.2 ) );margin-top:0px;margin-bottom:20px;\"><div class=\"fusion-column-wrapper fusion-flex-column-wrapper-legacy\" style=\"background-position:left top;background-repeat:no-repeat;-webkit-background-size:cover;-moz-background-size:cover;-o-background-size:cover;background-size:cover;border:2px solid #dddddd;padding: 15px 15px 15px 15px;\"><div class=\"fusion-text fusion-text-6\"><p><span style=\"color: #ff0000;\"><strong>LIVE<\/strong><\/span><a href=\"https:\/\/mitsp.org\/2020\/recolon\/\"><strong> Recolon<\/strong> <\/a><\/p>\n<p><strong>Quando<\/strong>: 30\/5, \u00e0s 21h, e 31\/5, \u00e0s 19h<\/p>\n<p><strong>Teatro Paulo Eir\u00f3<\/strong>:<br \/>\n@teatropauloeirosp no IG e \/teatropauloeiro no FB<\/p>\n<p><strong>Convidado<\/strong>: Francis Wilker<\/p>\n<\/div><div class=\"fusion-clearfix\"><\/div><\/div><\/div><\/div><\/div><div class=\"fusion-fullwidth fullwidth-box fusion-builder-row-3 nonhundred-percent-fullwidth non-hundred-percent-height-scrolling\" style=\"background-color: rgba(255,255,255,0);background-position: center center;background-repeat: no-repeat;padding-top:0px;padding-right:0px;padding-bottom:0px;padding-left:0px;margin-bottom: 0px;margin-top: 0px;border-width: 0px 0px 0px 0px;border-color:#eae9e9;border-style:solid;\" ><div class=\"fusion-builder-row fusion-row\"><div class=\"fusion-layout-column fusion_builder_column fusion-builder-column-6 fusion_builder_column_1_1 1_1 fusion-one-full fusion-column-first fusion-column-last fusion-column-no-min-height\" style=\"margin-top:20px;margin-bottom:20px;\"><div class=\"fusion-column-wrapper fusion-flex-column-wrapper-legacy\" style=\"background-position:left top;background-repeat:no-repeat;-webkit-background-size:cover;-moz-background-size:cover;-o-background-size:cover;background-size:cover;padding: 0px 0px 0px 0px;\"><div class=\"fusion-text fusion-text-7\"><h3 style=\"text-align: center;\"><strong>A MITsp de 2020<\/strong><\/h3>\n<p>A MITsp &#8211; Mostra Internacional de Teatro de S\u00e3o Paulo foi realizada de 5 a 15 de mar\u00e7o de 2020, numa programa\u00e7\u00e3o que reunia 13 espet\u00e1culos internacionais; 2 espet\u00e1culos especiais (um nacional e um internacional); e 13 espet\u00e1culos na MITbr &#8211; Plataforma Brasil \u2013 76 programadores de festivais (27 nacionais e 49 internacionais, envolvendo 22 pa\u00edses) foram convidados a assistir \u00e0 sele\u00e7\u00e3o nacional.<\/p>\n<p>Essa grade consolidaria 70 sess\u00f5es, entre espet\u00e1culos e performances. Foram planejadas cerca de 80 atividades nos eixos A\u00e7\u00f5es Pedag\u00f3gicas e Olhares Cr\u00edticos, todas gratuitas, com mais de 100 artistas e pensadores convidados, em 25 espa\u00e7os espalhados pela cidade, al\u00e9m dos 8 eventos especiais. Apesar do momento cr\u00edtico que tangenciou a mostra a partir do dia 13 de mar\u00e7o, a MITsp apresentou 22 espet\u00e1culos, entre nacionais e internacionais, e executou integralmente a programa\u00e7\u00e3o dos eixos A\u00e7\u00f5es Pedag\u00f3gicas e Olhares Cr\u00edticos com suas 80 atividades.<\/p>\n<p>Em decorr\u00eancia da pandemia da Covid-19, os teatros municipais de S\u00e3o Paulo e o Teatro Sesi SP foram fechados no dia 13 de mar\u00e7o, o que acarretou o cancelamento de alguns espet\u00e1culos da MITsp, em especial os da MITbr &#8211; Plataforma Brasil. \u00c9 com a inten\u00e7\u00e3o de concluir o ciclo de 2020 que nasce essa a\u00e7\u00e3o conjunta da MITsp com a Secretaria Municipal de Cultura: lives com os artistas e a apresenta\u00e7\u00e3o em formato online dos espet\u00e1culos que n\u00e3o puderam ser realizados no per\u00edodo da mostra.<\/p>\n<\/div><div class=\"fusion-clearfix\"><\/div><\/div><\/div><\/div><\/div><\/p>\n","protected":false},"excerpt":{"rendered":"","protected":false},"author":1,"featured_media":10291,"comment_status":"closed","ping_status":"open","sticky":false,"template":"","format":"standard","meta":{"_links_to":"","_links_to_target":""},"categories":[170],"tags":[],"yst_prominent_words":[],"acf":{"synopsis":"","age_restriction":"0","duration":"","director":"","teaser_url":"","payment_type":"free","purchase_url":"","places":false,"activities":"","payment_info":"","live":false},"_links":{"self":[{"href":"https:\/\/mitsp.org\/2020\/wp-json\/wp\/v2\/posts\/10263"}],"collection":[{"href":"https:\/\/mitsp.org\/2020\/wp-json\/wp\/v2\/posts"}],"about":[{"href":"https:\/\/mitsp.org\/2020\/wp-json\/wp\/v2\/types\/post"}],"author":[{"embeddable":true,"href":"https:\/\/mitsp.org\/2020\/wp-json\/wp\/v2\/users\/1"}],"replies":[{"embeddable":true,"href":"https:\/\/mitsp.org\/2020\/wp-json\/wp\/v2\/comments?post=10263"}],"version-history":[{"count":0,"href":"https:\/\/mitsp.org\/2020\/wp-json\/wp\/v2\/posts\/10263\/revisions"}],"wp:featuredmedia":[{"embeddable":true,"href":"https:\/\/mitsp.org\/2020\/wp-json\/wp\/v2\/media\/10291"}],"wp:attachment":[{"href":"https:\/\/mitsp.org\/2020\/wp-json\/wp\/v2\/media?parent=10263"}],"wp:term":[{"taxonomy":"category","embeddable":true,"href":"https:\/\/mitsp.org\/2020\/wp-json\/wp\/v2\/categories?post=10263"},{"taxonomy":"post_tag","embeddable":true,"href":"https:\/\/mitsp.org\/2020\/wp-json\/wp\/v2\/tags?post=10263"},{"taxonomy":"yst_prominent_words","embeddable":true,"href":"https:\/\/mitsp.org\/2020\/wp-json\/wp\/v2\/yst_prominent_words?post=10263"}],"curies":[{"name":"wp","href":"https:\/\/api.w.org\/{rel}","templated":true}]}}